{"id":48221,"date":"2026-09-01T19:39:11","date_gmt":"2026-09-01T22:39:11","guid":{"rendered":"https:\/\/ipatingafc.com.br\/index.php\/2026\/09\/01\/cet-rio-monta-operacao-de-transito-para-jogo-flamengo-x-mirassol-no-maracana-prefeitura-da-cidade-do-rio-de-janeiro\/"},"modified":"2026-09-01T19:39:11","modified_gmt":"2026-09-01T22:39:11","slug":"cet-rio-monta-operacao-de-transito-para-jogo-flamengo-x-mirassol-no-maracana-prefeitura-da-cidade-do-rio-de-janeiro","status":"publish","type":"post","link":"https:\/\/ipatingafc.com.br\/index.php\/2026\/09\/01\/cet-rio-monta-operacao-de-transito-para-jogo-flamengo-x-mirassol-no-maracana-prefeitura-da-cidade-do-rio-de-janeiro\/","title":{"rendered":"CET-Rio monta opera\u00e7\u00e3o de tr\u00e2nsito para jogo Flamengo x Mirassol, no Maracan\u00e3 &#8211; Prefeitura da Cidade do Rio de Janeiro"},"content":{"rendered":"<p><\/p>\n<div wp_automatic_readability=\"100.62667191188\">\n<div class=\"image-post\" wp_automatic_readability=\"33\">\n                     Vias do entorno do est\u00e1dio ser\u00e3o interditadas para a realiza\u00e7\u00e3o da partida pelo Campeonato Brasileiro. Arte: CET-Rio                  <\/div>\n<p>A CET-Rio montou uma opera\u00e7\u00e3o especial de tr\u00e2nsito para a realiza\u00e7\u00e3o da partida entre Flamengo e Mirassol, que acontece na quarta-feira (2\/9), \u00e0s 19h30, no Est\u00e1dio Jornalista M\u00e1rio Filho (Maracan\u00e3). Para viabilizar o evento esportivo, diversas vias do entorno do est\u00e1dio ser\u00e3o interditadas ao tr\u00e1fego de ve\u00edculos a partir das 17h30.<\/p>\n<p>A opera\u00e7\u00e3o contar\u00e1 com equipes da CET-Rio e da Guarda Municipal, al\u00e9m de apoiadores de tr\u00e1fego, para garantir a seguran\u00e7a vi\u00e1ria e a fluidez do tr\u00e2nsito durante a realiza\u00e7\u00e3o da partida.<\/p>\n<p>T\u00e9cnicos da CET-Rio, no Centro de Opera\u00e7\u00f5es e Resili\u00eancia (COR-Rio), ir\u00e3o monitorar toda a movimenta\u00e7\u00e3o do tr\u00e2nsito por meio das c\u00e2meras para que, se necess\u00e1rio, sejam feitos ajustes na programa\u00e7\u00e3o semaf\u00f3rica, com o objetivo de garantir as boas condi\u00e7\u00f5es vi\u00e1rias.<\/p>\n<p>\u00a0<\/p>\n<p><strong>Interdi\u00e7\u00e3o<\/strong><\/p>\n<p>\u00a0<\/p>\n<p><strong>Das 17h30 \u00e0s 23h30<\/strong><\/p>\n<p>\u2013 Rua Professor Eurico Rabelo, em toda sua extens\u00e3o;<\/p>\n<p>\u2013 Rua Visconde de Itamarati, no trecho compreendido entre a Rua S\u00e3o Francisco Xavier e a Rua Professor Eurico Rabelo;<\/p>\n<p>\u2013 Rua Isidro de Figueiredo, em toda sua extens\u00e3o;<\/p>\n<p>\u2013 Rua Artur Menezes, em toda sua extens\u00e3o;<\/p>\n<p>\u2013 Rua Conselheiro Oleg\u00e1rio, em toda sua extens\u00e3o;<\/p>\n<p>\u2013 Avenida Maracan\u00e3, sentido Centro, entre a Rua S\u00e3o Francisco Xavier e a Rua Mata Machado;<\/p>\n<p>\u2013 Avenida Rei Pel\u00e9 (Radial Oeste), pista sentido Centro, 2 faixas de rolamento no trecho entre o entroncamento com a Avenida Professor Manoel de Abreu \u2013 Centro e a Aldeia Maracan\u00e3\/Museu do \u00cdndio;<\/p>\n<p>\u2013\u00a0 Avenida Professor Manoel de Abreu \u2013 Centro, entre a Rua S\u00e3o Francisco Xavier e a Rua Professor Eurico Rabelo.<\/p>\n<p>\u00a0<\/p>\n<p><strong>Das 20h30 \u00e0s 23h30<\/strong><\/p>\n<p>\u2013 Viaduto Oduvaldo Cozzi, em todos os acessos \u00e0 Avenida Maracan\u00e3;<\/p>\n<p>\u2013 Al\u00e7a de acesso da Avenida Rei Pel\u00e9 para a Avenida Maracan\u00e3, logo ap\u00f3s a Aldeia Maracan\u00e3\/Museu do \u00cdndio;<\/p>\n<p>\u2013 Rua Mata Machado, entre a Avenida Paula Sousa e a Avenida Maracan\u00e3.<\/p>\n<p>\u2013 Avenida Maracan\u00e3, sentido Tijuca, entre a Rua Mata Machado e a Rua S\u00e3o Francisco Xavier<\/p>\n<p>\u00a0<\/p>\n<p><strong>Invers\u00e3o de sentido<\/strong><\/p>\n<p>Das 17h30 \u00e0s 20h30, ser\u00e1 invertido o sentido de circula\u00e7\u00e3o de uma faixa de rolamento da Rua Professor Eurico Rabelo, no trecho entre a Avenida Professor Manoel de Abreu e o Port\u00e3o 11B do Complexo Esportivo do Maracan\u00e3, no sentido da primeira para a segunda via.<\/p>\n<p>\u00a0<\/p>\n<p>\u00a0<\/p>\n<p><strong>M\u00e3o dupla<\/strong><\/p>\n<p>Das 17h30 \u00e0s 23h30, ser\u00e1 implantado regime de m\u00e3o dupla de dire\u00e7\u00e3o nas seguintes vias:<\/p>\n<p>\u2013 Rua Visconde de Itamarati, entre a Rua S\u00e3o Francisco Xavier e a Rua Professor Eurico Rabelo;<\/p>\n<p>\u2013 Rua Isidro de Figueiredo, toda extens\u00e3o.<\/p>\n<p>\u00a0<\/p>\n<p>\u00a0<\/p>\n<p><strong>Proibi\u00e7\u00e3o de estacionamento<\/strong><\/p>\n<p>Das 10h \u00e0s 20h, ser\u00e1 proibido o estacionamento de ve\u00edculos nas seguintes vias:<\/p>\n<p>\u2013 Avenida Paula Sousa, junto ao bordo esquerdo, entre a Rua S\u00e3o Francisco Xavier e a Rua Professor Eurico Rabelo;<\/p>\n<p>\u2013 Rua Professor Eurico Rabelo, toda extens\u00e3o;<\/p>\n<p>\u2013 Rua Visconde de Itamarati, entre a Rua S\u00e3o Francisco Xavier e a Rua Professor Eurico Rabelo;<\/p>\n<p>\u2013 Rua Isidro de Figueiredo, toda extens\u00e3o;<\/p>\n<p>\u2013 Rua Artur Menezes, toda extens\u00e3o;<\/p>\n<p>\u2013 Rua Conselheiro Oleg\u00e1rio, toda extens\u00e3o.<\/p>\n<p>             <!-- Compartilhe ---><\/p>\n<p>\t\t\t <!-- TAGS --><\/p>\n<section class=\"category-tags\">\n<div class=\"marcacao-category\">\n<article class=\"category-post\">\n<p>Categoria: <\/p>\n<\/article>\n<li>1 de setembro de 2026<\/li><\/div>\n<article class=\"tags\">\n\t\t\t\t\tMarca\u00e7\u00f5es: Campeonato Brasileiro Flamengo Maracan\u00e3<br \/><\/article>\n<\/section>\n<p>            <!-- Mais Not&iacute;cias --><\/p>\n<p>\t\t<!-- Conte&uacute;do SIDEBAR --><\/p><\/div>\n","protected":false},"excerpt":{"rendered":"<p>Vias do entorno do est\u00e1dio ser\u00e3o interditadas para a realiza\u00e7\u00e3o da partida pelo Campeonato Brasileiro&#8230;.<\/p>\n","protected":false},"author":2,"featured_media":0,"comment_status":"","ping_status":"","sticky":false,"template":"","format":"standard","meta":{"footnotes":""},"categories":[2],"tags":[],"class_list":["post-48221","post","type-post","status-publish","format-standard","hentry","category-jogos-ao-vivo"],"amp_enabled":true,"_links":{"self":[{"href":"https:\/\/ipatingafc.com.br\/index.php\/wp-json\/wp\/v2\/posts\/48221","targetHints":{"allow":["GET"]}}],"collection":[{"href":"https:\/\/ipatingafc.com.br\/index.php\/wp-json\/wp\/v2\/posts"}],"about":[{"href":"https:\/\/ipatingafc.com.br\/index.php\/wp-json\/wp\/v2\/types\/post"}],"author":[{"embeddable":true,"href":"https:\/\/ipatingafc.com.br\/index.php\/wp-json\/wp\/v2\/users\/2"}],"replies":[{"embeddable":true,"href":"https:\/\/ipatingafc.com.br\/index.php\/wp-json\/wp\/v2\/comments?post=48221"}],"version-history":[{"count":0,"href":"https:\/\/ipatingafc.com.br\/index.php\/wp-json\/wp\/v2\/posts\/48221\/revisions"}],"wp:attachment":[{"href":"https:\/\/ipatingafc.com.br\/index.php\/wp-json\/wp\/v2\/media?parent=48221"}],"wp:term":[{"taxonomy":"category","embeddable":true,"href":"https:\/\/ipatingafc.com.br\/index.php\/wp-json\/wp\/v2\/categories?post=48221"},{"taxonomy":"post_tag","embeddable":true,"href":"https:\/\/ipatingafc.com.br\/index.php\/wp-json\/wp\/v2\/tags?post=48221"}],"curies":[{"name":"wp","href":"https:\/\/api.w.org\/{rel}","templated":true}]}}