{"id":48229,"date":"2026-09-01T20:40:16","date_gmt":"2026-09-01T23:40:16","guid":{"rendered":"https:\/\/ipatingafc.com.br\/index.php\/2026\/09\/01\/filha-de-juliano-cazarre-e-internada-novamente-e-mae-pede-oracoes\/"},"modified":"2026-09-01T20:40:16","modified_gmt":"2026-09-01T23:40:16","slug":"filha-de-juliano-cazarre-e-internada-novamente-e-mae-pede-oracoes","status":"publish","type":"post","link":"https:\/\/ipatingafc.com.br\/index.php\/2026\/09\/01\/filha-de-juliano-cazarre-e-internada-novamente-e-mae-pede-oracoes\/","title":{"rendered":"Filha de Juliano Cazarr\u00e9 \u00e9 internada novamente e m\u00e3e pede ora\u00e7\u00f5es"},"content":{"rendered":"<p><\/p>\n<div>\n<p><strong>Maria Guilhermina, de 4 anos, est\u00e1 internada no CTI ap\u00f3s apresentar gastroenterite, pneumonia e uma infec\u00e7\u00e3o. Menina nasceu com uma rara cardiopatia cong\u00eanita e enfrenta uma rotina de cuidados m\u00e9dicos desde o nascimento.<\/strong><\/p>\n<p>A fam\u00edlia do ator Juliano Cazarr\u00e9 voltou a enfrentar um momento delicado envolvendo a sa\u00fade de Maria Guilhermina, de 4 anos. A menina foi internada novamente e est\u00e1 recebendo cuidados no Centro de Terapia Intensiva (CTI). A situa\u00e7\u00e3o foi revelada por Let\u00edcia Cazarr\u00e9, m\u00e3e da crian\u00e7a, que recorreu \u00e0s redes sociais para pedir ora\u00e7\u00f5es pela recupera\u00e7\u00e3o da filha.<\/p>\n<p>Maria Guilhermina deu entrada no hospital inicialmente ap\u00f3s apresentar um quadro de gastroenterite. Segundo Juliano, a menina possui imunidade baixa em raz\u00e3o de sua condi\u00e7\u00e3o de sa\u00fade e acabou apresentando outras complica\u00e7\u00f5es.<\/p>\n<p>Em uma atualiza\u00e7\u00e3o publicada nas redes sociais, o ator informou que o quadro evoluiu para <strong>pneumonia e uma \u201cinfec\u00e7\u00e3o pesada\u201d<\/strong>. Apesar da gravidade da situa\u00e7\u00e3o, Juliano afirmou que a filha estava est\u00e1vel naquele momento.<\/p>\n<p><strong>Duda Nagle se declara para a namorada e coment\u00e1rio de Sabrina Sato chama aten\u00e7\u00e3o<\/strong><\/p>\n<p><strong>Alexandre Pato volta ao centro de pol\u00eamica ap\u00f3s revela\u00e7\u00e3o sobre antigo relacionamento<\/strong><\/p>\n<h2>Let\u00edcia Cazarr\u00e9 pede ora\u00e7\u00f5es pela filha<\/h2>\n<p>Antes da atualiza\u00e7\u00e3o feita pelo ator, Let\u00edcia j\u00e1 havia contado aos seguidores que Maria Guilhermina precisava permanecer no CTI para receber suporte m\u00e9dico e realizar novos exames.<\/p>\n<p>A m\u00e3e pediu que as pessoas que acompanham a fam\u00edlia se unissem em ora\u00e7\u00e3o pela menina.<\/p>\n<p>\u201cReze com a gente\u201d, foi o apelo feito por Let\u00edcia ao compartilhar a situa\u00e7\u00e3o da filha. Ela tamb\u00e9m destacou a incerteza que envolve uma interna\u00e7\u00e3o em uma unidade de terapia intensiva e pediu para que a recupera\u00e7\u00e3o de Guilhermina seja breve.<\/p>\n<p>O pedido rapidamente mobilizou seguidores, que deixaram mensagens de apoio e ora\u00e7\u00f5es para a fam\u00edlia.<\/p>\n<p><strong>Cau\u00e3 Reymond se emociona e vai \u00e0s l\u00e1grimas ao lembrar de pessoa especial<\/strong><\/p>\n<p><strong>Abalado, Cau\u00e3 Reymond vai \u00e0s l\u00e1grimas ao lamentar triste perda, \u2018Descanse em paz\u2019<\/strong><\/p>\n<h2>Quadro evoluiu rapidamente<\/h2>\n<p>De acordo com Juliano Cazarr\u00e9, Guilhermina chegou ao hospital com gastroenterite, quadro que tamb\u00e9m havia afetado Let\u00edcia. A preocupa\u00e7\u00e3o aumentou porque a crian\u00e7a tem uma condi\u00e7\u00e3o de sa\u00fade complexa e apresenta baixa imunidade.<\/p>\n<p>Durante a interna\u00e7\u00e3o, al\u00e9m da gastroenterite, os m\u00e9dicos identificaram pneumonia e uma infec\u00e7\u00e3o considerada grave pelo ator.<\/p>\n<p>Juliano explicou ainda que a filha precisou receber um <strong>acesso profundo pela jugular<\/strong>, procedimento necess\u00e1rio porque o acesso utilizado anteriormente n\u00e3o era suficiente para administrar todos os medicamentos, soro e demais cuidados necess\u00e1rios.<\/p>\n<p>Em outra atualiza\u00e7\u00e3o, Let\u00edcia informou que exames indicaram a presen\u00e7a de um v\u00edrus agressivo e uma poss\u00edvel infec\u00e7\u00e3o bacteriana. A menina tamb\u00e9m apresentou redu\u00e7\u00e3o na diurese, o que passou a exigir acompanhamento ainda mais cuidadoso da equipe m\u00e9dica.<\/p>\n<h2>Maria Guilhermina nasceu com uma rara cardiopatia<\/h2>\n<p>A hist\u00f3ria de sa\u00fade de Maria Guilhermina \u00e9 acompanhada pelos seguidores de Juliano e Let\u00edcia desde o nascimento da menina.<\/p>\n<p>Guilhermina nasceu em junho de 2022 com <strong>Anomalia de Ebstein<\/strong>, uma rara cardiopatia cong\u00eanita. A condi\u00e7\u00e3o foi identificada ainda durante a gesta\u00e7\u00e3o e fez com que a crian\u00e7a precisasse passar por procedimentos m\u00e9dicos e uma cirurgia card\u00edaca logo ap\u00f3s o nascimento.<\/p>\n<p>Desde ent\u00e3o, a menina enfrentou uma longa rotina de interna\u00e7\u00f5es, tratamentos e cuidados especiais.<\/p>\n<p>A fam\u00edlia costuma compartilhar parte dessa trajet\u00f3ria nas redes sociais, especialmente para mostrar a realidade vivida por uma crian\u00e7a que depende de cuidados m\u00e9dicos constantes.<\/p>\n<h2>Juliano fala sobre o sofrimento da filha<\/h2>\n<p>Ao atualizar os seguidores, Juliano Cazarr\u00e9 tamb\u00e9m fez um desabafo sobre o sofrimento enfrentado pela filha ao longo dos quatro anos de vida.<\/p>\n<p>O ator falou sobre como \u00e9 dif\u00edcil compreender o sofrimento de uma crian\u00e7a e destacou que Guilhermina enfrenta desafios desde que nasceu.<\/p>\n<p>A f\u00e9 voltou a ocupar um lugar importante no discurso do ator. Juliano afirmou que a fam\u00edlia tenta enfrentar o momento com amor e confian\u00e7a, mesmo diante da dificuldade de compreender por que uma crian\u00e7a precisa passar por tantas situa\u00e7\u00f5es complicadas.<\/p>\n<p>\u201c\u00c9 algo muito dif\u00edcil de compreender e aceitar\u201d, afirmou o ator ao falar sobre o sofrimento da filha.<\/p>\n<h2>Fam\u00edlia se reveza no hospital<\/h2>\n<p>Juliano e Let\u00edcia Cazarr\u00e9 est\u00e3o acompanhando Guilhermina durante a interna\u00e7\u00e3o e se revezam nos cuidados com a filha.<\/p>\n<p>Apesar da preocupa\u00e7\u00e3o provocada pela pneumonia e pela infec\u00e7\u00e3o, as informa\u00e7\u00f5es mais recentes divulgadas pela fam\u00edlia indicam que a menina apresentou estabilidade em determinado momento do tratamento. Ela, entretanto, continua necessitando de acompanhamento intensivo.<\/p>\n<p>A fam\u00edlia segue pedindo ora\u00e7\u00f5es e mensagens de apoio pela recupera\u00e7\u00e3o da menina.<\/p>\n<h3>A luta de Guilhermina continua<\/h3>\n<p>A nova interna\u00e7\u00e3o representa mais um cap\u00edtulo na longa trajet\u00f3ria de Maria Guilhermina, que desde o nascimento enfrenta as consequ\u00eancias de uma cardiopatia rara.<\/p>\n<p>Para Juliano e Let\u00edcia, cada interna\u00e7\u00e3o traz novamente a apreens\u00e3o e a necessidade de acompanhar de perto cada evolu\u00e7\u00e3o do quadro.<\/p>\n<p>Neste momento, a fam\u00edlia mant\u00e9m a esperan\u00e7a na recupera\u00e7\u00e3o da menina e agradece o apoio recebido dos seguidores.<\/p>\n<p><strong>Que Maria Guilhermina tenha uma r\u00e1pida recupera\u00e7\u00e3o e que a fam\u00edlia Cazarr\u00e9 encontre for\u00e7a para atravessar mais esse momento dif\u00edcil.<\/strong><\/p>\n<p><strong>Tags:<\/strong> Juliano Cazarr\u00e9, Let\u00edcia Cazarr\u00e9, Maria Guilhermina, filha de Juliano Cazarr\u00e9, interna\u00e7\u00e3o, CTI, pneumonia, infec\u00e7\u00e3o, Anomalia de Ebstein, famosos, celebridades, sa\u00fade<\/p>\n<h2>Let\u00edcia Cazarr\u00e9 quebra o sil\u00eancio ap\u00f3s processo de ex-bab\u00e1 e faz desabafo nas redes sociais<\/h2>\n<p>A influenciadora Let\u00edcia Cazarr\u00e9 voltou a se manifestar publicamente sobre o processo trabalhista movido por uma ex-bab\u00e1 que trabalhou para sua fam\u00edlia. Em meio \u00e0 repercuss\u00e3o do caso, a esposa do ator Juliano Cazarr\u00e9 respondeu perguntas de seguidores nas redes sociais e fez declara\u00e7\u00f5es que rapidamente ganharam destaque na internet.<\/p>\n<p>O caso tem chamado aten\u00e7\u00e3o desde que a ex-funcion\u00e1ria ingressou na Justi\u00e7a com uma s\u00e9rie de acusa\u00e7\u00f5es envolvendo supostas irregularidades trabalhistas e condi\u00e7\u00f5es de trabalho dentro da resid\u00eancia da fam\u00edlia.<\/p>\n<h2>Desabafo nas redes sociais<\/h2>\n<p>Durante uma intera\u00e7\u00e3o com internautas, Let\u00edcia foi questionada sobre sua rela\u00e7\u00e3o com funcion\u00e1rios e decidiu abordar diretamente a pol\u00eamica.<\/p>\n<p>Segundo ela, ao longo de 16 anos empregando colaboradores, nunca havia enfrentado uma situa\u00e7\u00e3o semelhante.<\/p>\n<p>\u201cTenho funcion\u00e1rios h\u00e1 16 anos e \u00e9 a primeira vez que algu\u00e9m sai sem se sentir grato e deixando as portas fechadas\u201d, afirmou.<\/p>\n<p>A influenciadora tamb\u00e9m levantou uma reflex\u00e3o sobre a rela\u00e7\u00e3o entre empregadores e funcion\u00e1rios, questionando se toda pessoa contratada pode ser considerada automaticamente um bom profissional.<\/p>\n<p>A declara\u00e7\u00e3o dividiu opini\u00f5es nas redes sociais e gerou novas discuss\u00f5es sobre o caso.<\/p>\n<h2>O que diz a ex-bab\u00e1?<\/h2>\n<p>Na a\u00e7\u00e3o trabalhista, a ex-funcion\u00e1ria relata uma s\u00e9rie de situa\u00e7\u00f5es que teriam ocorrido durante o per\u00edodo em que trabalhou para a fam\u00edlia.<\/p>\n<p>Entre as alega\u00e7\u00f5es apresentadas est\u00e3o:<\/p>\n<ul>\n<li>Jornadas de trabalho que chegariam a 14 horas di\u00e1rias;<\/li>\n<li>Solicita\u00e7\u00f5es de atividades durante a madrugada;<\/li>\n<li>Parte do sal\u00e1rio paga sem registro formal;<\/li>\n<li>Suposto ass\u00e9dio moral;<\/li>\n<li>Dificuldades para obter atendimento m\u00e9dico ap\u00f3s um problema de sa\u00fade;<\/li>\n<li>Demiss\u00e3o ap\u00f3s reivindica\u00e7\u00f5es relacionadas aos seus direitos trabalhistas.<\/li>\n<\/ul>\n<p>O processo segue em tramita\u00e7\u00e3o e ainda n\u00e3o h\u00e1 decis\u00e3o definitiva da Justi\u00e7a sobre o caso.<\/p>\n<h2>Juliano Cazarr\u00e9 apresentou sua vers\u00e3o<\/h2>\n<p>Nos \u00faltimos dias, Juliano Cazarr\u00e9 tamb\u00e9m decidiu se pronunciar publicamente para rebater as acusa\u00e7\u00f5es.<\/p>\n<p>Segundo o ator, a ex-bab\u00e1 foi contratada formalmente com carteira assinada e remunera\u00e7\u00e3o mensal de R$ 5,5 mil.<\/p>\n<p>De acordo com ele, posteriormente a funcion\u00e1ria teria solicitado que parte dos pagamentos fosse realizada fora da folha de pagamento para reduzir descontos tribut\u00e1rios, situa\u00e7\u00e3o que, segundo o artista, acabou gerando problemas na rela\u00e7\u00e3o profissional.<\/p>\n<p>O ator afirmou ainda que a colaboradora possu\u00eda per\u00edodos de descanso, n\u00e3o era acionada para cuidar das crian\u00e7as durante a madrugada e sempre teve autoriza\u00e7\u00e3o para buscar atendimento m\u00e9dico quando necess\u00e1rio.<\/p>\n<h2>Fam\u00edlia nega irregularidades<\/h2>\n<p>Tanto Let\u00edcia quanto Juliano negam as acusa\u00e7\u00f5es apresentadas pela ex-funcion\u00e1ria.<\/p>\n<p>O casal sustenta que sempre manteve uma rela\u00e7\u00e3o respeitosa com seus colaboradores e afirma que tentou resolver diverg\u00eancias de forma amig\u00e1vel antes que a situa\u00e7\u00e3o chegasse \u00e0 Justi\u00e7a.<\/p>\n<p>Segundo Juliano, a decis\u00e3o de encerrar o v\u00ednculo profissional ocorreu ap\u00f3s dificuldades na rela\u00e7\u00e3o de trabalho e n\u00e3o teria liga\u00e7\u00e3o com reivindica\u00e7\u00f5es trabalhistas.<\/p>\n<h2>Caso segue sob an\u00e1lise judicial<\/h2>\n<p>Enquanto as vers\u00f5es apresentadas pelas partes continuam gerando repercuss\u00e3o nas redes sociais, o processo permanece em an\u00e1lise na Justi\u00e7a do Trabalho.<\/p>\n<p>At\u00e9 que haja uma decis\u00e3o definitiva, as alega\u00e7\u00f5es da ex-bab\u00e1 e as negativas apresentadas por Let\u00edcia e Juliano Cazarr\u00e9 seguem sendo objeto de apura\u00e7\u00e3o judicial.<\/p>\n<p>O caso continua despertando interesse do p\u00fablico e alimentando debates sobre rela\u00e7\u00f5es de trabalho dom\u00e9stico, direitos trabalhistas e os desafios envolvendo conflitos entre empregadores e funcion\u00e1rios.<\/p>\n<p><strong>Tags:<\/strong> Let\u00edcia Cazarr\u00e9, Juliano Cazarr\u00e9, ex-bab\u00e1, processo trabalhista, celebridades, Justi\u00e7a do Trabalho, redes sociais, pol\u00eamica, entretenimento, famosos.<\/p>\n<h2>Juliano Cazarr\u00e9 se pronuncia ap\u00f3s processo movido por ex-bab\u00e1 e rebate acusa\u00e7\u00f5es<\/h2>\n<p>O ator Juliano Cazarr\u00e9 decidiu se manifestar publicamente ap\u00f3s vir \u00e0 tona o processo trabalhista movido por uma ex-bab\u00e1 que trabalhou com sua fam\u00edlia. A a\u00e7\u00e3o judicial envolve alega\u00e7\u00f5es relacionadas \u00e0s condi\u00e7\u00f5es de trabalho, pagamentos salariais e supostos epis\u00f3dios de ass\u00e9dio moral.<\/p>\n<p>Em um v\u00eddeo divulgado em suas redes sociais na sexta-feira (26), o artista apresentou sua vers\u00e3o dos fatos e contestou diversos pontos levantados pela ex-funcion\u00e1ria. Segundo ele, algumas das acusa\u00e7\u00f5es n\u00e3o correspondem \u00e0 realidade vivida durante o per\u00edodo em que a profissional atuou em sua resid\u00eancia.<\/p>\n<h2>Ator admite pagamentos informais<\/h2>\n<p>Durante o pronunciamento, Juliano Cazarr\u00e9 confirmou que parte dos pagamentos foi realizada fora da folha oficial. No entanto, afirmou que a pr\u00e1tica ocorreu a pedido da pr\u00f3pria funcion\u00e1ria, que desejava reduzir os descontos de impostos sobre o sal\u00e1rio.<\/p>\n<p>De acordo com o ator, a bab\u00e1 recebia cerca de R$ 5.500 mensais e teria demonstrado insatisfa\u00e7\u00e3o ao receber o primeiro contracheque com os descontos legais previstos pela legisla\u00e7\u00e3o trabalhista.<\/p>\n<p>\u201cFizemos o que ela pediu\u201d, declarou Cazarr\u00e9 ao comentar a situa\u00e7\u00e3o.<\/p>\n<p>O artista reconheceu que a decis\u00e3o acabou criando uma situa\u00e7\u00e3o delicada do ponto de vista jur\u00eddico, mas afirmou que a inten\u00e7\u00e3o era manter uma profissional que desempenhava um trabalho considerado importante no cuidado de seu filho mais novo.<\/p>\n<h2>Tentativa de acordo antes da Justi\u00e7a<\/h2>\n<p>Ainda no v\u00eddeo, Juliano revelou que tentou resolver a quest\u00e3o de forma amig\u00e1vel antes que o caso chegasse ao Judici\u00e1rio. Segundo ele, houve uma tentativa de acordo intermediada pelo sindicato da categoria.<\/p>\n<p>O ator afirmou que foi apresentada uma proposta de aproximadamente R$ 8.500 para encerrar o impasse, mas a oferta teria sido recusada pela ex-funcion\u00e1ria, levando ao prosseguimento da a\u00e7\u00e3o judicial.<\/p>\n<h2>Acusa\u00e7\u00f5es s\u00e3o negadas<\/h2>\n<p>Cazarr\u00e9 tamb\u00e9m negou as alega\u00e7\u00f5es de ass\u00e9dio moral e de condi\u00e7\u00f5es inadequadas de trabalho. Segundo ele, a rela\u00e7\u00e3o profissional sempre foi respeitosa e a funcion\u00e1ria teria recebido diversos benef\u00edcios extras durante o per\u00edodo em que trabalhou para a fam\u00edlia.<\/p>\n<p>Entre os exemplos citados pelo ator est\u00e3o adiantamentos de f\u00e9rias, melhorias no espa\u00e7o destinado ao descanso da profissional e outras medidas que buscavam proporcionar conforto no ambiente de trabalho.<\/p>\n<p>O artista lamentou que a situa\u00e7\u00e3o tenha evolu\u00eddo para uma disputa judicial e afirmou confiar que os fatos ser\u00e3o devidamente esclarecidos durante o andamento do processo.<\/p>\n<h2>Caso segue na Justi\u00e7a<\/h2>\n<p>A a\u00e7\u00e3o trabalhista segue em tramita\u00e7\u00e3o e dever\u00e1 ser analisada pelas autoridades competentes. At\u00e9 o momento, n\u00e3o h\u00e1 decis\u00e3o definitiva sobre as alega\u00e7\u00f5es apresentadas pelas partes.<\/p>\n<p>Enquanto o processo continua, a manifesta\u00e7\u00e3o p\u00fablica de Juliano Cazarr\u00e9 ampliou a repercuss\u00e3o do caso nas redes sociais, onde seguidores e internautas acompanham os desdobramentos da disputa envolvendo o ator e sua ex-funcion\u00e1ria.<\/p>\n<p><strong>Tags:<\/strong> Juliano Cazarr\u00e9, ex-bab\u00e1, processo trabalhista, celebridades, TV Globo, justi\u00e7a, famosos, redes sociais.<\/p>\n<\/div>\n","protected":false},"excerpt":{"rendered":"<p>Maria Guilhermina, de 4 anos, est\u00e1 internada no CTI ap\u00f3s apresentar gastroenterite, pneumonia e uma&#8230;<\/p>\n","protected":false},"author":2,"featured_media":0,"comment_status":"","ping_status":"","sticky":false,"template":"","format":"standard","meta":{"footnotes":""},"categories":[2],"tags":[],"class_list":["post-48229","post","type-post","status-publish","format-standard","hentry","category-jogos-ao-vivo"],"amp_enabled":true,"_links":{"self":[{"href":"https:\/\/ipatingafc.com.br\/index.php\/wp-json\/wp\/v2\/posts\/48229","targetHints":{"allow":["GET"]}}],"collection":[{"href":"https:\/\/ipatingafc.com.br\/index.php\/wp-json\/wp\/v2\/posts"}],"about":[{"href":"https:\/\/ipatingafc.com.br\/index.php\/wp-json\/wp\/v2\/types\/post"}],"author":[{"embeddable":true,"href":"https:\/\/ipatingafc.com.br\/index.php\/wp-json\/wp\/v2\/users\/2"}],"replies":[{"embeddable":true,"href":"https:\/\/ipatingafc.com.br\/index.php\/wp-json\/wp\/v2\/comments?post=48229"}],"version-history":[{"count":0,"href":"https:\/\/ipatingafc.com.br\/index.php\/wp-json\/wp\/v2\/posts\/48229\/revisions"}],"wp:attachment":[{"href":"https:\/\/ipatingafc.com.br\/index.php\/wp-json\/wp\/v2\/media?parent=48229"}],"wp:term":[{"taxonomy":"category","embeddable":true,"href":"https:\/\/ipatingafc.com.br\/index.php\/wp-json\/wp\/v2\/categories?post=48229"},{"taxonomy":"post_tag","embeddable":true,"href":"https:\/\/ipatingafc.com.br\/index.php\/wp-json\/wp\/v2\/tags?post=48229"}],"curies":[{"name":"wp","href":"https:\/\/api.w.org\/{rel}","templated":true}]}}