{"id":48239,"date":"2026-09-02T03:30:12","date_gmt":"2026-09-02T06:30:12","guid":{"rendered":"https:\/\/ipatingafc.com.br\/index.php\/2026\/09\/02\/semu-abre-inscricoes-para-curso-de-manicure-e-pedicure-cgnoticias\/"},"modified":"2026-09-02T03:30:12","modified_gmt":"2026-09-02T06:30:12","slug":"semu-abre-inscricoes-para-curso-de-manicure-e-pedicure-cgnoticias","status":"publish","type":"post","link":"https:\/\/ipatingafc.com.br\/index.php\/2026\/09\/02\/semu-abre-inscricoes-para-curso-de-manicure-e-pedicure-cgnoticias\/","title":{"rendered":"Semu\u00a0abre inscri\u00e7\u00f5es para curso de manicure e pedicure\u00a0 \u2013 CGNot\u00edcias"},"content":{"rendered":"<p><\/p>\n<div>\n<p>A Prefeitura de Campo Grande, por meio da Secretaria Executiva da Mulher (Semu), est\u00e1 com inscri\u00e7\u00f5es abertas para o Curso de Manicure e Pedicure, que ser\u00e1 realizado de 14 a 17 de setembro, das 8h30 \u00e0s 11h, no\u00a0Cras\u00a0Val\u00e9ria Lopes da Silva, na Vila Popular.\u00a0\u00a0<\/p>\n<p>A capacita\u00e7\u00e3o oferece uma oportunidade para quem deseja aprender uma nova atividade e ampliar as possibilidades de gera\u00e7\u00e3o de renda.\u00a0<\/p>\n<p>Al\u00e9m de desenvolver habilidades pr\u00e1ticas, o curso pode contribuir para a autonomia financeira das participantes, possibilitando que o conhecimento seja utilizado para atender clientes, complementar a renda familiar ou at\u00e9 mesmo iniciar um pequeno neg\u00f3cio na \u00e1rea da beleza.\u00a0<\/p>\n<p><strong>Secretaria de Assist\u00eancia Social lan\u00e7a Cartilha Alerta Lil\u00e1s no combate \u00e0 viol\u00eancia contra a mulher \u2013 Prefeitura Municipal de Bonito<\/strong><\/p>\n<p><strong>Projeto leva preven\u00e7\u00e3o \u00e0 viol\u00eancia contra a mulher para escolas\u00a0 \u2013 CGNot\u00edcias<\/strong><\/p>\n<p>A iniciativa tamb\u00e9m estimula a qualifica\u00e7\u00e3o profissional e o empreendedorismo, apresentando \u00e0s participantes uma atividade que pode ser desenvolvida de forma aut\u00f4noma e com baixo investimento inicial.\u00a0<\/p>\n<p><strong>Servi\u00e7o<\/strong>\u00a0<\/p>\n<p>Curso de Manicure e Pedicure\u00a0<br \/>Data: 14 a 17 de setembro\u00a0<br \/>Hior\u00e1rio: 08h30 \u00e0s 11h\u00a0<br \/>Local:\u00a0Cras\u00a0Val\u00e9ria Lopes da Silva\u00a0<br \/>Endere\u00e7o: Rua\u00a0Mar\u00e7as\u00a0de Souza, 25 \u2013 Vila Popular\u00a0<br \/>Inscri\u00e7\u00f5es: WhatsApp: 67 98131-7879.\u00a0<\/p>\n<\/div>\n<p><script async defer src=\"https:\/\/connect.facebook.net\/en_US\/sdk.js?ver=1#xfbml=1&amp;version=v3.2\" id=\"prefeitura-campogrande-script-facebook-sdk-js\" type=\"c6dff86b9e429d1dbe11944a-text\/javascript\"><\/script><\/p>\n","protected":false},"excerpt":{"rendered":"<p>A Prefeitura de Campo Grande, por meio da Secretaria Executiva da Mulher (Semu), est\u00e1 com&#8230;<\/p>\n","protected":false},"author":2,"featured_media":0,"comment_status":"","ping_status":"","sticky":false,"template":"","format":"standard","meta":{"footnotes":""},"categories":[2],"tags":[],"class_list":["post-48239","post","type-post","status-publish","format-standard","hentry","category-jogos-ao-vivo"],"amp_enabled":true,"_links":{"self":[{"href":"https:\/\/ipatingafc.com.br\/index.php\/wp-json\/wp\/v2\/posts\/48239","targetHints":{"allow":["GET"]}}],"collection":[{"href":"https:\/\/ipatingafc.com.br\/index.php\/wp-json\/wp\/v2\/posts"}],"about":[{"href":"https:\/\/ipatingafc.com.br\/index.php\/wp-json\/wp\/v2\/types\/post"}],"author":[{"embeddable":true,"href":"https:\/\/ipatingafc.com.br\/index.php\/wp-json\/wp\/v2\/users\/2"}],"replies":[{"embeddable":true,"href":"https:\/\/ipatingafc.com.br\/index.php\/wp-json\/wp\/v2\/comments?post=48239"}],"version-history":[{"count":0,"href":"https:\/\/ipatingafc.com.br\/index.php\/wp-json\/wp\/v2\/posts\/48239\/revisions"}],"wp:attachment":[{"href":"https:\/\/ipatingafc.com.br\/index.php\/wp-json\/wp\/v2\/media?parent=48239"}],"wp:term":[{"taxonomy":"category","embeddable":true,"href":"https:\/\/ipatingafc.com.br\/index.php\/wp-json\/wp\/v2\/categories?post=48239"},{"taxonomy":"post_tag","embeddable":true,"href":"https:\/\/ipatingafc.com.br\/index.php\/wp-json\/wp\/v2\/tags?post=48239"}],"curies":[{"name":"wp","href":"https:\/\/api.w.org\/{rel}","templated":true}]}}