{"id":48243,"date":"2026-09-02T12:54:11","date_gmt":"2026-09-02T15:54:11","guid":{"rendered":"https:\/\/ipatingafc.com.br\/index.php\/2026\/09\/02\/centro-de-estudos-da-primeira-infancia-da-smas-capacita-profissionais-com-metodo-inovador-prefeitura-da-cidade-do-rio-de-janeiro\/"},"modified":"2026-09-02T12:54:11","modified_gmt":"2026-09-02T15:54:11","slug":"centro-de-estudos-da-primeira-infancia-da-smas-capacita-profissionais-com-metodo-inovador-prefeitura-da-cidade-do-rio-de-janeiro","status":"publish","type":"post","link":"https:\/\/ipatingafc.com.br\/index.php\/2026\/09\/02\/centro-de-estudos-da-primeira-infancia-da-smas-capacita-profissionais-com-metodo-inovador-prefeitura-da-cidade-do-rio-de-janeiro\/","title":{"rendered":"Centro de Estudos da Primeira Inf\u00e2ncia da SMAS capacita profissionais com m\u00e9todo inovador &#8211; Prefeitura da Cidade do Rio de Janeiro"},"content":{"rendered":"<p><\/p>\n<div>\n                     Abordagem Pikler prev\u00ea cuidado com mais autonomia no desenvolvimento motor e emocional de beb\u00eas acolhidos &#8211; Divulga\u00e7\u00e3o \/ SMAS                  <\/div>\n<div>\n<p>O Centro de Estudos da Primeira Inf\u00e2ncia da Secretaria Municipal de Assist\u00eancia Social (SMAS), em Laranjeiras, ofereceu duas capacita\u00e7\u00f5es para profissionais que atuam diretamente com crian\u00e7as de 0 a 4 anos nas unidades ou programas da rede. Ambos baseados na Abordagem Pikler, m\u00e9todo que prev\u00ea cuidado com mais autonomia no desenvolvimento motor de beb\u00eas acolhidos que estejam longe do conv\u00edvio dos pais.<\/p>\n<\/div>\n<div>\n<p>A primeira forma\u00e7\u00e3o foi o \u201cM\u00f3dulo de Introdu\u00e7\u00e3o \u00e0 Abordagem Pikler \u2013 estudos dos cuidados \u00e0 inf\u00e2ncia inspirados na Abordagem Pikler\u201d, que aconteceu na segunda-feira, dia 24, para gestores, das 9h \u00e0s 17h. A segunda, na sexta-feira, dia 28, foi a \u201cOficina sobre educador de refer\u00eancia\u201d, das 9h30 \u00e0s 13h, destinada a equipes t\u00e9cnicas e de dire\u00e7\u00e3o.<\/p>\n<p>Coordenadora do centro de estudos, Aline Pe\u00e7anha integra a Rede Pikler Brasil e j\u00e1 fez cursos sobre a metodologia na Fran\u00e7a e no Equador.<\/p>\n<blockquote>\n<p>\u2013 A Abordagem Pikler \u00e9 um novo olhar de cuidado sobre os beb\u00eas, que foi pensado e experimentado pela pediatra h\u00fangara Emmi Pikler. Ela coordenou um orfanato no (per\u00edodo) p\u00f3s-Segunda Guerra e l\u00e1 as crian\u00e7as, com a forma e os princ\u00edpios que ela usava, tinham seu desenvolvimento f\u00edsico e motor preservados, mesmo estando num espa\u00e7o coletivo e afastadas dos pais \u2013 como acontece nos nossos abrigos\u201d explica Aline.<\/p>\n<\/blockquote>\n<p><strong>In\u00edcio em 2016<\/strong><\/p>\n<p>O m\u00e9todo \u00e9 utilizado na Unidade de Reinser\u00e7\u00e3o Social (URS) Ana Carolina, em Laranjeiras, desde 2016. A partir de 2022, com a cria\u00e7\u00e3o do centro de estudos, foi ampliado para outras unidades de acolhimento destinadas \u00e0 inf\u00e2ncia.<\/p>\n<blockquote>\n<p>\u2013 Atualmente estamos expandindo esse trabalho para outras equipes, como as do Servi\u00e7o Fam\u00edlia Acolhedora e tamb\u00e9m para os CRAS (Centros de Refer\u00eancia de Assist\u00eancia Social) que participam do programa do Unicef que confere o selo de Unidade Amiga da Primeira Inf\u00e2ncia. A constru\u00e7\u00e3o da abordagem \u00e9 um processo lento, mas com respostas lindas \u2013 ressalta Aline.<\/p>\n<\/blockquote>\n<p>A abordagem foca no cuidado de crian\u00e7as que est\u00e3o afastadas do conv\u00edvio familiar, mas sem abrir m\u00e3o do v\u00ednculo e do afeto, com um respeito ao corpo e ao tempo de desenvolvimento de cada crian\u00e7a.<\/p>\n<blockquote>\n<p>\u2013 \u00c9 um cuidado corporal de muito respeito e sempre feito pelo mesmo educador, que a gente chama de cuidador de refer\u00eancia. Se ela ainda n\u00e3o se senta e a princ\u00edpio j\u00e1 teria a idade para se sentar, n\u00e3o vamos sent\u00e1-la, porque ela tem a idade, mas n\u00e3o a maturidade. O que a Emmi Pikler nos ensina \u00e9 que, quando a crian\u00e7a atinge as posturas a partir do seu pr\u00f3prio corpo, isso gera nela um sentimento de compet\u00eancia e seguran\u00e7a que n\u00e3o \u00e9 s\u00f3 para aquele momento, mas para a vida inteira. O cuidado respeitoso, delicado e com uma rela\u00e7\u00e3o de v\u00ednculo com um adulto marca a crian\u00e7a de forma muito positiva e isso vai reverberar por toda a vida \u2013 diz Aline, que tem orgulho de ressaltar que o Centro de Estudos da Primeira Inf\u00e2ncia da SMAS \u00e9 considerado um espa\u00e7o pioneiro no Brasil, nos semin\u00e1rios sobre o tema de que participa.<\/p>\n<\/blockquote>\n<p>A subsecret\u00e1ria de Prote\u00e7\u00e3o Social Especial da SMAS, J\u00e9ssica Oliveira de Almeida, esteve no centro de estudos para acompanhar parte da forma\u00e7\u00e3o de sexta-feira e falou da import\u00e2ncia da capacita\u00e7\u00e3o para a rede.<\/p>\n<blockquote>\n<p>\u2013 Estou muito feliz de ver esta sala cheia! Trabalhar este tema \u00e9 importante e qualificar nossa rede para exercitar essas habilidades em todas as unidades de acolhimento \u00e9 um dever nosso \u2013 afirma J\u00e9ssica.<\/p>\n<\/blockquote>\n<\/div>\n","protected":false},"excerpt":{"rendered":"<p>Abordagem Pikler prev\u00ea cuidado com mais autonomia no desenvolvimento motor e emocional de beb\u00eas acolhidos&#8230;<\/p>\n","protected":false},"author":2,"featured_media":0,"comment_status":"","ping_status":"","sticky":false,"template":"","format":"standard","meta":{"footnotes":""},"categories":[2],"tags":[],"class_list":["post-48243","post","type-post","status-publish","format-standard","hentry","category-jogos-ao-vivo"],"amp_enabled":true,"_links":{"self":[{"href":"https:\/\/ipatingafc.com.br\/index.php\/wp-json\/wp\/v2\/posts\/48243","targetHints":{"allow":["GET"]}}],"collection":[{"href":"https:\/\/ipatingafc.com.br\/index.php\/wp-json\/wp\/v2\/posts"}],"about":[{"href":"https:\/\/ipatingafc.com.br\/index.php\/wp-json\/wp\/v2\/types\/post"}],"author":[{"embeddable":true,"href":"https:\/\/ipatingafc.com.br\/index.php\/wp-json\/wp\/v2\/users\/2"}],"replies":[{"embeddable":true,"href":"https:\/\/ipatingafc.com.br\/index.php\/wp-json\/wp\/v2\/comments?post=48243"}],"version-history":[{"count":0,"href":"https:\/\/ipatingafc.com.br\/index.php\/wp-json\/wp\/v2\/posts\/48243\/revisions"}],"wp:attachment":[{"href":"https:\/\/ipatingafc.com.br\/index.php\/wp-json\/wp\/v2\/media?parent=48243"}],"wp:term":[{"taxonomy":"category","embeddable":true,"href":"https:\/\/ipatingafc.com.br\/index.php\/wp-json\/wp\/v2\/categories?post=48243"},{"taxonomy":"post_tag","embeddable":true,"href":"https:\/\/ipatingafc.com.br\/index.php\/wp-json\/wp\/v2\/tags?post=48243"}],"curies":[{"name":"wp","href":"https:\/\/api.w.org\/{rel}","templated":true}]}}