{"id":48244,"date":"2026-09-02T14:28:12","date_gmt":"2026-09-02T17:28:12","guid":{"rendered":"https:\/\/ipatingafc.com.br\/index.php\/2026\/09\/02\/ato-civico-e-desfile-no-paco-municipal-serao-destaques-no-7-de-setembro-em-sorocaba-agencia-de-noticias\/"},"modified":"2026-09-02T14:28:12","modified_gmt":"2026-09-02T17:28:12","slug":"ato-civico-e-desfile-no-paco-municipal-serao-destaques-no-7-de-setembro-em-sorocaba-agencia-de-noticias","status":"publish","type":"post","link":"https:\/\/ipatingafc.com.br\/index.php\/2026\/09\/02\/ato-civico-e-desfile-no-paco-municipal-serao-destaques-no-7-de-setembro-em-sorocaba-agencia-de-noticias\/","title":{"rendered":"Ato C\u00edvico e Desfile no Pa\u00e7o Municipal ser\u00e3o destaques no \u20187 de Setembro\u2019 em Sorocaba \u2013 Ag\u00eancia de Not\u00edcias"},"content":{"rendered":"<p><\/p>\n<div>\n<p style=\"text-align: center;\"><em>Semob e Urbes programam opera\u00e7\u00e3o especial de tr\u00e2nsito e transporte para atender o p\u00fablico<\/em><\/p>\n<p class=\"\">Para celebrar o Dia da Independ\u00eancia (7 de setembro), a Prefeitura de Sorocaba, por meio da Secretaria de Cultura (Secult), promover\u00e1, na pr\u00f3xima segunda-feira (7), \u00e0s 8h, Ato C\u00edvico no Pa\u00e7o Municipal, no Alto da Boa Vista. A solenidade prosseguir\u00e1, \u00e0s 9h, com o tradicional desfile comemorativo pela Avenida Engenheiro Carlos Reinaldo Mendes. Na ocasi\u00e3o, haver\u00e1 opera\u00e7\u00e3o especial de tr\u00e2nsito e transporte para atender o p\u00fablico.<\/p>\n<p class=\"\">O Ato C\u00edvico contar\u00e1 com hasteamento das bandeiras do Brasil, de S\u00e3o Paulo e de Sorocaba, na presen\u00e7a de autoridades civis e militares, al\u00e9m da participa\u00e7\u00e3o especial da Banda Regimental de M\u00fasica do Comando de Policiamento do Interior (CPI-7), da Pol\u00edcia Militar.<\/p>\n<p class=\"\">J\u00e1 o desfile, ter\u00e1 participa\u00e7\u00e3o de organiza\u00e7\u00f5es motorizadas, como: Pol\u00edcia Militar \u2013 CPI-7, Pol\u00edcia Ambiental, Corpo de Bombeiros, Pol\u00edcia T\u00e9cnico-Cient\u00edfica de Sorocaba, Guarda Civil Municipal (GCM), Autoescola Universo, Conselho Regional de Corretores de Im\u00f3veis (Crecisp), Pol\u00edcia Civil; Patinadores de Sorocaba; al\u00e9m de motoclubes da cidade, como Insanus e Bodes do Asfalto.<\/p>\n<p class=\"\">Tamb\u00e9m participar\u00e3o do desfile, mas a p\u00e9, as seguintes institui\u00e7\u00f5es: Banda Regimental de M\u00fasica do CPI-7, Marinha, Fuzileiros Navais, Base de Apoio Regional do Ex\u00e9rcito em Sorocaba, Tiro de Guerra, GCM, Associa\u00e7\u00e3o dos Reservistas do Tiro de Guerra, Pelot\u00e3o da Pol\u00edcia Militar, Grupo de Escoteiro Baltazar Fernandes, Grupo de Escoteiro Tropeiros, Grupo de Escoteiro Sorocaba Oeste, Grupo Escoteiro do Ar Albino Bueno de Camargo, Grupo de Escoteiro Tobias de Aguiar, Grupo de Escoteiro Terra Rasgada, Grupo de Escoteiro Monte Serrat, Grupo Escoteiro do Mar Agnes Baden\/Powell, Grupo Escoteiro Santana 191, Grupo Escoteiro Ipanema, Grupo Escoteiro Vulturaty, Grupo de Escoteiro Rek\u00f4y, Grupo Escoteiro Itupararanga, Associa\u00e7\u00e3o Crian\u00e7as de Bel\u00e9m, Oficina de Integra\u00e7\u00e3o C\u00e9u Azul, Casa do Menor de Sorocaba, Guarda Mirim de Sorocaba, Rotary Club Sorocaba, Misses e Mister Sorocaba, Legi\u00e3o da Boa Vontade, Grupamento de Bombeiros Civil do Brasil, Col\u00e9gio Dom Bosco, Escola Estadual \u201cLauro Sanchez\u201d, Escola Estadual \u201cProfessor Jorge Madureira\u201d, Escola Municipal \u201cDr. Get\u00falio Vargas\u201d, Ordem dos Escudeiros, Ordem DeMolay, Clube M\u00e3e e Amigos, Jovens Templ\u00e1rios de Sorocaba, Ordem Internacional Arco-\u00cdris, Narc\u00f3ticos An\u00f4nimos e Centro Preparat\u00f3rio Militar (CEPM).<\/p>\n<p class=\"\"><strong>Tr\u00e2nsito e transporte p\u00fablico<\/strong><br \/>Para a realiza\u00e7\u00e3o do desfile c\u00edvico, haver\u00e1 interdi\u00e7\u00e3o tempor\u00e1ria do tr\u00e2nsito de ve\u00edculos da pista Bairro\/Centro da Avenida Engenheiro Carlos Reinaldo Mendes, a partir das 8h, na regi\u00e3o do Pa\u00e7o Municipal. Assim como na pista Centro\/bairro da Avenida Rudolf Dafferner, junto ao acesso de entrada de ve\u00edculos do Pa\u00e7o, onde haver\u00e1 a concentra\u00e7\u00e3o das equipes que v\u00e3o desfilar. Agentes de tr\u00e2nsito estar\u00e3o no local para orientar e monitorar o tr\u00e1fego. Caso seja necess\u00e1rio, tamb\u00e9m poder\u00e1 haver interdi\u00e7\u00e3o de vias pr\u00f3ximas, em fun\u00e7\u00e3o do grande p\u00fablico esperado.<br \/>No dia 7 de setembro, o sistema de transporte coletivo municipal funcionar\u00e1 com a programa\u00e7\u00e3o hor\u00e1ria de domingo. A Urbes recomenda que os usu\u00e1rios utilizem as seguintes linhas de \u00f4nibus para chegar ao evento: T31 \u2013 Expresso \u00c9den\/Cajuru, 29 \u2013 Hollingsworth (Terminal S\u00e3o Paulo), 23 \u2013 Industrial\/Jd. Dois Cora\u00e7\u00f5es, 14 \u2013 Santa Ros\u00e1lia, 61 \u2013 Iporanga (Terminal Santo Ant\u00f4nio), 303 Interbairros III (Terminal Vit\u00f3ria R\u00e9gia) e 307 \u2013 Interbairros VII (Terminal S\u00e3o Bento).<\/p>\n<p class=\"\">Durante o desfile, haver\u00e1 ajustes na opera\u00e7\u00e3o do transporte coletivo: a linha 303 \u2013 Interbairros III ter\u00e1 o percurso ampliado para atender diretamente ao Pa\u00e7o Municipal, das 7h \u00e0s 12h. J\u00e1 a linha 307 \u2013 Interbairros VII receber\u00e1 refor\u00e7o operacional, com a inclus\u00e3o de dois ve\u00edculos, totalizando oito viagens extras no mesmo per\u00edodo, garantindo intervalos m\u00e9dios de 30 minutos entre as partidas. Tamb\u00e9m ser\u00e1 criada a linha especial 777 \u2013 Pa\u00e7o Municipal, com viagens extras saindo do Terminal Santo Ant\u00f4nio (Plataforma P3 \u2013 Ponto \u201cJ\u201d).<\/p>\n<p class=\"\">A opera\u00e7\u00e3o prev\u00ea ainda frota reserva de \u00f4nibus, que ficar\u00e3o de prontid\u00e3o e poder\u00e3o ser acionados a qualquer momento, tanto para o deslocamento ao desfile quanto para o retorno do p\u00fablico.<\/p>\n<p class=\"\"><strong>Contato<\/strong><br \/>Mais informa\u00e7\u00f5es sobre tr\u00e2nsito podem ser obtidas pelo WhatsApp (15) 99183-0037 ou pelo telefone 0800 118 0118. No caso do transporte p\u00fablico, os contatos s\u00e3o pelos telefones 118 e (15) 3519-3101 (segunda a sexta-feira, das 8h \u00e0s 17h), al\u00e9m do WhatsApp: (15) 99760-9621 (diariamente, das 6h \u00e0s 21h). E tem ainda o site: https:\/\/www.urbes.com.br\/, onde basta clicar em \u201cOuvidoria\u201d, para abrir outra plataforma de atendimento, sendo necess\u00e1rio depois apenas selecionar o assunto desejado.<\/p>\n<p class=\"\">O Pa\u00e7o Municipal est\u00e1 localizado na Avenida Engenheiro Carlos Reinaldo Mendes, 3.041, no Alto da Boa Vista.<\/p>\n<\/p><\/div>\n","protected":false},"excerpt":{"rendered":"<p>Semob e Urbes programam opera\u00e7\u00e3o especial de tr\u00e2nsito e transporte para atender o p\u00fablico Para&#8230;<\/p>\n","protected":false},"author":2,"featured_media":0,"comment_status":"","ping_status":"","sticky":false,"template":"","format":"standard","meta":{"footnotes":""},"categories":[2],"tags":[],"class_list":["post-48244","post","type-post","status-publish","format-standard","hentry","category-jogos-ao-vivo"],"amp_enabled":true,"_links":{"self":[{"href":"https:\/\/ipatingafc.com.br\/index.php\/wp-json\/wp\/v2\/posts\/48244","targetHints":{"allow":["GET"]}}],"collection":[{"href":"https:\/\/ipatingafc.com.br\/index.php\/wp-json\/wp\/v2\/posts"}],"about":[{"href":"https:\/\/ipatingafc.com.br\/index.php\/wp-json\/wp\/v2\/types\/post"}],"author":[{"embeddable":true,"href":"https:\/\/ipatingafc.com.br\/index.php\/wp-json\/wp\/v2\/users\/2"}],"replies":[{"embeddable":true,"href":"https:\/\/ipatingafc.com.br\/index.php\/wp-json\/wp\/v2\/comments?post=48244"}],"version-history":[{"count":0,"href":"https:\/\/ipatingafc.com.br\/index.php\/wp-json\/wp\/v2\/posts\/48244\/revisions"}],"wp:attachment":[{"href":"https:\/\/ipatingafc.com.br\/index.php\/wp-json\/wp\/v2\/media?parent=48244"}],"wp:term":[{"taxonomy":"category","embeddable":true,"href":"https:\/\/ipatingafc.com.br\/index.php\/wp-json\/wp\/v2\/categories?post=48244"},{"taxonomy":"post_tag","embeddable":true,"href":"https:\/\/ipatingafc.com.br\/index.php\/wp-json\/wp\/v2\/tags?post=48244"}],"curies":[{"name":"wp","href":"https:\/\/api.w.org\/{rel}","templated":true}]}}