{"id":48245,"date":"2026-09-02T14:29:15","date_gmt":"2026-09-02T17:29:15","guid":{"rendered":"https:\/\/ipatingafc.com.br\/index.php\/2026\/09\/02\/maite-proenca-visita-gracindo-junior-em-um-dos-ultimos-encontros-antes-da-morte-do-ator\/"},"modified":"2026-09-02T14:29:15","modified_gmt":"2026-09-02T17:29:15","slug":"maite-proenca-visita-gracindo-junior-em-um-dos-ultimos-encontros-antes-da-morte-do-ator","status":"publish","type":"post","link":"https:\/\/ipatingafc.com.br\/index.php\/2026\/09\/02\/maite-proenca-visita-gracindo-junior-em-um-dos-ultimos-encontros-antes-da-morte-do-ator\/","title":{"rendered":"Mait\u00ea Proen\u00e7a visita Gracindo J\u00fanior em um dos \u00faltimos encontros antes da morte do ator"},"content":{"rendered":"<p><\/p>\n<div>\n<p>Mait\u00ea Proen\u00e7a visita Gracindo J\u00fanior em um dos \u00faltimos encontros antes da morte do ator<\/p>\n<p>A morte de <b>Gracindo J\u00fanior<\/b>, aos 83 anos, deixa uma importante lacuna na televis\u00e3o e no teatro brasileiros. Entre as lembran\u00e7as que ganham um significado especial ap\u00f3s a despedida do ator e diretor est\u00e1 um encontro com <b>Mait\u00ea Proen\u00e7a<\/b>, amiga e parceira de trabalhos ao longo de sua trajet\u00f3ria art\u00edstica.<\/p>\n<p>O momento, que aconteceu antes da morte de Gracindo J\u00fanior, passou a ser lembrado com ainda mais emo\u00e7\u00e3o diante da not\u00edcia de sua partida. A visita representa uma dessas ocasi\u00f5es que, depois, acabam adquirindo um valor afetivo ainda maior para quem participou dela.<\/p>\n<h2>Mait\u00ea Proen\u00e7a esteve com Gracindo J\u00fanior pouco antes da despedida<\/h2>\n<p>De acordo com as informa\u00e7\u00f5es divulgadas, Mait\u00ea Proen\u00e7a visitou Gracindo J\u00fanior em sua casa, no Rio de Janeiro. Os dois tinham uma rela\u00e7\u00e3o constru\u00edda ao longo de d\u00e9cadas de conviv\u00eancia no meio art\u00edstico, incluindo trabalhos e momentos compartilhados na televis\u00e3o.<\/p>\n<p><strong>Filha de Sandra Annenberg aparece em clima de romance com a namorada e coment\u00e1rio de Ana Paula Ara\u00fajo chama aten\u00e7\u00e3o<\/strong><\/p>\n<p><strong>Filha de Juliano Cazarr\u00e9 \u00e9 internada novamente e m\u00e3e pede ora\u00e7\u00f5es<\/strong><\/p>\n<p>A visita ganhou repercuss\u00e3o justamente porque aconteceu em um per\u00edodo pr\u00f3ximo \u00e0 morte do ator. O que poderia ser apenas mais um encontro entre dois colegas e amigos acabou se transformando em uma lembran\u00e7a especialmente marcante.<\/p>\n<p>Para familiares, amigos e admiradores, hist\u00f3rias como essa ajudam a dimensionar n\u00e3o apenas a carreira de Gracindo J\u00fanior, mas tamb\u00e9m os v\u00ednculos que ele construiu ao longo da vida.<\/p>\n<h2>Uma carreira marcada pela televis\u00e3o brasileira<\/h2>\n<p>Gracindo J\u00fanior construiu uma trajet\u00f3ria de destaque na dramaturgia brasileira. Filho do tamb\u00e9m consagrado ator <b>Gracindo J\u00fanior<\/b>? N\u00e3o: seu nome est\u00e1 ligado a uma fam\u00edlia tradicional da dramaturgia, sendo filho de <b>Paulo Gracindo<\/b>, um dos grandes nomes da televis\u00e3o brasileira.<\/p>\n<p>Ao longo da carreira, Gracindo J\u00fanior atuou e tamb\u00e9m trabalhou atr\u00e1s das c\u00e2meras, acumulando experi\u00eancias como diretor. Sua presen\u00e7a em diferentes produ\u00e7\u00f5es ajudou a consolidar seu nome entre profissionais importantes da televis\u00e3o e do teatro.<\/p>\n<p><strong>Duda Nagle se declara para a namorada e coment\u00e1rio de Sabrina Sato chama aten\u00e7\u00e3o<\/strong><\/p>\n<p><strong>Alexandre Pato volta ao centro de pol\u00eamica ap\u00f3s revela\u00e7\u00e3o sobre antigo relacionamento<\/strong><\/p>\n<p>Al\u00e9m dos trabalhos, sua trajet\u00f3ria foi marcada pelas rela\u00e7\u00f5es profissionais e pessoais constru\u00eddas durante d\u00e9cadas de atividade art\u00edstica.<\/p>\n<h2>Encontro com Mait\u00ea ganha novo significado<\/h2>\n<p>A rela\u00e7\u00e3o entre Mait\u00ea Proen\u00e7a e Gracindo J\u00fanior atravessou diferentes momentos da televis\u00e3o brasileira. Por isso, a visita feita pela atriz passou a ser vista sob uma perspectiva ainda mais emocionante depois da confirma\u00e7\u00e3o da morte do artista.<\/p>\n<p>Encontros entre pessoas que compartilham uma longa hist\u00f3ria profissional costumam carregar lembran\u00e7as de diferentes fases da carreira. No caso dos dois artistas, a ocasi\u00e3o acabou se tornando uma das \u00faltimas oportunidades de conviv\u00eancia antes da despedida.<\/p>\n<p>A lembran\u00e7a tamb\u00e9m refor\u00e7a a import\u00e2ncia dos la\u00e7os constru\u00eddos longe dos holofotes. Para al\u00e9m dos personagens interpretados e dos cr\u00e9ditos nas produ\u00e7\u00f5es, a televis\u00e3o \u00e9 formada por rela\u00e7\u00f5es que permanecem na mem\u00f3ria de seus protagonistas.<\/p>\n<h2>Despedida de Gracindo J\u00fanior emociona o meio art\u00edstico<\/h2>\n<p>A not\u00edcia da morte de Gracindo J\u00fanior repercutiu entre profissionais da televis\u00e3o, do teatro e admiradores de sua carreira. Aos 83 anos, ele deixa uma trajet\u00f3ria constru\u00edda ao longo de d\u00e9cadas e uma s\u00e9rie de trabalhos que fazem parte da hist\u00f3ria da dramaturgia brasileira.<\/p>\n<p>A visita de Mait\u00ea Proen\u00e7a, portanto, passa a integrar as lembran\u00e7as de seus \u00faltimos momentos. Uma tarde que poderia ter sido apenas uma visita entre amigos acabou ganhando um significado diferente com a despedida do ator.<\/p>\n<p>Em momentos de luto, s\u00e3o justamente essas pequenas hist\u00f3rias que muitas vezes permanecem mais fortes. Fotografias, encontros, conversas e demonstra\u00e7\u00f5es de carinho ajudam a preservar a mem\u00f3ria de quem partiu e mostram a dimens\u00e3o humana por tr\u00e1s de uma carreira p\u00fablica.<\/p>\n<h2>Legado permanece na dramaturgia brasileira<\/h2>\n<p>Gracindo J\u00fanior deixa sua contribui\u00e7\u00e3o para a cultura brasileira e para uma gera\u00e7\u00e3o de artistas que ajudaram a construir a televis\u00e3o nacional. Sua carreira, marcada pela atua\u00e7\u00e3o e pela dire\u00e7\u00e3o, permanece registrada na mem\u00f3ria de quem acompanhou seus trabalhos.<\/p>\n<p>Agora, a lembran\u00e7a daquele encontro com Mait\u00ea Proen\u00e7a ganha um significado especial: representa um dos \u00faltimos cap\u00edtulos de uma hist\u00f3ria de amizade e parceria que atravessou d\u00e9cadas.<\/p>\n<\/div>\n","protected":false},"excerpt":{"rendered":"<p>Mait\u00ea Proen\u00e7a visita Gracindo J\u00fanior em um dos \u00faltimos encontros antes da morte do ator&#8230;<\/p>\n","protected":false},"author":2,"featured_media":0,"comment_status":"","ping_status":"","sticky":false,"template":"","format":"standard","meta":{"footnotes":""},"categories":[2],"tags":[],"class_list":["post-48245","post","type-post","status-publish","format-standard","hentry","category-jogos-ao-vivo"],"amp_enabled":true,"_links":{"self":[{"href":"https:\/\/ipatingafc.com.br\/index.php\/wp-json\/wp\/v2\/posts\/48245","targetHints":{"allow":["GET"]}}],"collection":[{"href":"https:\/\/ipatingafc.com.br\/index.php\/wp-json\/wp\/v2\/posts"}],"about":[{"href":"https:\/\/ipatingafc.com.br\/index.php\/wp-json\/wp\/v2\/types\/post"}],"author":[{"embeddable":true,"href":"https:\/\/ipatingafc.com.br\/index.php\/wp-json\/wp\/v2\/users\/2"}],"replies":[{"embeddable":true,"href":"https:\/\/ipatingafc.com.br\/index.php\/wp-json\/wp\/v2\/comments?post=48245"}],"version-history":[{"count":0,"href":"https:\/\/ipatingafc.com.br\/index.php\/wp-json\/wp\/v2\/posts\/48245\/revisions"}],"wp:attachment":[{"href":"https:\/\/ipatingafc.com.br\/index.php\/wp-json\/wp\/v2\/media?parent=48245"}],"wp:term":[{"taxonomy":"category","embeddable":true,"href":"https:\/\/ipatingafc.com.br\/index.php\/wp-json\/wp\/v2\/categories?post=48245"},{"taxonomy":"post_tag","embeddable":true,"href":"https:\/\/ipatingafc.com.br\/index.php\/wp-json\/wp\/v2\/tags?post=48245"}],"curies":[{"name":"wp","href":"https:\/\/api.w.org\/{rel}","templated":true}]}}