{"id":48248,"date":"2026-09-02T16:49:13","date_gmt":"2026-09-02T19:49:13","guid":{"rendered":"https:\/\/ipatingafc.com.br\/index.php\/2026\/09\/02\/marcha-para-jesus-tera-operacao-especial-de-transito-e-transporte-publico-agencia-de-noticias\/"},"modified":"2026-09-02T16:49:13","modified_gmt":"2026-09-02T19:49:13","slug":"marcha-para-jesus-tera-operacao-especial-de-transito-e-transporte-publico-agencia-de-noticias","status":"publish","type":"post","link":"https:\/\/ipatingafc.com.br\/index.php\/2026\/09\/02\/marcha-para-jesus-tera-operacao-especial-de-transito-e-transporte-publico-agencia-de-noticias\/","title":{"rendered":"Marcha para Jesus ter\u00e1 opera\u00e7\u00e3o especial de tr\u00e2nsito e transporte p\u00fablico \u2013 Ag\u00eancia de Not\u00edcias"},"content":{"rendered":"<p><\/p>\n<div>\n<div class=\"col\">\n<p class=\"mt-0\">\n\t\t\t\t\t\t<strong><br \/>\n\t\t\t\t\t\t\t<span class=\"far fa-calendar mr-1 mt-2\"\/><br \/>\n\t\t\t\t\t\t\t2 de setembro de 2026<br \/>\n\t\t\t\t\t\t\t<span class=\"far fa-clock ml-3 mt-2\"\/><br \/>\n\t\t\t\t\t\t\t16:26<br \/>\n\t\t\t\t\t\t<\/strong>\n\t\t\t\t\t<\/p>\n<p class=\"mb-0\">Por: <strong>Eduardo Santinon (esantinon@sorocaba.sp.gov.br)<\/strong><\/p>\n<\/p><\/div>\n<\/p><\/div>\n<div>\n<figure id=\"attachment_167950\" aria-describedby=\"caption-attachment-167950\" style=\"width: 970px\" class=\"wp-caption aligncenter\"><figcaption id=\"caption-attachment-167950\" class=\"wp-caption-text\">Foto: Secom\/Arquivo<\/figcaption><\/figure>\n<p>\u00a0<\/p>\n<p class=\"\">A Prefeitura de Sorocaba, por meio da Secretaria de Mobilidade (Semob) e da Urbes, realizar\u00e1 opera\u00e7\u00e3o especial de tr\u00e2nsito e transporte p\u00fablico para atender o p\u00fablico participante da Marcha para Jesus, na pr\u00f3xima segunda-feira (7 de setembro).<\/p>\n<p class=\"\">Para a concentra\u00e7\u00e3o do p\u00fablico, a Avenida Dom Aguirre ser\u00e1 parcialmente fechada \u00e0s 8h do dia 7 de setembro, entre a Ponte Padre Madureira e a Rua Pedro \u00c1lvares Cabral. A partir das 13h, a via ser\u00e1 totalmente interditada at\u00e9 o destino final, no Parque das \u00c1guas.<\/p>\n<p class=\"\">A libera\u00e7\u00e3o ocorrer\u00e1 de forma gradativa, conforme a passagem dos participantes, permitindo que o fluxo de ve\u00edculos seja restabelecido progressivamente. A expectativa \u00e9 de que o tr\u00e1fego esteja normalizado at\u00e9 por volta das 15h, hor\u00e1rio previsto para a chegada da marcha ao Parque das \u00c1guas.<\/p>\n<p class=\"\">Ap\u00f3s esse per\u00edodo, o tr\u00e1fego pela Avenida Dom Aguirre permanecer\u00e1 interrompido apenas na altura do Parque das \u00c1guas, at\u00e9 as 23h. Durante todo o evento, haver\u00e1 sinaliza\u00e7\u00e3o especial e agentes de tr\u00e2nsito da Semob v\u00e3o orientar a popula\u00e7\u00e3o e coordenar o fluxo nas imedia\u00e7\u00f5es das vias interditadas.<\/p>\n<p>\u00a0<\/p>\n<p><strong>Transporte P\u00fablico<\/strong><\/p>\n<p class=\"\">Durante a interdi\u00e7\u00e3o de tr\u00e1fego, haver\u00e1 desvio programado da linha T48 \u2013 Expresso Aparecidinha, que passar\u00e1 a operar utilizando rota alternativa na regi\u00e3o: partindo do Terminal Santo Ant\u00f4nio, seguir\u00e1 pela Rua Ara\u00e7oiaba, Rua Dom Ant\u00f4nio Alvarenga, viaduto J\u00e2nio da Silva Quadros, Rua Hermelino Matarazzo, Rua Santa Ros\u00e1lia, Rua Aparecida, Rua Jos\u00e9 Matos Corr\u00eaa, Rua Pedro Alvares Cabral, Av. Dom Aguirre e Rodovia Senador Jos\u00e9 Erm\u00edrio de Moraes, depois retornando ao itiner\u00e1rio.<\/p>\n<p>J\u00e1 o desvio previsto para o percurso de volta da linha T48 \u2013 Expresso Aparecidinha ser\u00e1: ap\u00f3s a Av. Dom Aguirre, seguir\u00e1 pela Av. Pereira da Silva, Rua Miguel Sutil, Rua Mascarenhas Camelo, Rua Comendador Oetterer, Ramo \u201cC\u201d e Av. Luiz Ferraz de Sampaio Junior, acessando o Terminal Santo Ant\u00f4nio.<\/p>\n<p class=\"\">Para atender \u00e0 demanda gerada pelo evento, a linha 100 \u2013 Expresso ter\u00e1 aumento de frota, com a inclus\u00e3o de um ve\u00edculo adicional, das 13h \u00e0s 23h, resultando em 61 viagens extras ao longo do dia.<\/p>\n<p class=\"\">Al\u00e9m disso, as linhas T150 \u2013 Terminal S\u00e3o Bento\/Terminal Santo Ant\u00f4nio, E180 \u2013 Carand\u00e1, E181 \u2013 Altos do Ipanema, T240 \u2013 Terminal Ipiranga\/Terminal Santo Ant\u00f4nio (via Gen. Carneiro) e T250 \u2013 Terminal Ipiranga\/Terminal Santo Ant\u00f4nio (via Gen. Os\u00f3rio) receber\u00e3o refor\u00e7o operacional, com a utiliza\u00e7\u00e3o de ve\u00edculos articulados e superarticulados durante o dia, ampliando a capacidade de transporte nos principais corredores.<\/p>\n<p class=\"\">Tamb\u00e9m ser\u00e1 disponibilizada a linha especial 777 \u2013 Marcha para Jesus, com ve\u00edculos partindo do Terminal Santo Ant\u00f4nio (Plataforma P5 \u2013 Ponto \u201cQ\u201d) at\u00e9 a Casa do Turista, com retorno direto pela Avenida Dom Aguirre. Caso necess\u00e1rio, ap\u00f3s o evento, \u00f4nibus extras poder\u00e3o ser acionados na Pra\u00e7a Olinda Mendes, seguindo direto pela Av. Dom Aguirre at\u00e9 o Terminal Santo Ant\u00f4nio.<\/p>\n<p>\u00a0<\/p>\n<p><strong>Contato<\/strong><\/p>\n<p class=\"\">Mais informa\u00e7\u00f5es sobre tr\u00e2nsito podem ser obtidas pelo WhatsApp: (15) 99183-0037 ou pelo telefone: 0800 118 0118. No caso do transporte p\u00fablico, os contatos s\u00e3o pelos telefones: 118 e (15) 3519-3101 (segunda a sexta-feira, das 8h \u00e0s 17h), al\u00e9m do WhatsApp: (15) 99760-9621 (diariamente, das 6h \u00e0s 21h). E tem ainda o site: https:\/\/www.urbes.com.br\/, onde basta clicar em \u201cOuvidoria\u201d, para abrir outra plataforma de atendimento, sendo necess\u00e1rio depois apenas selecionar o assunto desejado.<\/p>\n<\/p><\/div>\n","protected":false},"excerpt":{"rendered":"<p>2 de setembro de 2026 16:26 Por: Eduardo Santinon (esantinon@sorocaba.sp.gov.br) Foto: Secom\/Arquivo \u00a0 A Prefeitura&#8230;<\/p>\n","protected":false},"author":2,"featured_media":0,"comment_status":"","ping_status":"","sticky":false,"template":"","format":"standard","meta":{"footnotes":""},"categories":[2],"tags":[],"class_list":["post-48248","post","type-post","status-publish","format-standard","hentry","category-jogos-ao-vivo"],"amp_enabled":true,"_links":{"self":[{"href":"https:\/\/ipatingafc.com.br\/index.php\/wp-json\/wp\/v2\/posts\/48248","targetHints":{"allow":["GET"]}}],"collection":[{"href":"https:\/\/ipatingafc.com.br\/index.php\/wp-json\/wp\/v2\/posts"}],"about":[{"href":"https:\/\/ipatingafc.com.br\/index.php\/wp-json\/wp\/v2\/types\/post"}],"author":[{"embeddable":true,"href":"https:\/\/ipatingafc.com.br\/index.php\/wp-json\/wp\/v2\/users\/2"}],"replies":[{"embeddable":true,"href":"https:\/\/ipatingafc.com.br\/index.php\/wp-json\/wp\/v2\/comments?post=48248"}],"version-history":[{"count":0,"href":"https:\/\/ipatingafc.com.br\/index.php\/wp-json\/wp\/v2\/posts\/48248\/revisions"}],"wp:attachment":[{"href":"https:\/\/ipatingafc.com.br\/index.php\/wp-json\/wp\/v2\/media?parent=48248"}],"wp:term":[{"taxonomy":"category","embeddable":true,"href":"https:\/\/ipatingafc.com.br\/index.php\/wp-json\/wp\/v2\/categories?post=48248"},{"taxonomy":"post_tag","embeddable":true,"href":"https:\/\/ipatingafc.com.br\/index.php\/wp-json\/wp\/v2\/tags?post=48248"}],"curies":[{"name":"wp","href":"https:\/\/api.w.org\/{rel}","templated":true}]}}