{"id":48252,"date":"2026-09-02T19:58:15","date_gmt":"2026-09-02T22:58:15","guid":{"rendered":"https:\/\/ipatingafc.com.br\/index.php\/2026\/09\/02\/civitas-rio-amplia-supercameras-e-reforca-inteligencia-em-seguranca-publica-na-zona-norte-prefeitura-da-cidade-do-rio-de-janeiro\/"},"modified":"2026-09-02T19:58:15","modified_gmt":"2026-09-02T22:58:15","slug":"civitas-rio-amplia-supercameras-e-reforca-inteligencia-em-seguranca-publica-na-zona-norte-prefeitura-da-cidade-do-rio-de-janeiro","status":"publish","type":"post","link":"https:\/\/ipatingafc.com.br\/index.php\/2026\/09\/02\/civitas-rio-amplia-supercameras-e-reforca-inteligencia-em-seguranca-publica-na-zona-norte-prefeitura-da-cidade-do-rio-de-janeiro\/","title":{"rendered":"CIVITAS Rio amplia Superc\u00e2meras e refor\u00e7a intelig\u00eancia em seguran\u00e7a p\u00fablica na Zona Norte &#8211; Prefeitura da Cidade do Rio de Janeiro"},"content":{"rendered":"<p><\/p>\n<div id=\"main\">\n<div class=\"wrapper-breadcrumbs\" wp_automatic_readability=\"58.954625219353\">\n<div class=\"image-post\" wp_automatic_readability=\"33\">\n                     Superc\u00e2meras da CIVITAS ampliam a capacidade de monitoramento e refor\u00e7am o apoio \u00e0s for\u00e7as de seguran\u00e7a  &#8211; Divulga\u00e7\u00e3o                  <\/div>\n<p>O prefeito Eduardo Cavaliere anunciou a expans\u00e3o das superc\u00e2meras da CIVITAS Rio na cidade. Nesta nova etapa, a maior concentra\u00e7\u00e3o de instala\u00e7\u00f5es est\u00e1 na Zona Norte, com in\u00edcio pelo M\u00e9ier e por Madureira. A amplia\u00e7\u00e3o ocorre de forma gradual em todas as regi\u00f5es da cidade. A defini\u00e7\u00e3o dos pontos leva em conta crit\u00e9rios t\u00e9cnicos e a an\u00e1lise de manchas criminais de diferentes tipos.<\/p>\n<blockquote wp_automatic_readability=\"10\">\n<p>\u2014 Esses bairros t\u00eam muito roubo e furto de ve\u00edculo e tamb\u00e9m de celular, muitas vezes com uso de moto ou carro. A gente j\u00e1 tem uma vigil\u00e2ncia nessa regi\u00e3o, mas vai passar a ter muito mais c\u00e2meras. O que a CIVITAS Rio faz \u00e9 um cerco eletr\u00f4nico com uso de radares e muita intelig\u00eancia artificial pra gente poder prever o deslocamento de determinadas quadrilhas. A mensagem que fica \u00e9 que est\u00e1 cada vez pior para o criminoso que quer usar um ve\u00edculo para cometer algum crime na cidade \u2014 disse o prefeito.<\/p>\n<\/blockquote>\n<p>As superc\u00e2meras usam intelig\u00eancia artificial para analisar imagens e cruzar caracter\u00edsticas visuais, como cor e tipo de ve\u00edculo, dire\u00e7\u00e3o, objetos e padr\u00f5es de vestimenta, para localizar pessoas ou ve\u00edculos de interesse e reconstruir trajetos. Uma mesma c\u00e2mera pode analisar at\u00e9 3 mil situa\u00e7\u00f5es simultaneamente, ampliando a capacidade de identificar padr\u00f5es que poderiam passar despercebidos pelo olhar humano.<\/p>\n<blockquote wp_automatic_readability=\"12\">\n<p>\u2014 Nossas c\u00e2meras s\u00e3o capazes de registrar at\u00e9 3.000 situa\u00e7\u00f5es de forma simult\u00e2nea. Isso permite que a CIVITAS Rio consiga, por exemplo, identificar um ve\u00edculo suspeito envolvido em uma cena de crime por meio de vis\u00e3o computacional. N\u00e3o ter a placa n\u00e3o \u00e9 um problema: n\u00f3s conseguimos chegar \u00e0 identifica\u00e7\u00e3o do ve\u00edculo por cor, marca e modelo. \u00c9 mais tecnologia nas ruas da cidade \u2014 afirmou Davi Carreiro, chefe-executivo da CIVITAS Rio.<\/p>\n<\/blockquote>\n<p>Hoje, o Rio tem 13 mil c\u00e2meras, sendo mais de 3.500 superc\u00e2meras inteligentes. At\u00e9 o fim do ano, ser\u00e3o mais de 6.500 superc\u00e2meras, dentro de um sistema que ultrapassar\u00e1 16 mil c\u00e2meras. Todos os bairros da cidade contam com cobertura de equipamentos da CIVITAS Rio, que apoia as for\u00e7as policiais e o sistema de Justi\u00e7a na investiga\u00e7\u00e3o de crimes, na produ\u00e7\u00e3o de provas e na identifica\u00e7\u00e3o e rastreio de criminosos.<\/p>\n<p>A CIVITAS Rio cruza imagens e dados, e transforma os registros em evid\u00eancias que podem ajudar a identificar suspeitos, conectar ocorr\u00eancias e avan\u00e7ar nas investiga\u00e7\u00f5es.<\/p>\n<p><strong>Cintur\u00e3o digital de seguran\u00e7a<\/strong><\/p>\n<p>O cintur\u00e3o digital de seguran\u00e7a tamb\u00e9m avan\u00e7a nos acessos do Rio. No dia 16 de setembro, uma nova Muralha Digital ser\u00e1 implantada na subida da Ponte Rio-Niter\u00f3i, no lado do Rio.<\/p>\n<p>As Muralhas ampliam o apoio \u00e0s investiga\u00e7\u00f5es que envolvem deslocamentos pela Regi\u00e3o Metropolitana. Elas ajudam a identificar trajetos suspeitos, reconstruir rotas e cruzar informa\u00e7\u00f5es entre munic\u00edpios. Com isso, um deslocamento registrado em um acesso pode contribuir para esclarecer um crime e conectar diferentes ocorr\u00eancias.<\/p>\n<p>A expans\u00e3o seguir\u00e1 nos pr\u00f3ximos anos. At\u00e9 2028, a previs\u00e3o \u00e9 que o Rio chegue a 15 mil superc\u00e2meras inteligentes, al\u00e9m da amplia\u00e7\u00e3o das Muralhas Digitais nos principais acessos e pontos de grande circula\u00e7\u00e3o.<\/p>\n<p>             <!-- Compartilhe ---><\/p>\n<p>\t\t\t <!-- TAGS --><\/p>\n<section class=\"category-tags\">\n<div class=\"marcacao-category\">\n<article class=\"category-post\">\n<p>Categoria: <\/p>\n<\/article>\n<li>2 de setembro de 2026<\/li><\/div>\n<article class=\"tags\">\n\t\t\t\t\tMarca\u00e7\u00f5es: madureira M\u00e9ier superc\u00e2meras Zona Norte<br \/><\/article>\n<\/section>\n<p>            <!-- Mais Not&iacute;cias --><\/p>\n<p>\t\t<!-- Conte&uacute;do SIDEBAR --><\/p><\/div>\n<\/p><\/div>\n","protected":false},"excerpt":{"rendered":"<p>Superc\u00e2meras da CIVITAS ampliam a capacidade de monitoramento e refor\u00e7am o apoio \u00e0s for\u00e7as de&#8230;<\/p>\n","protected":false},"author":2,"featured_media":0,"comment_status":"","ping_status":"","sticky":false,"template":"","format":"standard","meta":{"footnotes":""},"categories":[2],"tags":[],"class_list":["post-48252","post","type-post","status-publish","format-standard","hentry","category-jogos-ao-vivo"],"amp_enabled":true,"_links":{"self":[{"href":"https:\/\/ipatingafc.com.br\/index.php\/wp-json\/wp\/v2\/posts\/48252","targetHints":{"allow":["GET"]}}],"collection":[{"href":"https:\/\/ipatingafc.com.br\/index.php\/wp-json\/wp\/v2\/posts"}],"about":[{"href":"https:\/\/ipatingafc.com.br\/index.php\/wp-json\/wp\/v2\/types\/post"}],"author":[{"embeddable":true,"href":"https:\/\/ipatingafc.com.br\/index.php\/wp-json\/wp\/v2\/users\/2"}],"replies":[{"embeddable":true,"href":"https:\/\/ipatingafc.com.br\/index.php\/wp-json\/wp\/v2\/comments?post=48252"}],"version-history":[{"count":0,"href":"https:\/\/ipatingafc.com.br\/index.php\/wp-json\/wp\/v2\/posts\/48252\/revisions"}],"wp:attachment":[{"href":"https:\/\/ipatingafc.com.br\/index.php\/wp-json\/wp\/v2\/media?parent=48252"}],"wp:term":[{"taxonomy":"category","embeddable":true,"href":"https:\/\/ipatingafc.com.br\/index.php\/wp-json\/wp\/v2\/categories?post=48252"},{"taxonomy":"post_tag","embeddable":true,"href":"https:\/\/ipatingafc.com.br\/index.php\/wp-json\/wp\/v2\/tags?post=48252"}],"curies":[{"name":"wp","href":"https:\/\/api.w.org\/{rel}","templated":true}]}}