{"id":48257,"date":"2026-09-02T23:22:12","date_gmt":"2026-09-03T02:22:12","guid":{"rendered":"https:\/\/ipatingafc.com.br\/index.php\/2026\/09\/02\/transito-tera-interdicoes-para-desfile-de-7-de-setembro-confira-cgnoticias\/"},"modified":"2026-09-02T23:22:12","modified_gmt":"2026-09-03T02:22:12","slug":"transito-tera-interdicoes-para-desfile-de-7-de-setembro-confira-cgnoticias","status":"publish","type":"post","link":"https:\/\/ipatingafc.com.br\/index.php\/2026\/09\/02\/transito-tera-interdicoes-para-desfile-de-7-de-setembro-confira-cgnoticias\/","title":{"rendered":"Tr\u00e2nsito ter\u00e1 interdi\u00e7\u00f5es para Desfile de 7 de Setembro; confira \u2013 CGNot\u00edcias"},"content":{"rendered":"<p><\/p>\n<div>\n<p>A Ag\u00eancia Municipal de Transporte e Tr\u00e2nsito (Agetran) realizar\u00e1 interdi\u00e7\u00f5es tempor\u00e1rias em vias da regi\u00e3o central de Campo Grande para a realiza\u00e7\u00e3o do Desfile C\u00edvico de 7 de Setembro.<\/p>\n<p>Os bloqueios come\u00e7am no domingo (6) e seguem at\u00e9 a segunda-feira (7), com hor\u00e1rios e trechos definidos conforme a programa\u00e7\u00e3o do evento.<\/p>\n<h4 class=\"wp-block-heading\">Domingo (6)<\/h4>\n<p>A partir das 10h, ser\u00e3o interditadas a Avenida Afonso Pena, entre a Avenida Cal\u00f3geras e a Rua Rui Barbosa, e a Rua 13 de Maio, entre a Rua Bar\u00e3o do Rio Branco e a Rua 15 de Novembro.<\/p>\n<p><strong>Prefeito sanciona lei que oficializa ASSEB como entidade de utilidade p\u00fablica em Bonito \u2013 Prefeitura Municipal de Bonito<\/strong><\/p>\n<p><strong>Funsat disponibiliza 820 vagas nesta quarta-feira (2) \u2013 CGNot\u00edcias<\/strong><\/p>\n<p>Os trechos permanecer\u00e3o fechados ap\u00f3s o t\u00e9rmino do desfile para a desmontagem das estruturas e dos dispositivos utilizados no evento.<\/p>\n<h4 class=\"wp-block-heading\">Segunda-feira (7)<\/h4>\n<p>Das <strong>5h \u00e0s 13h<\/strong>, os bloqueios ocorrer\u00e3o nos seguintes trechos:<\/p>\n<ul class=\"wp-block-list\">\n<li>Rua 14 de Julho, entre a Rua E\u00e7a de Queiroz e a Rua Maracaju;<\/li>\n<li>Avenida Mato Grosso, entre a Rua Jos\u00e9 Ant\u00f4nio e a Avenida Cal\u00f3geras. Os cruzamentos com as ruas 13 de Junho, Jos\u00e9 Ant\u00f4nio, Padre Jo\u00e3o Crippa, Pedro Celestino, Rui Barbosa e com a Avenida Cal\u00f3geras permanecer\u00e3o abertos;<\/li>\n<li>Rua 13 de Maio, entre a Avenida Mato Grosso e a Avenida Fernando Corr\u00eaa da Costa;<\/li>\n<li>Avenida Fernando Corr\u00eaa da Costa, entre a Rua Rui Barbosa e a Avenida Cal\u00f3geras, no sentido Shopping Campo Grande\/Centro.<\/li>\n<\/ul>\n<h4 class=\"wp-block-heading\">Rotas alternativas<\/h4>\n<p>Durante as interdi\u00e7\u00f5es, os motoristas poder\u00e3o utilizar como alternativas a Avenida Cal\u00f3geras, Rua 14 de Julho at\u00e9 a Rua Maracaju, Rua Rui Barbosa, Rua E\u00e7a de Queiroz, Avenida Ernesto Geisel, no sentido Centro\/Shopping Campo Grande, e Rua Calarge.<\/p>\n<p>A Agetran orienta os condutores a planejarem os deslocamentos com anteced\u00eancia, redobrarem a aten\u00e7\u00e3o e respeitarem a sinaliza\u00e7\u00e3o nos locais de bloqueio.<\/p>\n<p><strong>Semu\u00a0abre inscri\u00e7\u00f5es para curso de manicure e pedicure\u00a0 \u2013 CGNot\u00edcias<\/strong><\/p>\n<p><strong>Secretaria de Assist\u00eancia Social lan\u00e7a Cartilha Alerta Lil\u00e1s no combate \u00e0 viol\u00eancia contra a mulher \u2013 Prefeitura Municipal de Bonito<\/strong><\/p>\n<p>As medidas buscam garantir a seguran\u00e7a de participantes e espectadores e contribuir para a organiza\u00e7\u00e3o e a fluidez do tr\u00e2nsito durante o desfile.<\/p>\n<\/div>\n<p><script async defer src=\"https:\/\/connect.facebook.net\/en_US\/sdk.js?ver=1#xfbml=1&amp;version=v3.2\" id=\"prefeitura-campogrande-script-facebook-sdk-js\" type=\"433d45fa003897a9fb3c65b4-text\/javascript\"><\/script><\/p>\n","protected":false},"excerpt":{"rendered":"<p>A Ag\u00eancia Municipal de Transporte e Tr\u00e2nsito (Agetran) realizar\u00e1 interdi\u00e7\u00f5es tempor\u00e1rias em vias da regi\u00e3o&#8230;<\/p>\n","protected":false},"author":2,"featured_media":0,"comment_status":"","ping_status":"","sticky":false,"template":"","format":"standard","meta":{"footnotes":""},"categories":[2],"tags":[],"class_list":["post-48257","post","type-post","status-publish","format-standard","hentry","category-jogos-ao-vivo"],"amp_enabled":true,"_links":{"self":[{"href":"https:\/\/ipatingafc.com.br\/index.php\/wp-json\/wp\/v2\/posts\/48257","targetHints":{"allow":["GET"]}}],"collection":[{"href":"https:\/\/ipatingafc.com.br\/index.php\/wp-json\/wp\/v2\/posts"}],"about":[{"href":"https:\/\/ipatingafc.com.br\/index.php\/wp-json\/wp\/v2\/types\/post"}],"author":[{"embeddable":true,"href":"https:\/\/ipatingafc.com.br\/index.php\/wp-json\/wp\/v2\/users\/2"}],"replies":[{"embeddable":true,"href":"https:\/\/ipatingafc.com.br\/index.php\/wp-json\/wp\/v2\/comments?post=48257"}],"version-history":[{"count":0,"href":"https:\/\/ipatingafc.com.br\/index.php\/wp-json\/wp\/v2\/posts\/48257\/revisions"}],"wp:attachment":[{"href":"https:\/\/ipatingafc.com.br\/index.php\/wp-json\/wp\/v2\/media?parent=48257"}],"wp:term":[{"taxonomy":"category","embeddable":true,"href":"https:\/\/ipatingafc.com.br\/index.php\/wp-json\/wp\/v2\/categories?post=48257"},{"taxonomy":"post_tag","embeddable":true,"href":"https:\/\/ipatingafc.com.br\/index.php\/wp-json\/wp\/v2\/tags?post=48257"}],"curies":[{"name":"wp","href":"https:\/\/api.w.org\/{rel}","templated":true}]}}