{"id":48262,"date":"2026-09-03T03:01:19","date_gmt":"2026-09-03T06:01:19","guid":{"rendered":"https:\/\/ipatingafc.com.br\/index.php\/2026\/09\/03\/motofaixas-comecam-a-ser-implantadas-na-linha-vermelha-prefeitura-da-cidade-do-rio-de-janeiro\/"},"modified":"2026-09-03T03:01:19","modified_gmt":"2026-09-03T06:01:19","slug":"motofaixas-comecam-a-ser-implantadas-na-linha-vermelha-prefeitura-da-cidade-do-rio-de-janeiro","status":"publish","type":"post","link":"https:\/\/ipatingafc.com.br\/index.php\/2026\/09\/03\/motofaixas-comecam-a-ser-implantadas-na-linha-vermelha-prefeitura-da-cidade-do-rio-de-janeiro\/","title":{"rendered":"Motofaixas come\u00e7am a ser implantadas na Linha Vermelha &#8211; Prefeitura da Cidade do Rio de Janeiro"},"content":{"rendered":"<p><\/p>\n<div>A Prefeitura do Rio iniciou a implanta\u00e7\u00e3o de motofaixas no sentido Centro da Linha Vermelha (Via Expressa Presidente Jo\u00e3o Goulart), dando sequ\u00eancia ao plano de expans\u00e3o das faixas preferenciais para motociclistas, que prev\u00ea 74 quil\u00f4metros at\u00e9 dezembro de 2026 em vias estrat\u00e9gicas da cidade. O objetivo \u00e9 ordenar o fluxo de ve\u00edculos e reduzir acidentes de tr\u00e2nsito em eixos de grande circula\u00e7\u00e3o vi\u00e1ria. A previs\u00e3o \u00e9 que esse novo trecho da via expressa \u2013 total de 35 quil\u00f4metros nos dois sentidos, entre o Caju e a Via Dutra \u2013 esteja conclu\u00eddo em 60 dias, mas depender\u00e1 das condi\u00e7\u00f5es clim\u00e1ticas.<\/p>\n<p>A CET-Rio realiza o servi\u00e7o de micro raspagem (ou microfresagem) do asfalto para a pintura, um desgaste superficial e controlado do pavimento feito por m\u00e1quinas espec\u00edficas. O objetivo principal \u00e9 remover sinaliza\u00e7\u00f5es antigas antes de aplicar uma nova demarca\u00e7\u00e3o vi\u00e1ria, garantindo que o piso fique limpo e plano. Ap\u00f3s esse processo, a via receber\u00e1 a pintura e sinaliza\u00e7\u00e3o em azul e branco, delimitando no asfalto o espa\u00e7o destinado \u00e0 circula\u00e7\u00e3o de motos.<\/p>\n<p>As equipes seguem trabalhando tamb\u00e9m na finaliza\u00e7\u00e3o de mais oito quil\u00f4metros de faixas preferenciais na Autoestrada Engenheiro Fernando Mac Dowell, no sentido Barra da Tijuca, entre a Avenida Niemeyer e a Avenida Embaixador Gabriel Landa, al\u00e9m da Avenida Engenheiro Freyssinet e do Elevado Rufino de Almeida Pizarro, em ambos os sentidos.<\/p>\n<p>A CET-Rio j\u00e1 concluiu a implanta\u00e7\u00e3o de 19 quil\u00f4metros de motofaixas no eixo Lagoa-Barra, abrangendo as avenidas Borges de Medeiros e Epit\u00e1cio Pessoa, a Rua M\u00e1rio Ribeiro, o T\u00fanel Ac\u00fastico Rafael Mascarenhas e a Avenida Padre Leonel Franca. Os motociclistas j\u00e1 podem utiliz\u00e1-las com mais disciplina e seguran\u00e7a, evitando colis\u00f5es, principalmente quando o tr\u00e1fego estiver lento. Os carros poder\u00e3o passar sobre ela, com aten\u00e7\u00e3o, somente no momento de mudan\u00e7a de faixa de tr\u00e2nsito.<\/p>\n<p>A primeira motofaixa do Rio foi criada em 2024 na autoestrada Engenheiro Fernando Mac Dowell, em S\u00e3o Conrado, no sentido Lagoa, com 2 quil\u00f4metros de extens\u00e3o. O corredor formado pela Avenida Rei Pel\u00e9 e Rua Teixeira Soares, no Maracan\u00e3, foi o segundo local e recebeu 2,4 quil\u00f4metros no sentido Centro, e 1,7 quil\u00f4metros no sentido M\u00e9ier.<\/p>\n<p>Estudos indicam alta ades\u00e3o dos motociclistas \u00e0s motofaixas, com \u00edndices entre 86% e 96%, al\u00e9m de melhora na organiza\u00e7\u00e3o do fluxo de ve\u00edculos. No entanto, a Prefeitura destaca que a seguran\u00e7a depende tamb\u00e9m de fiscaliza\u00e7\u00e3o e controle de velocidade, com uso de tecnologia, videomonitoramento e radares.<\/p>\n<\/div>\n","protected":false},"excerpt":{"rendered":"<p>A Prefeitura do Rio iniciou a implanta\u00e7\u00e3o de motofaixas no sentido Centro da Linha Vermelha&#8230;<\/p>\n","protected":false},"author":2,"featured_media":0,"comment_status":"","ping_status":"","sticky":false,"template":"","format":"standard","meta":{"footnotes":""},"categories":[2],"tags":[],"class_list":["post-48262","post","type-post","status-publish","format-standard","hentry","category-jogos-ao-vivo"],"amp_enabled":true,"_links":{"self":[{"href":"https:\/\/ipatingafc.com.br\/index.php\/wp-json\/wp\/v2\/posts\/48262","targetHints":{"allow":["GET"]}}],"collection":[{"href":"https:\/\/ipatingafc.com.br\/index.php\/wp-json\/wp\/v2\/posts"}],"about":[{"href":"https:\/\/ipatingafc.com.br\/index.php\/wp-json\/wp\/v2\/types\/post"}],"author":[{"embeddable":true,"href":"https:\/\/ipatingafc.com.br\/index.php\/wp-json\/wp\/v2\/users\/2"}],"replies":[{"embeddable":true,"href":"https:\/\/ipatingafc.com.br\/index.php\/wp-json\/wp\/v2\/comments?post=48262"}],"version-history":[{"count":0,"href":"https:\/\/ipatingafc.com.br\/index.php\/wp-json\/wp\/v2\/posts\/48262\/revisions"}],"wp:attachment":[{"href":"https:\/\/ipatingafc.com.br\/index.php\/wp-json\/wp\/v2\/media?parent=48262"}],"wp:term":[{"taxonomy":"category","embeddable":true,"href":"https:\/\/ipatingafc.com.br\/index.php\/wp-json\/wp\/v2\/categories?post=48262"},{"taxonomy":"post_tag","embeddable":true,"href":"https:\/\/ipatingafc.com.br\/index.php\/wp-json\/wp\/v2\/tags?post=48262"}],"curies":[{"name":"wp","href":"https:\/\/api.w.org\/{rel}","templated":true}]}}