{"id":48274,"date":"2026-09-03T12:21:12","date_gmt":"2026-09-03T15:21:12","guid":{"rendered":"https:\/\/ipatingafc.com.br\/index.php\/2026\/09\/03\/causa-da-morte-de-gracindo-jr-e-revelada\/"},"modified":"2026-09-03T12:21:12","modified_gmt":"2026-09-03T15:21:12","slug":"causa-da-morte-de-gracindo-jr-e-revelada","status":"publish","type":"post","link":"https:\/\/ipatingafc.com.br\/index.php\/2026\/09\/03\/causa-da-morte-de-gracindo-jr-e-revelada\/","title":{"rendered":"Causa da morte de Gracindo Jr. \u00e9 revelada"},"content":{"rendered":"<p><\/p>\n<div>\n<p><strong>O ator e diretor Gracindo Jr. morreu aos 83 anos na noite de ter\u00e7a-feira (1\u00ba), v\u00edtima de causas naturais, em sua casa no Rio de Janeiro. A informa\u00e7\u00e3o foi confirmada pela TV Globo na manh\u00e3 de quarta-feira (2).<\/strong><\/p>\n<p>Um dos nomes hist\u00f3ricos da televis\u00e3o brasileira, Gracindo Jr. deixa a esposa Daisy Poli, com quem esteve casado por quase 50 anos, e cinco filhos \u2014 entre eles os atores Gabriel Gracindo, 48, e Pedro Gracindo, 41. O corpo do artista ser\u00e1 cremado nesta quinta-feira (3), no Rio de Janeiro.<\/p>\n<h2>Mais de 50 anos de carreira<\/h2>\n<p>Filho do ator Paulo Gracindo (1911-1995), Gracindo Jr. dedicou mais de cinco d\u00e9cadas \u00e0 profiss\u00e3o e esteve entre os nomes que participaram da estreia da TV Globo, em abril de 1965 \u2014 ele j\u00e1 havia sido contratado pela emissora ainda em dezembro de 1964.<\/p>\n<p>\u201cEu entrei no in\u00edcio da TV Globo. Ela estreia em abril de 1965, em dezembro de 1964 eu j\u00e1 estava contratado\u201d, contou o ator ao Mem\u00f3ria Globo, em depoimento dado em 2022.<\/p>\n<p><strong>Juliano Cazarr\u00e9 lamenta estado da filha ap\u00f3s interna\u00e7\u00e3o no CTI<\/strong><\/p>\n<p><strong>Ex-BBB Nat\u00e1lia Deodato volta a trabalhar como manicure ap\u00f3s revelar dificuldades<\/strong><\/p>\n<p>Nascido Epaminondas Xavier Gracindo, ele come\u00e7ou a carreira ainda aos 15 anos, em 1959, atuando como ator e redator na R\u00e1dio Nacional. No teatro, estreou na pe\u00e7a \u201cA Escada\u201d, de Oswald de Andrade.<\/p>\n<h2>Trajet\u00f3ria na TV e no cinema<\/h2>\n<p>Na Globo, Gracindo Jr. participou de novelas marcantes como \u201cRosinha do Sobrado\u201d, \u201cPadre Ti\u00e3o\u201d, \u201cA Rainha Louca\u201d, \u201cA Pr\u00f3xima Atra\u00e7\u00e3o\u201d, \u201cOs Ossos do Bar\u00e3o\u201d e \u201cSupermanoela\u201d. Ele tamb\u00e9m contracenou com o pai, Paulo Gracindo, em \u201cO Bem Amado\u201d e em \u201cO Casar\u00e3o\u201d, produ\u00e7\u00f5es em que os dois dividiram o mesmo papel nas vers\u00f5es jovem e mais velha do protagonista.<\/p>\n<p>Sua trajet\u00f3ria inclui ainda t\u00edtulos como \u201cMandala\u201d, \u201cO Salvador da P\u00e1tria\u201d, \u201cRainha da Sucata\u201d, \u201cDeus nos Acuda\u201d, \u201cExplode Cora\u00e7\u00e3o\u201d, \u201cAnjo de Mim\u201d, \u201cEsplendor\u201d e \u201cCelebridade\u201d. Como diretor, comandou a novela \u201cMarron-Glac\u00e9\u201d e o programa \u201cOs Trapalh\u00f5es\u201d, al\u00e9m de criar e apresentar os primeiros videoclipes de artistas brasileiros exibidos pelo \u201cFant\u00e1stico\u201d.<\/p>\n<p>No cinema, o ator acumulou pap\u00e9is em filmes como \u201cOs Homens que eu Tive\u201d (1973), \u201cOs Trapalh\u00f5es na Serra Pelada\u201d (1982), \u201cFloresta das Esmeraldas\u201d (1985), \u201cDesterro\u201d (1991), \u201cA Selva\u201d (2004) e \u201cSeguran\u00e7a Nacional\u201d (2010).<\/p>\n<p><strong>Mait\u00ea Proen\u00e7a visita Gracindo J\u00fanior em um dos \u00faltimos encontros antes da morte do ator<\/strong><\/p>\n<p><strong>Filha de Sandra Annenberg aparece em clima de romance com a namorada e coment\u00e1rio de Ana Paula Ara\u00fajo chama aten\u00e7\u00e3o<\/strong><\/p>\n<p>J\u00e1 nos anos 2000, migrou para a TV Record, onde esteve em novelas como \u201cCidad\u00e3o Brasileiro\u201d e \u201cPoder Paralelo\u201d, al\u00e9m da miniss\u00e9rie \u201cRei Davi\u201d.<\/p>\n<p>Formado em psicologia, Gracindo Jr. nunca chegou a exercer a profiss\u00e3o, dedicando-se integralmente \u00e0s artes c\u00eanicas ao longo de toda a vida.<\/p>\n<\/div>\n","protected":false},"excerpt":{"rendered":"<p>O ator e diretor Gracindo Jr. morreu aos 83 anos na noite de ter\u00e7a-feira (1\u00ba),&#8230;<\/p>\n","protected":false},"author":2,"featured_media":0,"comment_status":"","ping_status":"","sticky":false,"template":"","format":"standard","meta":{"footnotes":""},"categories":[2],"tags":[],"class_list":["post-48274","post","type-post","status-publish","format-standard","hentry","category-jogos-ao-vivo"],"amp_enabled":true,"_links":{"self":[{"href":"https:\/\/ipatingafc.com.br\/index.php\/wp-json\/wp\/v2\/posts\/48274","targetHints":{"allow":["GET"]}}],"collection":[{"href":"https:\/\/ipatingafc.com.br\/index.php\/wp-json\/wp\/v2\/posts"}],"about":[{"href":"https:\/\/ipatingafc.com.br\/index.php\/wp-json\/wp\/v2\/types\/post"}],"author":[{"embeddable":true,"href":"https:\/\/ipatingafc.com.br\/index.php\/wp-json\/wp\/v2\/users\/2"}],"replies":[{"embeddable":true,"href":"https:\/\/ipatingafc.com.br\/index.php\/wp-json\/wp\/v2\/comments?post=48274"}],"version-history":[{"count":0,"href":"https:\/\/ipatingafc.com.br\/index.php\/wp-json\/wp\/v2\/posts\/48274\/revisions"}],"wp:attachment":[{"href":"https:\/\/ipatingafc.com.br\/index.php\/wp-json\/wp\/v2\/media?parent=48274"}],"wp:term":[{"taxonomy":"category","embeddable":true,"href":"https:\/\/ipatingafc.com.br\/index.php\/wp-json\/wp\/v2\/categories?post=48274"},{"taxonomy":"post_tag","embeddable":true,"href":"https:\/\/ipatingafc.com.br\/index.php\/wp-json\/wp\/v2\/tags?post=48274"}],"curies":[{"name":"wp","href":"https:\/\/api.w.org\/{rel}","templated":true}]}}