{"id":48279,"date":"2026-09-03T15:45:13","date_gmt":"2026-09-03T18:45:13","guid":{"rendered":"https:\/\/ipatingafc.com.br\/index.php\/2026\/09\/03\/apos-convulsoes-e-queda-brusca-na-saturacao-chega-nova-noticia-sobre-a-filha-de-juliano-cazarre\/"},"modified":"2026-09-03T15:45:13","modified_gmt":"2026-09-03T18:45:13","slug":"apos-convulsoes-e-queda-brusca-na-saturacao-chega-nova-noticia-sobre-a-filha-de-juliano-cazarre","status":"publish","type":"post","link":"https:\/\/ipatingafc.com.br\/index.php\/2026\/09\/03\/apos-convulsoes-e-queda-brusca-na-saturacao-chega-nova-noticia-sobre-a-filha-de-juliano-cazarre\/","title":{"rendered":"Ap\u00f3s convuls\u00f5es e queda brusca na satura\u00e7\u00e3o, chega nova not\u00edcia sobre a filha de Juliano Cazarr\u00e9"},"content":{"rendered":"<p><\/p>\n<div>\n<h2>Maria Guilhermina, de 4 anos, segue internada em CTI e passou por novos cuidados m\u00e9dicos ap\u00f3s intercorr\u00eancias durante a noite<\/h2>\n<p>A situa\u00e7\u00e3o de sa\u00fade de Maria Guilhermina, filha do ator Juliano Cazarr\u00e9 e de Let\u00edcia Cazarr\u00e9, voltou a preocupar familiares e seguidores nesta semana. A menina, de 4 anos, permanece internada em um Centro de Terapia Intensiva (CTI) e apresentou novas intercorr\u00eancias durante a noite.<\/p>\n<p>A atualiza\u00e7\u00e3o foi compartilhada por Let\u00edcia Cazarr\u00e9 nas redes sociais na quarta-feira (2). Segundo a m\u00e3e, Guilhermina teve <strong>duas crises convulsivas acompanhadas por uma queda brusca na satura\u00e7\u00e3o<\/strong>.<\/p>\n<p>De acordo com Let\u00edcia, a suspeita inicial \u00e9 de que os epis\u00f3dios tenham ocorrido ap\u00f3s um pico r\u00e1pido de febre. A menina recebeu medica\u00e7\u00e3o intravenosa e anticonvulsivantes para que pudesse ser estabilizada pela equipe m\u00e9dica.<\/p>\n<h3>Filha de Juliano Cazarr\u00e9 passou a noite em exame<\/h3>\n<p>Depois das intercorr\u00eancias, Maria Guilhermina permaneceu sob acompanhamento m\u00e9dico e passou a noite realizando um eletroencefalograma enquanto dormia.<\/p>\n<p><strong>Causa da morte de Gracindo Jr. \u00e9 revelada<\/strong><\/p>\n<p><strong>Juliano Cazarr\u00e9 lamenta estado da filha ap\u00f3s interna\u00e7\u00e3o no CTI<\/strong><\/p>\n<p>Na manh\u00e3 seguinte, Let\u00edcia voltou a falar sobre a filha e revelou que ela continuava dormindo desde as 22h. A m\u00e3e tamb\u00e9m descreveu que a menina estava bastante p\u00e1lida e inchada.<\/p>\n<p>\u201cContinuem rezando, amigos\u201d, pediu Let\u00edcia aos seguidores.<\/p>\n<p>A esposa de Juliano Cazarr\u00e9 tamb\u00e9m fez um novo apelo para que as pessoas continuassem em ora\u00e7\u00e3o pela recupera\u00e7\u00e3o da crian\u00e7a. Ela chegou a pedir que os seguidores fossem a uma missa ou simplesmente entrassem em uma igreja para rezar por Guilhermina.<\/p>\n<h3>Interna\u00e7\u00e3o come\u00e7ou ap\u00f3s quadro de gastroenterite<\/h3>\n<p>Maria Guilhermina foi internada no CTI no domingo (30 de agosto), depois de apresentar problemas de sa\u00fade durante alguns dias.<\/p>\n<p><strong>Ex-BBB Nat\u00e1lia Deodato volta a trabalhar como manicure ap\u00f3s revelar dificuldades<\/strong><\/p>\n<p><strong>Mait\u00ea Proen\u00e7a visita Gracindo J\u00fanior em um dos \u00faltimos encontros antes da morte do ator<\/strong><\/p>\n<p>Inicialmente, a crian\u00e7a chegou ao hospital com um quadro de gastroenterite. Posteriormente, segundo Juliano Cazarr\u00e9, os m\u00e9dicos identificaram tamb\u00e9m uma pneumonia e uma infec\u00e7\u00e3o considerada grave.<\/p>\n<p>O ator explicou que a filha possui baixa imunidade e que o quadro inicial acabou afetando outras partes do organismo. Guilhermina tamb\u00e9m precisou passar por um procedimento para receber um acesso venoso profundo pela jugular, j\u00e1 que os acessos convencionais n\u00e3o estavam sendo suficientes para a administra\u00e7\u00e3o dos medicamentos e do soro.<\/p>\n<h3>Uma hist\u00f3ria marcada por desafios<\/h3>\n<p>Maria Guilhermina nasceu em junho de 2022 com <strong>Anomalia de Ebstein<\/strong>, uma rara cardiopatia cong\u00eanita. Desde os primeiros meses de vida, a menina passou por interna\u00e7\u00f5es, cirurgias e diferentes tratamentos.<\/p>\n<p>A condi\u00e7\u00e3o card\u00edaca fez com que a fam\u00edlia enfrentasse uma longa trajet\u00f3ria de cuidados m\u00e9dicos. Por isso, cada nova interna\u00e7\u00e3o de Guilhermina acaba mobilizando os seguidores de Juliano e Let\u00edcia, que acompanham as atualiza\u00e7\u00f5es compartilhadas pelo casal.<\/p>\n<p>Na atual interna\u00e7\u00e3o, Let\u00edcia tem mostrado parte da rotina no hospital e refor\u00e7ado os pedidos de ora\u00e7\u00e3o pela filha.<\/p>\n<h3>Juliano Cazarr\u00e9 tamb\u00e9m desabafou<\/h3>\n<p>Durante a interna\u00e7\u00e3o, Juliano Cazarr\u00e9 falou sobre o sofrimento da filha e sobre a dificuldade de lidar com uma situa\u00e7\u00e3o t\u00e3o delicada envolvendo uma crian\u00e7a.<\/p>\n<p>O ator afirmou que \u00e9 especialmente dif\u00edcil compreender o sofrimento de algu\u00e9m inocente e compartilhou uma reflex\u00e3o sobre f\u00e9 e esperan\u00e7a diante do momento vivido pela fam\u00edlia.<\/p>\n<p>Apesar das novas intercorr\u00eancias, as informa\u00e7\u00f5es divulgadas at\u00e9 o momento indicam que Maria Guilhermina foi estabilizada ap\u00f3s os epis\u00f3dios e permanece sob acompanhamento intensivo.<\/p>\n<p>A fam\u00edlia continua pedindo ora\u00e7\u00f5es enquanto a menina recebe os cuidados necess\u00e1rios no hospital.<\/p>\n<p><strong>Seguimos na torcida pela recupera\u00e7\u00e3o de Maria Guilhermina.<\/strong><\/p>\n<\/div>\n","protected":false},"excerpt":{"rendered":"<p>Maria Guilhermina, de 4 anos, segue internada em CTI e passou por novos cuidados m\u00e9dicos&#8230;<\/p>\n","protected":false},"author":2,"featured_media":0,"comment_status":"","ping_status":"","sticky":false,"template":"","format":"standard","meta":{"footnotes":""},"categories":[2],"tags":[],"class_list":["post-48279","post","type-post","status-publish","format-standard","hentry","category-jogos-ao-vivo"],"amp_enabled":true,"_links":{"self":[{"href":"https:\/\/ipatingafc.com.br\/index.php\/wp-json\/wp\/v2\/posts\/48279","targetHints":{"allow":["GET"]}}],"collection":[{"href":"https:\/\/ipatingafc.com.br\/index.php\/wp-json\/wp\/v2\/posts"}],"about":[{"href":"https:\/\/ipatingafc.com.br\/index.php\/wp-json\/wp\/v2\/types\/post"}],"author":[{"embeddable":true,"href":"https:\/\/ipatingafc.com.br\/index.php\/wp-json\/wp\/v2\/users\/2"}],"replies":[{"embeddable":true,"href":"https:\/\/ipatingafc.com.br\/index.php\/wp-json\/wp\/v2\/comments?post=48279"}],"version-history":[{"count":0,"href":"https:\/\/ipatingafc.com.br\/index.php\/wp-json\/wp\/v2\/posts\/48279\/revisions"}],"wp:attachment":[{"href":"https:\/\/ipatingafc.com.br\/index.php\/wp-json\/wp\/v2\/media?parent=48279"}],"wp:term":[{"taxonomy":"category","embeddable":true,"href":"https:\/\/ipatingafc.com.br\/index.php\/wp-json\/wp\/v2\/categories?post=48279"},{"taxonomy":"post_tag","embeddable":true,"href":"https:\/\/ipatingafc.com.br\/index.php\/wp-json\/wp\/v2\/tags?post=48279"}],"curies":[{"name":"wp","href":"https:\/\/api.w.org\/{rel}","templated":true}]}}