{"id":48290,"date":"2026-09-03T22:37:15","date_gmt":"2026-09-04T01:37:15","guid":{"rendered":"https:\/\/ipatingafc.com.br\/index.php\/2026\/09\/03\/rock-in-rio-2026-cet-rio-inicia-operacao-especial-de-transito-nesta-sexta-feira-prefeitura-da-cidade-do-rio-de-janeiro\/"},"modified":"2026-09-03T22:37:15","modified_gmt":"2026-09-04T01:37:15","slug":"rock-in-rio-2026-cet-rio-inicia-operacao-especial-de-transito-nesta-sexta-feira-prefeitura-da-cidade-do-rio-de-janeiro","status":"publish","type":"post","link":"https:\/\/ipatingafc.com.br\/index.php\/2026\/09\/03\/rock-in-rio-2026-cet-rio-inicia-operacao-especial-de-transito-nesta-sexta-feira-prefeitura-da-cidade-do-rio-de-janeiro\/","title":{"rendered":"Rock in Rio 2026: CET-Rio inicia opera\u00e7\u00e3o especial de tr\u00e2nsito nesta sexta-feira &#8211; Prefeitura da Cidade do Rio de Janeiro"},"content":{"rendered":"<p><\/p>\n<div>\n                     O Rock in Rio come\u00e7a nesta sexta-feira &#8211; Foto Marcelo Piu\/Prefeitura do Rio                  <\/div>\n<div>\n<p>A Companhia de Engenharia de Tr\u00e1fego do Rio de Janeiro (CET-Rio) inicia nesta sexta-feira (04\/09) as interdi\u00e7\u00f5es de tr\u00e2nsito no entorno do Parque Ol\u00edmpico, na Barra Ol\u00edmpica, para mais uma edi\u00e7\u00e3o do Rock in Rio. A opera\u00e7\u00e3o especial de tr\u00e2nsito prev\u00ea bloqueios em diversas vias das 14h \u00e0s 5h, em cada dia do festival: 4, 5, 6, 7, 11, 12 e 13 de setembro.<\/p>\n<p>Para viabilizar a chegada e a sa\u00edda do p\u00fablico ao evento, a circula\u00e7\u00e3o estar\u00e1 restrita e com proibi\u00e7\u00e3o de estacionamento. Somente ve\u00edculos de moradores cadastrados, ve\u00edculos oficiais e o BRT poder\u00e3o acessar a \u00e1rea bloqueada.<\/p>\n<p>O controle de acesso \u00e0 \u00e1rea bloqueada para a realiza\u00e7\u00e3o do festival ser\u00e1 por meio de leitura de placas atrav\u00e9s do sistema OCR (Optical Character Recognition) e Totens de alta visibilidade para a confirma\u00e7\u00e3o do Status de acesso do ve\u00edculo em tempo real.<\/p>\n<p>Os moradores previamente cadastrados receber\u00e3o \u201cluz verde\u201d para acesso. Os demais ve\u00edculos, sem cadastro, receber\u00e3o \u201cluz vermelha\u201d e ser\u00e3o direcionados para fora da \u00e1rea de bloqueio. Esse processo agiliza a libera\u00e7\u00e3o dos carros e melhora a fluidez, pois somente os ve\u00edculos cadastrados ter\u00e3o acesso \u00e0 regi\u00e3o.<\/p>\n<p>Al\u00e9m disso, haver\u00e1 a atua\u00e7\u00e3o de agentes de tr\u00e2nsito por meio de fiscaliza\u00e7\u00e3o por videomonitoramento. O objetivo \u00e9 garantir a mobilidade nas vias de acesso \u00e0 Cidade do Rock e tamb\u00e9m coibir poss\u00edveis irregularidades dentro da \u00e1rea bloqueada, como o estacionamento em local proibido, por exemplo. As vias onde a a\u00e7\u00e3o ser\u00e1 desenvolvida estar\u00e3o devidamente sinalizadas conforme determina a Resolu\u00e7\u00e3o Contran 909\/2022. Al\u00e9m das equipes atuando na regi\u00e3o, agentes de tr\u00e2nsito estar\u00e3o fiscalizando remotamente, por meio das c\u00e2meras, em tempo real, eventuais infra\u00e7\u00f5es de tr\u00e2nsito que estejam sendo cometidas.<\/p>\n<p>Em cada dia do evento, a CET-Rio ir\u00e1 contar com 210 profissionais nas a\u00e7\u00f5es de tr\u00e2nsito, entre operadores e equipe de apoio; 20 ve\u00edculos operacionais e 40 motocicletas ser\u00e3o empenhados no trabalho de manter a fluidez do tr\u00e2nsito, coibir irregularidades e orientar pedestres e motoristas. Al\u00e9m disso, 39 pain\u00e9is de mensagens vari\u00e1veis m\u00f3veis e fixos ir\u00e3o refor\u00e7ar a divulga\u00e7\u00e3o sobre os hor\u00e1rios dos fechamentos de vias e rotas alternativas.<\/p>\n<p>T\u00e9cnicos da CET-Rio, no Centro de Opera\u00e7\u00f5es Rio (COR), ir\u00e3o monitorar toda a \u00e1rea do evento por meio das c\u00e2meras para que, se necess\u00e1rio, sejam feitos ajustes semaf\u00f3ricos a fim de manter as boas condi\u00e7\u00f5es de tr\u00e2nsito.<\/p>\n<p>Para desobstru\u00e7\u00e3o r\u00e1pida em caso de acidentes ou avarias de ve\u00edculos, 17 reboques da CET-Rio ser\u00e3o posicionados em pontos estrat\u00e9gicos das principais vias da regi\u00e3o.<\/p>\n<p><b>Interdi\u00e7\u00f5es<\/b><\/p>\n<p><b>Das 14h \u00e0s 05h durante todos os dias de evento<\/b><\/p>\n<p>\u25cf \u00a0 \u00a0 \u00a0 \u00a0Av. Embaixador Abelardo Bueno em toda a sua extens\u00e3o, e a Av. Engenheiro Carlos Carvalho entre a Estrada Coronel Pedro Correa e a Estrada Arroio Pavuna;<br \/>\u25cf \u00a0 \u00a0 \u00a0 \u00a0Estrada Coronel Pedro Corr\u00eaa, entre o retorno da Esta\u00e7\u00e3o de BRT Pedro Corr\u00eaa e a Avenida Abelardo Bueno;<br \/>\u25cf \u00a0 \u00a0 \u00a0 \u00a0Av. Salvador Allende, pista lateral, sentido Estrada dos Bandeirantes, entre a agulha da pista lateral para a pista central, na altura da Rua Pedro Calmon at\u00e9 a agulha da pista central para a pista lateral, pr\u00f3ximo \u00e0 Esta\u00e7\u00e3o do BRT Morro do Outeiro;<br \/>\u25cf \u00a0 \u00a0 \u00a0 \u00a0Rua Aroazes;<br \/>\u25cf \u00a0 \u00a0 \u00a0 \u00a0Avenida Jaime Poggi;<br \/>\u25cf \u00a0 \u00a0 \u00a0 \u00a0Rua Franz Weissman;<br \/>\u25cf \u00a0 \u00a0 \u00a0 \u00a0Rua Francisco de Paula, entre a Av. Embaixador Abelardo Bueno e a Av. Jaime Poggi;<br \/>\u25cf \u00a0 \u00a0 \u00a0 \u00a0Rua Jorge Faraj;<br \/>\u25cf \u00a0 \u00a0 \u00a0 \u00a0Rua Bruno Giorgi, entre outras.<\/p>\n<p><b>Rotas alternativas<\/b><\/p>\n<p>Os ve\u00edculos, que normalmente trafegam pela Av. Embaixador Abelardo Bueno, dever\u00e3o utilizar as seguintes rotas alternativas:<\/p>\n<p>\u25cf \u00a0 \u00a0 \u00a0 \u00a0<b>RECREIO \u2013 JACAREPAGU\u00c1<\/b><br \/>Av. Lucio Costa, Av. das Am\u00e9ricas e Av. Ayrton Senna.<\/p>\n<p>\u25cf \u00a0 \u00a0 \u00a0 \u00a0<b>CENTRO (VIA LINHA AMARELA) \u2013 RECREIO \/ VARGENS<\/b><br \/>Os ve\u00edculos provenientes do Centro, via Linha Amarela, dever\u00e3o utilizar a Av. Ayrton Senna, Av. das Am\u00e9ricas e Av. Benvindo de Novaes.<\/p>\n<p>\u25cf \u00a0 \u00a0 \u00a0\u00a0<b>\u00a0BARRA \/ RECREIO \u2013 TRANSOL\u00cdMPICA<\/b><br \/>Os motoristas dever\u00e3o seguir pela Av. Salvador Allende. J\u00e1 os condutores pela Av. Embaixador Abelardo Bueno poder\u00e3o seguir pela Estrada Arroio Pavuna, Estrada dos Bandeirantes e, em seguida, acessar a Transol\u00edmpica utilizando a Estrada Calmete.<\/p>\n<p><b>Moradores<\/b><\/p>\n<p>Os ve\u00edculos dos moradores do entorno imediato da Cidade do Rock foram previamente credenciados e dever\u00e3o acessar suas resid\u00eancias seguindo as orienta\u00e7\u00f5es durante o processo de credenciamento. Devido ao grande n\u00famero de pedestres na \u00e1rea bloqueada, os moradores devem evitar circular de carro, sempre que poss\u00edvel.<\/p>\n<p><b>Proibi\u00e7\u00e3o de estacionamento<\/b><\/p>\n<p>Nos dias de evento estar\u00e1 proibido o estacionamento, al\u00e9m dos locais j\u00e1 regulamentados, em diversas vias da regi\u00e3o. \u00c9 indispens\u00e1vel que os motoristas observem toda a sinaliza\u00e7\u00e3o instalada para que n\u00e3o tenham seus ve\u00edculos removidos para os dep\u00f3sitos p\u00fablicos.<\/p>\n<p><b>Opera\u00e7\u00f5es de rotina da cidade<\/b><\/p>\n<p>Durante os dias do festival, estar\u00e3o suspensas as interdi\u00e7\u00f5es para manuten\u00e7\u00e3o dos t\u00faneis do munic\u00edpio e a \u00c1rea de Prote\u00e7\u00e3o ao Ciclismo de Competi\u00e7\u00e3o (APCC) do Porto. As faixas revers\u00edveis e as \u00e1reas de lazer funcionar\u00e3o normalmente.<\/p>\n<p><b>Recomenda\u00e7\u00f5es importantes<\/b><\/p>\n<p>\u25cf \u00a0 \u00a0 \u00a0 \u00a0Deve ser evitada a circula\u00e7\u00e3o nas vias no entorno do evento, principalmente Av. Abelardo Bueno, Estrada dos Bandeirantes e Av. Salvador Allende e Av. Engenheiro Carlos Carvalho.<\/p>\n<p>\u25cf \u00a0 \u00a0 \u00a0 \u00a0N\u00e3o haver\u00e1 local destinado a estacionamento no entorno do evento. A principal recomenda\u00e7\u00e3o para chegar e sair do evento \u00e9 a utiliza\u00e7\u00e3o do transporte p\u00fablico, principalmente o BRT, Metr\u00f4 e suas integra\u00e7\u00f5es.<\/p>\n<p>\u00a0<\/p>\n<\/div>\n","protected":false},"excerpt":{"rendered":"<p>O Rock in Rio come\u00e7a nesta sexta-feira &#8211; Foto Marcelo Piu\/Prefeitura do Rio A Companhia&#8230;<\/p>\n","protected":false},"author":2,"featured_media":0,"comment_status":"","ping_status":"","sticky":false,"template":"","format":"standard","meta":{"footnotes":""},"categories":[2],"tags":[],"class_list":["post-48290","post","type-post","status-publish","format-standard","hentry","category-jogos-ao-vivo"],"amp_enabled":true,"_links":{"self":[{"href":"https:\/\/ipatingafc.com.br\/index.php\/wp-json\/wp\/v2\/posts\/48290","targetHints":{"allow":["GET"]}}],"collection":[{"href":"https:\/\/ipatingafc.com.br\/index.php\/wp-json\/wp\/v2\/posts"}],"about":[{"href":"https:\/\/ipatingafc.com.br\/index.php\/wp-json\/wp\/v2\/types\/post"}],"author":[{"embeddable":true,"href":"https:\/\/ipatingafc.com.br\/index.php\/wp-json\/wp\/v2\/users\/2"}],"replies":[{"embeddable":true,"href":"https:\/\/ipatingafc.com.br\/index.php\/wp-json\/wp\/v2\/comments?post=48290"}],"version-history":[{"count":0,"href":"https:\/\/ipatingafc.com.br\/index.php\/wp-json\/wp\/v2\/posts\/48290\/revisions"}],"wp:attachment":[{"href":"https:\/\/ipatingafc.com.br\/index.php\/wp-json\/wp\/v2\/media?parent=48290"}],"wp:term":[{"taxonomy":"category","embeddable":true,"href":"https:\/\/ipatingafc.com.br\/index.php\/wp-json\/wp\/v2\/categories?post=48290"},{"taxonomy":"post_tag","embeddable":true,"href":"https:\/\/ipatingafc.com.br\/index.php\/wp-json\/wp\/v2\/tags?post=48290"}],"curies":[{"name":"wp","href":"https:\/\/api.w.org\/{rel}","templated":true}]}}