{"id":48293,"date":"2026-09-04T04:03:21","date_gmt":"2026-09-04T07:03:21","guid":{"rendered":"https:\/\/ipatingafc.com.br\/index.php\/2026\/09\/04\/carreta-da-saude-leva-consultas-e-exames-especializados-para-bonito-em-setembro\/"},"modified":"2026-09-04T04:03:21","modified_gmt":"2026-09-04T07:03:21","slug":"carreta-da-saude-leva-consultas-e-exames-especializados-para-bonito-em-setembro","status":"publish","type":"post","link":"https:\/\/ipatingafc.com.br\/index.php\/2026\/09\/04\/carreta-da-saude-leva-consultas-e-exames-especializados-para-bonito-em-setembro\/","title":{"rendered":"Carreta da Sa\u00fade leva consultas e exames especializados para Bonito em setembro"},"content":{"rendered":"<p><\/p>\n<div>\n<p class=\"wp-block-paragraph\">Bonito recebe, entre os dias 8 e 10 de setembro, o projeto Carreta da Sa\u00fade \u2013 Sa\u00fade Mais Perto de Voc\u00ea, uma grande a\u00e7\u00e3o concentrada de atendimento m\u00e9dico que ser\u00e1 realizada na Pra\u00e7a da R\u00e1dio. A iniciativa busca ampliar o acesso da popula\u00e7\u00e3o a consultas especializadas, exames e avalia\u00e7\u00f5es cl\u00ednicas.<\/p>\n<p class=\"wp-block-paragraph\">A estrutura contar\u00e1 com quatro carretas, mais de 20 consult\u00f3rios e 12 especialidades m\u00e9dicas, com espa\u00e7os destinados aos atendimentos, realiza\u00e7\u00e3o de exames, recep\u00e7\u00e3o, triagem e organiza\u00e7\u00e3o dos pacientes.<\/p>\n<p class=\"wp-block-paragraph\">Ser\u00e3o ofertados atendimentos em urologia, pediatria, ginecologia, ortopedia, cirurgia vascular, endocrinologia, psiquiatria, neurologia adulto, neuropediatria, cardiologia, oftalmologia e cl\u00ednica geral.<\/p>\n<p><strong>Com risco de vendavais, Defesa Civil emite alerta amarelo\u00a0 \u2013 CGNot\u00edcias<\/strong><\/p>\n<p><strong>AUTORIZA\u00c7\u00c3O DA INEXIGIBILIDADE N\u00ba. 25\/2026 \u2013 Prefeitura Municipal de Bonito<\/strong><\/p>\n<p class=\"wp-block-paragraph\">A proposta \u00e9 concentrar diferentes etapas do atendimento em um mesmo local, possibilitando, sempre que poss\u00edvel, que o paciente passe por triagem, consulta, exame, avalia\u00e7\u00e3o e defini\u00e7\u00e3o de conduta, com encaminhamento para outros servi\u00e7os quando necess\u00e1rio.<\/p>\n<p class=\"wp-block-paragraph\">A organiza\u00e7\u00e3o dos atendimentos ser\u00e1 realizada previamente pela Secretaria Municipal de Sa\u00fade, priorizando pacientes que j\u00e1 aguardam nas filas de especialidades, demandas reprimidas identificadas pela Regula\u00e7\u00e3o, pessoas encaminhadas pela Aten\u00e7\u00e3o Prim\u00e1ria, crian\u00e7as e pacientes priorit\u00e1rios, al\u00e9m de casos que necessitem de consulta associada \u00e0 realiza\u00e7\u00e3o de exames.<\/p>\n<p class=\"wp-block-paragraph\"><strong>Importante:<\/strong> os atendimentos ser\u00e3o organizados previamente pela Secretaria de Sa\u00fade. Para tirar d\u00favidas ou obter mais informa\u00e7\u00f5es sobre a a\u00e7\u00e3o, a popula\u00e7\u00e3o pode procurar o CEM, localizado na Rua Nossa Senhora da Penha, 694, Centro.<\/p>\n<p class=\"wp-block-paragraph\">Com a chegada das carretas, o munic\u00edpio amplia a oferta de atendimentos especializados e concentra consultas e exames em uma estrutura preparada para atender diferentes demandas da popula\u00e7\u00e3o.<\/p>\n<p><strong>Edital convoca agricultores para fornecer hortifruti ao PAA \u2013 CGNot\u00edcias<\/strong><\/p>\n<p><strong>Funesp\u00a0e CBF debatem melhorias para o futebol da Capital\u00a0\u00a0 \u2013 CGNot\u00edcias<\/strong><\/p>\n<figure class=\"wp-block-gallery has-nested-images columns-default is-cropped wp-block-gallery-1 is-layout-flex wp-block-gallery-is-layout-flex\">\n<figure class=\"wp-block-image size-large\"><\/figure>\n<figure class=\"wp-block-image size-large\"><\/figure>\n<figure class=\"wp-block-image size-large\"><\/figure>\n<\/figure>\n<figure class=\"wp-block-image size-large is-resized\"><\/figure>\n<\/div>\n","protected":false},"excerpt":{"rendered":"<p>Bonito recebe, entre os dias 8 e 10 de setembro, o projeto Carreta da Sa\u00fade&#8230;<\/p>\n","protected":false},"author":2,"featured_media":0,"comment_status":"","ping_status":"","sticky":false,"template":"","format":"standard","meta":{"footnotes":""},"categories":[2],"tags":[],"class_list":["post-48293","post","type-post","status-publish","format-standard","hentry","category-jogos-ao-vivo"],"amp_enabled":true,"_links":{"self":[{"href":"https:\/\/ipatingafc.com.br\/index.php\/wp-json\/wp\/v2\/posts\/48293","targetHints":{"allow":["GET"]}}],"collection":[{"href":"https:\/\/ipatingafc.com.br\/index.php\/wp-json\/wp\/v2\/posts"}],"about":[{"href":"https:\/\/ipatingafc.com.br\/index.php\/wp-json\/wp\/v2\/types\/post"}],"author":[{"embeddable":true,"href":"https:\/\/ipatingafc.com.br\/index.php\/wp-json\/wp\/v2\/users\/2"}],"replies":[{"embeddable":true,"href":"https:\/\/ipatingafc.com.br\/index.php\/wp-json\/wp\/v2\/comments?post=48293"}],"version-history":[{"count":0,"href":"https:\/\/ipatingafc.com.br\/index.php\/wp-json\/wp\/v2\/posts\/48293\/revisions"}],"wp:attachment":[{"href":"https:\/\/ipatingafc.com.br\/index.php\/wp-json\/wp\/v2\/media?parent=48293"}],"wp:term":[{"taxonomy":"category","embeddable":true,"href":"https:\/\/ipatingafc.com.br\/index.php\/wp-json\/wp\/v2\/categories?post=48293"},{"taxonomy":"post_tag","embeddable":true,"href":"https:\/\/ipatingafc.com.br\/index.php\/wp-json\/wp\/v2\/tags?post=48293"}],"curies":[{"name":"wp","href":"https:\/\/api.w.org\/{rel}","templated":true}]}}