{"id":48296,"date":"2026-09-04T10:22:12","date_gmt":"2026-09-04T13:22:12","guid":{"rendered":"https:\/\/ipatingafc.com.br\/index.php\/2026\/09\/04\/van-do-emprego-e-qualificacao-atende-em-cinco-enderecos-na-proxima-semana-8-a-11-de-setembro-agencia-de-noticias\/"},"modified":"2026-09-04T10:22:12","modified_gmt":"2026-09-04T13:22:12","slug":"van-do-emprego-e-qualificacao-atende-em-cinco-enderecos-na-proxima-semana-8-a-11-de-setembro-agencia-de-noticias","status":"publish","type":"post","link":"https:\/\/ipatingafc.com.br\/index.php\/2026\/09\/04\/van-do-emprego-e-qualificacao-atende-em-cinco-enderecos-na-proxima-semana-8-a-11-de-setembro-agencia-de-noticias\/","title":{"rendered":"Van do Emprego e Qualifica\u00e7\u00e3o atende em cinco endere\u00e7os na pr\u00f3xima semana (8 a 11 de setembro) \u2013 Ag\u00eancia de Not\u00edcias"},"content":{"rendered":"<p><\/p>\n<div>\n<div class=\"col\">\n<p class=\"mt-0\">\n\t\t\t\t\t\t<strong><br \/>\n\t\t\t\t\t\t\t<span class=\"far fa-calendar mr-1 mt-2\"\/><br \/>\n\t\t\t\t\t\t\t4 de setembro de 2026<br \/>\n\t\t\t\t\t\t\t<span class=\"far fa-clock ml-3 mt-2\"\/><br \/>\n\t\t\t\t\t\t\t9:08<br \/>\n\t\t\t\t\t\t<\/strong>\n\t\t\t\t\t<\/p>\n<p class=\"mb-0\">Por: <strong>Maur\u00edcio Marra<\/strong><\/p>\n<\/p><\/div>\n<\/p><\/div>\n<div>\n<p align=\"center\">\n<p class=\"\" align=\"justify\">A Van do Emprego e Qualifica\u00e7\u00e3o, mantida pela Secretaria de Rela\u00e7\u00f5es do Trabalho e Qualifica\u00e7\u00e3o Profissional (Sert), da Prefeitura de Sorocaba, atender\u00e1, entre os dias 8 a 11 de setembro, em cinco endere\u00e7os da cidade.<\/p>\n<p class=\"\" align=\"justify\">Visando facilitar o acesso aos interessados, os servi\u00e7os come\u00e7ar\u00e3o na ter\u00e7a-feira (8), das 9h \u00e0s 11h e das 14 \u00e0s 16h, no Terminal S\u00e3o Paulo, localizado na Rua Leopoldo Machado, 259, no Centro. Na quarta-feira (9), das 9h \u00e0s 11h, a Van do Emprego e Qualifica\u00e7\u00e3o estar\u00e1 no Centro de Refer\u00eancia em Assist\u00eancia Social (Cras) Brigadeiro Tobias, que fica na Av. Bandeirante, 3.835; e das 14h \u00e0s 16h, no Terminal Santo Antonio, localizado na Av. Afonso Vergueiro, 733, no Centro.<\/p>\n<p class=\"\" align=\"justify\">Na quinta-feira (10), das 9h \u00e0s 12h, o atendimento na Van ocorrer\u00e1 na Casa do Cidad\u00e3o do \u00c9den, com processo seletivo junto \u00e0 empresa Vale RH, na Rua Bonif\u00e1cio de Oliveira Cass\u00fa, 80. Por fim, na sexta-feira (11), a Van estar\u00e1, das 9h30 \u00e0s 16h, acompanhando a\u00e7\u00f5es da prefeitura, na Rua Abdias Ribeiro dos Santos, 73 (em frente \u00e0 CEI 129 e 130), no Carand\u00e1.<\/p>\n<p class=\"\" align=\"justify\">Na Van, o morador que est\u00e1 em busca de vaga no mercado de trabalho \u00e9 atendido da mesma forma que na Casa do Trabalhador\/Sistema Nacional do Emprego (Sine), no Centro, ou em uma das Casas do Cidad\u00e3o, ampliando, ainda mais, o acesso do sorocabano \u00e0s oportunidades de emprego.<\/p>\n<p class=\"\" align=\"justify\">A Casa do Trabalhador tamb\u00e9m realiza atendimentos sem necessidade de agendamento pr\u00e9vio em sua unidade fixa, na Rua Coronel Cavalheiros, 353, Centro, de segunda a sexta-feira, das 8h \u00e0s 16h, assim como nas Casas do Cidad\u00e3o Zeladoria.<\/p>\n<p class=\"\" align=\"justify\">Os interessados devem levar carteira de trabalho, CPF e RG. Al\u00e9m disso, podem consultar vagas de emprego e enviar curr\u00edculo pelos computadores dispon\u00edveis para uso da popula\u00e7\u00e3o na Casa do Trabalhador. Mais informa\u00e7\u00f5es, pelo WhatsApp: (15) 99149-2474.<\/p>\n<\/p><\/div>\n","protected":false},"excerpt":{"rendered":"<p>4 de setembro de 2026 9:08 Por: Maur\u00edcio Marra A Van do Emprego e Qualifica\u00e7\u00e3o,&#8230;<\/p>\n","protected":false},"author":2,"featured_media":0,"comment_status":"","ping_status":"","sticky":false,"template":"","format":"standard","meta":{"footnotes":""},"categories":[2],"tags":[],"class_list":["post-48296","post","type-post","status-publish","format-standard","hentry","category-jogos-ao-vivo"],"amp_enabled":true,"_links":{"self":[{"href":"https:\/\/ipatingafc.com.br\/index.php\/wp-json\/wp\/v2\/posts\/48296","targetHints":{"allow":["GET"]}}],"collection":[{"href":"https:\/\/ipatingafc.com.br\/index.php\/wp-json\/wp\/v2\/posts"}],"about":[{"href":"https:\/\/ipatingafc.com.br\/index.php\/wp-json\/wp\/v2\/types\/post"}],"author":[{"embeddable":true,"href":"https:\/\/ipatingafc.com.br\/index.php\/wp-json\/wp\/v2\/users\/2"}],"replies":[{"embeddable":true,"href":"https:\/\/ipatingafc.com.br\/index.php\/wp-json\/wp\/v2\/comments?post=48296"}],"version-history":[{"count":0,"href":"https:\/\/ipatingafc.com.br\/index.php\/wp-json\/wp\/v2\/posts\/48296\/revisions"}],"wp:attachment":[{"href":"https:\/\/ipatingafc.com.br\/index.php\/wp-json\/wp\/v2\/media?parent=48296"}],"wp:term":[{"taxonomy":"category","embeddable":true,"href":"https:\/\/ipatingafc.com.br\/index.php\/wp-json\/wp\/v2\/categories?post=48296"},{"taxonomy":"post_tag","embeddable":true,"href":"https:\/\/ipatingafc.com.br\/index.php\/wp-json\/wp\/v2\/tags?post=48296"}],"curies":[{"name":"wp","href":"https:\/\/api.w.org\/{rel}","templated":true}]}}