{"id":48297,"date":"2026-09-04T11:09:15","date_gmt":"2026-09-04T14:09:15","guid":{"rendered":"https:\/\/ipatingafc.com.br\/index.php\/2026\/09\/04\/juvrio-premia-50-jovens-com-ingressos-para-o-rock-in-rio-apos-maratona-de-inovacao-prefeitura-da-cidade-do-rio-de-janeiro\/"},"modified":"2026-09-04T11:09:15","modified_gmt":"2026-09-04T14:09:15","slug":"juvrio-premia-50-jovens-com-ingressos-para-o-rock-in-rio-apos-maratona-de-inovacao-prefeitura-da-cidade-do-rio-de-janeiro","status":"publish","type":"post","link":"https:\/\/ipatingafc.com.br\/index.php\/2026\/09\/04\/juvrio-premia-50-jovens-com-ingressos-para-o-rock-in-rio-apos-maratona-de-inovacao-prefeitura-da-cidade-do-rio-de-janeiro\/","title":{"rendered":"JUVRio premia 50 jovens com ingressos para o Rock in Rio ap\u00f3s maratona de inova\u00e7\u00e3o &#8211; Prefeitura da Cidade do Rio de Janeiro"},"content":{"rendered":"<p><\/p>\n<div wp_automatic_readability=\"207.68792004136\">\n<div class=\"image-post\" wp_automatic_readability=\"36\">\n                     Ap\u00f3s a competi\u00e7\u00e3o, as equipes vencedoras ter\u00e3o suas solu\u00e7\u00f5es acompanhadas pela Usina de Startups, com mentorias e orienta\u00e7\u00e3o especializada para desenvolver e transformar as ideias em projetos reais &#8211; Divulga\u00e7\u00e3o \/ JUV Rio                  <\/div>\n<p dir=\"ltr\">A Prefeitura do Rio, por meio da Secretaria Municipal da Juventude Carioca (JUVRio), realizou, na \u00faltima ter\u00e7a-feira (1\/9), o JUV in Rio \u2013 Hackathon Rock in Rio, uma jornada de criatividade, tecnologia, inova\u00e7\u00e3o e protagonismo juvenil que reuniu 100 jovens cariocas, de 16 a 29 anos, na Casa da Juventude Centro, na Gamboa.<\/p>\n<p dir=\"ltr\">A iniciativa foi realizada pela JUVRio, por meio do Clube de Oportunidades, em parceria oficial com a Junior Achievement e o Rock in Rio.<\/p>\n<p dir=\"ltr\">As dez equipes mais bem classificadas foram premiadas, e seus integrantes conquistaram ingressos para o Rock in Rio 2026, com acesso para o dia 13 de setembro. Como cada equipe \u00e9 formada por cinco participantes, 50 jovens ir\u00e3o \u00e0 Cidade do Rock. Dez mentores que orientaram na formula\u00e7\u00e3o das ideias dos jovens tamb\u00e9m receber\u00e3o ingressos.<\/p>\n<p dir=\"ltr\">Ao longo de seis horas de imers\u00e3o, os participantes foram desafiados a desenvolver solu\u00e7\u00f5es relacionadas ao tema \u201cPor Um Mundo Melhor\u201d, utilizando criatividade, pensamento cr\u00edtico, tecnologia, inova\u00e7\u00e3o, colabora\u00e7\u00e3o e impacto social para responder a problemas reais.<\/p>\n<p dir=\"ltr\">Inspirada na metodologia Innovation Camp, da Junior Achievement, a din\u00e2mica utilizou ferramentas de Design Thinking, uma abordagem centrada nas pessoas e baseada em processos colaborativos e emp\u00e1ticos. Os jovens trabalharam em equipes, investigaram problemas, levantaram possibilidades, testaram hip\u00f3teses e desenvolveram propostas que foram apresentadas a uma banca avaliadora ao final da atividade.<\/p>\n<p dir=\"ltr\">O desafio tamb\u00e9m estimulou os participantes a transformar suas ideias em solu\u00e7\u00f5es concretas. Durante a jornada, as equipes contaram com o apoio de mentores e volunt\u00e1rios para estruturar suas propostas e preparar o pitch, apresenta\u00e7\u00e3o em que precisaram explicar o problema identificado, a solu\u00e7\u00e3o desenvolvida, seu potencial de impacto e a viabilidade da ideia.<\/p>\n<p dir=\"ltr\">Desde 2025, o Clube de Oportunidades j\u00e1 beneficiou mais de 11 mil jovens matriculados nos cursos da JUVRio, oferecendo a\u00e7\u00f5es extracurriculares gratuitas, como oficinas, visitas guiadas e participa\u00e7\u00e3o em eventos culturais, esportivos e educacionais.<\/p>\n<p dir=\"ltr\">A Secretaria Municipal da Juventude Carioca (JUVRio) \u00e9 um \u00f3rg\u00e3o da Prefeitura do Rio, criado em 2021, e j\u00e1 alcan\u00e7ou mais de 500 mil jovens por meio de pol\u00edticas p\u00fablicas voltadas ao acesso \u00e0 educa\u00e7\u00e3o, qualifica\u00e7\u00e3o profissional, empregabilidade, empreendedorismo e participa\u00e7\u00e3o cidad\u00e3.<\/p>\n<p dir=\"ltr\"><strong>Projetos receber\u00e3o orienta\u00e7\u00e3o especializada<\/strong><\/p>\n<p dir=\"ltr\">As ideias apresentadas no Hackathon continuar\u00e3o evoluindo. As dez equipes vencedoras ser\u00e3o acompanhadas pela Usina de Startups, uma empresa que cria, constr\u00f3i e acelera neg\u00f3cios de forma sistem\u00e1tica, funcionando como uma \u201cf\u00e1brica\u201d de inova\u00e7\u00e3o por meio de mentorias. O objetivo \u00e9 apoiar o desenvolvimento e o amadurecimento das solu\u00e7\u00f5es apresentadas, ampliando seu potencial de impacto e criando possibilidades para sua futura implementa\u00e7\u00e3o.<\/p>\n<p dir=\"ltr\">Todos os 100 participantes do Hackathon JUV in Rio receber\u00e3o uma bolsa de 100% para estudar ingl\u00eas no Seda College, plataforma de ensino da l\u00edngua inglesa liderada pelo grupo irland\u00eas Seda Education Group.<\/p>\n<p dir=\"ltr\"><strong>Jovens selecionados<\/strong><\/p>\n<p dir=\"ltr\">Os ingressos distribu\u00eddos para vencedores do Hackathon s\u00e3o pessoais e intransfer\u00edveis, vinculados ao CPF dos jovens, e n\u00e3o poder\u00e3o ser vendidos, doados, cedidos, trocados ou transferidos para terceiros.<\/p>\n<p dir=\"ltr\">Confira abaixo as ideias selecionadas<\/p>\n<p dir=\"ltr\">E SE QUERER MUDAR O MUNDO N\u00c3O FOSSE SUFICIENTE?<br \/>O projeto prop\u00f5e um aplicativo que conecta jovens a oportunidades de voluntariado e mentoria comunit\u00e1ria, incentivando a participa\u00e7\u00e3o em a\u00e7\u00f5es sociais e o fortalecimento do v\u00ednculo com a comunidade. A plataforma permite conhecer problemas e projetos locais, encontrar formas pr\u00e1ticas de contribuir e transformar o tempo dedicado ao voluntariado em capacita\u00e7\u00e3o, certificados e oportunidades de emprego por meio de um Passaporte de Impacto que registra a\u00e7\u00f5es, habilidades e experi\u00eancias adquiridas.<\/p>\n<p dir=\"ltr\">Participantes:<\/p>\n<ul wp_automatic_readability=\"0\">\n<li dir=\"ltr\" wp_automatic_readability=\"-1\">\n<p dir=\"ltr\" role=\"presentation\">Esther Heloise Bastos da Silva<\/p>\n<\/li>\n<li dir=\"ltr\">\n<p dir=\"ltr\" role=\"presentation\">Gabriela Chaves Rocha<\/p>\n<\/li>\n<li dir=\"ltr\" wp_automatic_readability=\"-1\">\n<p dir=\"ltr\" role=\"presentation\">Beatriz da Silva Ferreira<\/p>\n<\/li>\n<li dir=\"ltr\" wp_automatic_readability=\"-1\">\n<p dir=\"ltr\" role=\"presentation\">Michael Sacramento dos Santos Braga<\/p>\n<\/li>\n<li dir=\"ltr\">\n<p dir=\"ltr\" role=\"presentation\">Gabriel Lameu<\/p>\n<\/li>\n<\/ul>\n<p dir=\"ltr\">NO RADAR<br \/>O projeto prop\u00f5e um aplicativo voltado para jovens de 15 a 29 anos do Rio de Janeiro, com o objetivo de facilitar o acesso a informa\u00e7\u00f5es sobre a\u00e7\u00f5es, projetos e institui\u00e7\u00f5es sociais nos territ\u00f3rios. A plataforma permitir\u00e1 o mapeamento de oportunidades de colabora\u00e7\u00e3o, inscri\u00e7\u00f5es em atividades e recompensas profissionais, al\u00e9m da emiss\u00e3o de certificados e do incentivo \u00e0 realiza\u00e7\u00e3o de atividades extracurriculares e troca de servi\u00e7os. Como diferenciais, contar\u00e1 com mapas offline, algoritmo personalizado e possibilidade de agendamento presencial, aproximando a juventude de iniciativas sociais, educacionais e ambientais.<\/p>\n<p dir=\"ltr\">Participantes:<\/p>\n<ul wp_automatic_readability=\"0\">\n<li dir=\"ltr\">\n<p dir=\"ltr\" role=\"presentation\">Amanda Gurgel Manh\u00e3es<\/p>\n<\/li>\n<li dir=\"ltr\" wp_automatic_readability=\"-1\">\n<p dir=\"ltr\" role=\"presentation\">Maria Eduarda dos Santos Meira Miguel<\/p>\n<\/li>\n<li dir=\"ltr\" wp_automatic_readability=\"-1\">\n<p dir=\"ltr\" role=\"presentation\">Giovanna Cristina Moreira Marques<\/p>\n<\/li>\n<li dir=\"ltr\">\n<p dir=\"ltr\" role=\"presentation\">Mariana L\u00e1zaro Morais<\/p>\n<\/li>\n<li dir=\"ltr\" wp_automatic_readability=\"-1\">\n<p dir=\"ltr\" role=\"presentation\">Ana Clara dos Santos Correa<\/p>\n<\/li>\n<\/ul>\n<p dir=\"ltr\">LIGA.AI \u2014 SUA SEGURAN\u00c7A SANIT\u00c1RIA EM UM LINK<br \/>O projeto utiliza intelig\u00eancia artificial para facilitar a comunica\u00e7\u00e3o urbana e o acesso a informa\u00e7\u00f5es sobre seguran\u00e7a sanit\u00e1ria e saneamento b\u00e1sico para moradores da Baixada Fluminense. A proposta \u00e9 instalar totens de comunica\u00e7\u00e3o em pontos estrat\u00e9gicos, conectando moradores a agentes p\u00fablicos e profissionais respons\u00e1veis pelo atendimento de demandas locais. A iniciativa busca agilizar a comunica\u00e7\u00e3o em situa\u00e7\u00f5es de vulnerabilidade e melhorar a qualidade de vida da popula\u00e7\u00e3o, come\u00e7ando pela Baixada Fluminense e, futuramente, ampliando sua atua\u00e7\u00e3o para todo o estado.<\/p>\n<p dir=\"ltr\">Participantes:<\/p>\n<ul wp_automatic_readability=\"-2\">\n<li dir=\"ltr\">\n<p dir=\"ltr\" role=\"presentation\">Gustavo Ferreira Gomes<\/p>\n<\/li>\n<li dir=\"ltr\">\n<p dir=\"ltr\" role=\"presentation\">Mariana de Souza<\/p>\n<\/li>\n<li dir=\"ltr\" wp_automatic_readability=\"-1\">\n<p dir=\"ltr\" role=\"presentation\">Bruna Zurmele Castro dos Santos<\/p>\n<\/li>\n<li dir=\"ltr\">\n<p dir=\"ltr\" role=\"presentation\">Adriel Rodrigues Rabelo<\/p>\n<\/li>\n<\/ul>\n<p dir=\"ltr\">REVIVA \u2014 PROBLEMAS REAIS DO BAIRRO, SOLU\u00c7\u00d5ES REAIS DA COMUNIDADE<br \/>O projeto prop\u00f5e uma plataforma que conecta problemas urbanos a pessoas e iniciativas capazes de solucion\u00e1-los dentro da pr\u00f3pria comunidade. Moradores podem registrar ocorr\u00eancias com fotos e localiza\u00e7\u00e3o, enquanto artistas, volunt\u00e1rios, coletivos e \u00f3rg\u00e3os p\u00fablicos recebem as demandas e indicam o melhor caminho para resolv\u00ea-las. A plataforma tamb\u00e9m permite acompanhar o processo, registrar o antes e depois das a\u00e7\u00f5es e criar um portf\u00f3lio p\u00fablico das transforma\u00e7\u00f5es, sempre com a devida autoriza\u00e7\u00e3o dos respons\u00e1veis pelo local.<\/p>\n<p dir=\"ltr\">Participantes:<\/p>\n<ul wp_automatic_readability=\"-1\">\n<li dir=\"ltr\">\n<p dir=\"ltr\" role=\"presentation\">Victor Calisto Vicente<\/p>\n<\/li>\n<li dir=\"ltr\">\n<p dir=\"ltr\" role=\"presentation\">Gabriel Rodrigues Duarte<\/p>\n<\/li>\n<li dir=\"ltr\">\n<p dir=\"ltr\" role=\"presentation\">Annabel Bezerra de Souza<\/p>\n<\/li>\n<li dir=\"ltr\" wp_automatic_readability=\"-1\">\n<p dir=\"ltr\" role=\"presentation\">Sophia Peixoto dos Santos e Silva<\/p>\n<\/li>\n<li dir=\"ltr\" wp_automatic_readability=\"-1\">\n<p dir=\"ltr\" role=\"presentation\">Arthur Bruno da Luz Ramiro Veiga<\/p>\n<\/li>\n<\/ul>\n<p dir=\"ltr\">DEKA \u2014 UM MOVIMENTO DE CURADORIA E EDUCA\u00c7\u00c3O PARA PRODUTORES, CONSUMIDORES DE ARTE E ARTISTAS<br \/>O projeto prop\u00f5e uma comunidade online e um aplicativo voltados aos moradores da extrema Zona Oeste do Rio de Janeiro, reunindo informa\u00e7\u00f5es e oportunidades culturais e educacionais em um \u00fanico espa\u00e7o. A plataforma oferecer\u00e1 curadoria de eventos, indica\u00e7\u00f5es e descontos, conte\u00fados simplificados sobre editais, dados visuais e mapas de servi\u00e7os e equipamentos p\u00fablicos. A iniciativa busca organizar e ampliar o acesso ao que j\u00e1 existe na regi\u00e3o, aproximando jovens e adultos da produ\u00e7\u00e3o e do consumo de cultura e contribuindo para a redu\u00e7\u00e3o das desigualdades territoriais.<\/p>\n<p dir=\"ltr\">Participantes:<\/p>\n<ul wp_automatic_readability=\"1\">\n<li dir=\"ltr\">\n<p dir=\"ltr\" role=\"presentation\">Davi Cardoso Firme<\/p>\n<\/li>\n<li dir=\"ltr\" wp_automatic_readability=\"-1\">\n<p dir=\"ltr\" role=\"presentation\">Maynara Batista Marques da Silva<\/p>\n<\/li>\n<li dir=\"ltr\" wp_automatic_readability=\"-1\">\n<p dir=\"ltr\" role=\"presentation\">Perla Ester Emilio de Oliveira<\/p>\n<\/li>\n<li dir=\"ltr\" wp_automatic_readability=\"-1\">\n<p dir=\"ltr\" role=\"presentation\">Maria Vit\u00f3ria Corr\u00eaa Cardoso<\/p>\n<\/li>\n<li dir=\"ltr\" wp_automatic_readability=\"-1\">\n<p dir=\"ltr\" role=\"presentation\">Isabelly de Andrade Machado<\/p>\n<\/li>\n<\/ul>\n<p dir=\"ltr\">M A D A \u2019 S \u2014 MOVIMENTO ACOLHIMENTO, DIRE\u00c7\u00c3O E ACESSO<br \/>O projeto prop\u00f5e uma plataforma que conecta pessoas a oportunidades de conviv\u00eancia, aprendizado, apoio, terapia e participa\u00e7\u00e3o social, de acordo com seus interesses e estilo de vida. A partir do perfil de cada usu\u00e1rio, a plataforma recomenda atividades, pessoas com interesses semelhantes e experi\u00eancias pr\u00f3ximas, incentivando encontros presenciais e a constru\u00e7\u00e3o de v\u00ednculos reais. A iniciativa busca combater a solid\u00e3o e o isolamento, promover o bem-estar e ampliar a participa\u00e7\u00e3o das pessoas na comunidade.<\/p>\n<p dir=\"ltr\">Participantes:<\/p>\n<ul wp_automatic_readability=\"-1\">\n<li dir=\"ltr\" wp_automatic_readability=\"-1\">\n<p dir=\"ltr\" role=\"presentation\">Douglas Louren\u00e7o de Oliveira<\/p>\n<\/li>\n<li dir=\"ltr\">\n<p dir=\"ltr\" role=\"presentation\">Brenda da Hora da Silva<\/p>\n<\/li>\n<li dir=\"ltr\">\n<p dir=\"ltr\" role=\"presentation\">Leticia Teles Pimenta<\/p>\n<\/li>\n<li dir=\"ltr\" wp_automatic_readability=\"-1\">\n<p dir=\"ltr\" role=\"presentation\">Ana Paula Pereira da Silva<\/p>\n<\/li>\n<\/ul>\n<p dir=\"ltr\">ELEVEN<br \/>O projeto prop\u00f5e um espa\u00e7o coletivo voltado a jovens empreendedores de 18 a 29 anos, onde eles podem comercializar produtos e servi\u00e7os em troca de oferecer mensalmente uma oficina relacionada ao seu trabalho. O espa\u00e7o tamb\u00e9m disponibiliza servi\u00e7os de apoio, como atendimento psicol\u00f3gico, orienta\u00e7\u00e3o jur\u00eddica e financeira, realizados por jovens rec\u00e9m-formados. A iniciativa busca incentivar o empreendedorismo, promover a troca de conhecimentos, fortalecer a economia local e ampliar as oportunidades de qualifica\u00e7\u00e3o para a juventude.<\/p>\n<p dir=\"ltr\">Participantes:<\/p>\n<ul wp_automatic_readability=\"1\">\n<li dir=\"ltr\" wp_automatic_readability=\"-1\">\n<p dir=\"ltr\" role=\"presentation\">Ana J\u00falia Oliveira Santos do Carmo<\/p>\n<\/li>\n<li dir=\"ltr\">\n<p dir=\"ltr\" role=\"presentation\">Luisa Ruivo Fernandes<\/p>\n<\/li>\n<li dir=\"ltr\" wp_automatic_readability=\"-1\">\n<p dir=\"ltr\" role=\"presentation\">Dhominique de Oliveira Bittencourt<\/p>\n<\/li>\n<li dir=\"ltr\" wp_automatic_readability=\"-1\">\n<p dir=\"ltr\" role=\"presentation\">Amanda Victoria Apolin\u00e1rio Velloso<\/p>\n<\/li>\n<li dir=\"ltr\" wp_automatic_readability=\"-1\">\n<p dir=\"ltr\" role=\"presentation\">Jos\u00e9 Augusto Freire de Melo<\/p>\n<\/li>\n<\/ul>\n<p dir=\"ltr\">JOVEM PRA JOVEM \u2014 UM SITE PARA TODOS<br \/>O projeto prop\u00f5e um site criado por jovens para facilitar o acesso de outros jovens, especialmente em situa\u00e7\u00e3o de vulnerabilidade social, a oportunidades e informa\u00e7\u00f5es. A plataforma reunir\u00e1 editais, concursos e projetos sociais, oferecendo explica\u00e7\u00f5es passo a passo para facilitar a compreens\u00e3o, al\u00e9m de mapear oportunidades, promover trocas e doa\u00e7\u00f5es e disponibilizar avalia\u00e7\u00f5es e experi\u00eancias de pessoas da \u00e1rea. A iniciativa busca ampliar o acesso ao conhecimento, fortalecer o sentimento de pertencimento e facilitar a descoberta de novas oportunidades.<\/p>\n<p dir=\"ltr\">Participantes:<\/p>\n<ul wp_automatic_readability=\"-2\">\n<li dir=\"ltr\" wp_automatic_readability=\"-1\">\n<p dir=\"ltr\" role=\"presentation\">Jaqueline Marisa Pombal Machado<\/p>\n<\/li>\n<li dir=\"ltr\">\n<p dir=\"ltr\" role=\"presentation\">Daniella Freire Santos<\/p>\n<\/li>\n<li dir=\"ltr\">\n<p dir=\"ltr\" role=\"presentation\">Alice Barbosa Correia<\/p>\n<\/li>\n<li dir=\"ltr\">\n<p dir=\"ltr\" role=\"presentation\">Bruno Ribeiro Alves<\/p>\n<\/li>\n<li dir=\"ltr\">\n<p dir=\"ltr\" role=\"presentation\">Leticia Leandro da Silva<\/p>\n<\/li>\n<\/ul>\n<p dir=\"ltr\">CONECT FEST<br \/>O projeto prop\u00f5e um aplicativo que conecta jovens a projetos sociais e a\u00e7\u00f5es volunt\u00e1rias, transformando a participa\u00e7\u00e3o em oportunidades de reconhecimento e acesso a experi\u00eancias em festivais. Os usu\u00e1rios acumulam pontos, avan\u00e7am em um ranking e podem conquistar recompensas, como brindes e ingressos. A iniciativa busca ampliar o acesso a diferentes nichos dos festivais, promover inclus\u00e3o e aumentar a visibilidade de causas sociais e ONGs.<\/p>\n<p dir=\"ltr\">Participantes:<\/p>\n<ul wp_automatic_readability=\"2\">\n<li dir=\"ltr\" wp_automatic_readability=\"-1\">\n<p dir=\"ltr\" role=\"presentation\">Vitor Rodrigues de Oliveira<\/p>\n<\/li>\n<li dir=\"ltr\" wp_automatic_readability=\"-1\">\n<p dir=\"ltr\" role=\"presentation\">Jo\u00e3o Vitor Moreira de Abreu<\/p>\n<\/li>\n<li dir=\"ltr\" wp_automatic_readability=\"-1\">\n<p dir=\"ltr\" role=\"presentation\">Ana Claudia do Amaral Coelho<\/p>\n<\/li>\n<li dir=\"ltr\" wp_automatic_readability=\"-1\">\n<p dir=\"ltr\" role=\"presentation\">Ana Carolina do Amaral Coelho<\/p>\n<\/li>\n<li dir=\"ltr\" wp_automatic_readability=\"-1\">\n<p dir=\"ltr\" role=\"presentation\">Isabela Alves Menezes Calazans Pereira<\/p>\n<\/li>\n<\/ul>\n<p dir=\"ltr\">CULTURANDO \u2014 EDUCA\u00c7\u00c3O E CULTURA<br \/>O projeto prop\u00f5e um aplicativo que aproxima jovens de 12 a 29 anos, estudantes da rede p\u00fablica, de eventos e atividades culturais no Rio de Janeiro. A iniciativa busca utilizar a cultura como ferramenta de motiva\u00e7\u00e3o e engajamento escolar, identificando jovens com baixa frequ\u00eancia ou desmotiva\u00e7\u00e3o e conectando-os a novas experi\u00eancias culturais.<\/p>\n<p dir=\"ltr\">Participantes:<\/p>\n<ul wp_automatic_readability=\"-1\">\n<li dir=\"ltr\">\n<p dir=\"ltr\" role=\"presentation\">Raoni Nunes Ramos<\/p>\n<\/li>\n<li dir=\"ltr\" wp_automatic_readability=\"-1\">\n<p dir=\"ltr\" role=\"presentation\">Wesley Sim\u00f5es de Andrade<\/p>\n<\/li>\n<li dir=\"ltr\" wp_automatic_readability=\"-1\">\n<p dir=\"ltr\" role=\"presentation\">Maria Rita dos Santos do Nascimento<\/p>\n<\/li>\n<li dir=\"ltr\">\n<p dir=\"ltr\" role=\"presentation\">Eloah dos Santos<\/p>\n<\/li>\n<li dir=\"ltr\">\n<p dir=\"ltr\" role=\"presentation\">Mahara Queiroz<\/p>\n<\/li>\n<\/ul>\n<p>             <!-- Compartilhe ---><\/p>\n<p>\t\t\t <!-- TAGS --><\/p>\n<section class=\"category-tags\">\n<div class=\"marcacao-category\">\n<article class=\"category-post\">\n<p>Categoria: <\/p>\n<\/article>\n<li>4 de setembro de 2026<\/li><\/div>\n<article class=\"tags\">\n\t\t\t\t\tMarca\u00e7\u00f5es: Clube de Oportunidades JUV in Rio &#8211; Hackathon Rock in Rio RIR Rock in Rio<br \/><\/article>\n<\/section>\n<p>            <!-- Mais Not&iacute;cias --><\/p>\n<p>\t\t<!-- Conte&uacute;do SIDEBAR --><\/p><\/div>\n","protected":false},"excerpt":{"rendered":"<p>Ap\u00f3s a competi\u00e7\u00e3o, as equipes vencedoras ter\u00e3o suas solu\u00e7\u00f5es acompanhadas pela Usina de Startups, com&#8230;<\/p>\n","protected":false},"author":2,"featured_media":0,"comment_status":"","ping_status":"","sticky":false,"template":"","format":"standard","meta":{"footnotes":""},"categories":[2],"tags":[],"class_list":["post-48297","post","type-post","status-publish","format-standard","hentry","category-jogos-ao-vivo"],"amp_enabled":true,"_links":{"self":[{"href":"https:\/\/ipatingafc.com.br\/index.php\/wp-json\/wp\/v2\/posts\/48297","targetHints":{"allow":["GET"]}}],"collection":[{"href":"https:\/\/ipatingafc.com.br\/index.php\/wp-json\/wp\/v2\/posts"}],"about":[{"href":"https:\/\/ipatingafc.com.br\/index.php\/wp-json\/wp\/v2\/types\/post"}],"author":[{"embeddable":true,"href":"https:\/\/ipatingafc.com.br\/index.php\/wp-json\/wp\/v2\/users\/2"}],"replies":[{"embeddable":true,"href":"https:\/\/ipatingafc.com.br\/index.php\/wp-json\/wp\/v2\/comments?post=48297"}],"version-history":[{"count":0,"href":"https:\/\/ipatingafc.com.br\/index.php\/wp-json\/wp\/v2\/posts\/48297\/revisions"}],"wp:attachment":[{"href":"https:\/\/ipatingafc.com.br\/index.php\/wp-json\/wp\/v2\/media?parent=48297"}],"wp:term":[{"taxonomy":"category","embeddable":true,"href":"https:\/\/ipatingafc.com.br\/index.php\/wp-json\/wp\/v2\/categories?post=48297"},{"taxonomy":"post_tag","embeddable":true,"href":"https:\/\/ipatingafc.com.br\/index.php\/wp-json\/wp\/v2\/tags?post=48297"}],"curies":[{"name":"wp","href":"https:\/\/api.w.org\/{rel}","templated":true}]}}