{"id":48299,"date":"2026-09-04T13:30:21","date_gmt":"2026-09-04T16:30:21","guid":{"rendered":"https:\/\/ipatingafc.com.br\/index.php\/2026\/09\/04\/prefeitura-do-rio-entrega-obras-do-plano-de-mobilidade-de-campo-grande-nas-avenidas-cesario-de-melo-e-joaquim-magalhaes-prefeitura-da-cidade-do-rio-de-janeiro\/"},"modified":"2026-09-04T13:30:21","modified_gmt":"2026-09-04T16:30:21","slug":"prefeitura-do-rio-entrega-obras-do-plano-de-mobilidade-de-campo-grande-nas-avenidas-cesario-de-melo-e-joaquim-magalhaes-prefeitura-da-cidade-do-rio-de-janeiro","status":"publish","type":"post","link":"https:\/\/ipatingafc.com.br\/index.php\/2026\/09\/04\/prefeitura-do-rio-entrega-obras-do-plano-de-mobilidade-de-campo-grande-nas-avenidas-cesario-de-melo-e-joaquim-magalhaes-prefeitura-da-cidade-do-rio-de-janeiro\/","title":{"rendered":"Prefeitura do Rio entrega obras do Plano de Mobilidade de Campo Grande nas avenidas Ces\u00e1rio de Melo e Joaquim Magalh\u00e3es &#8211; Prefeitura da Cidade do Rio de Janeiro"},"content":{"rendered":"<p><\/p>\n<div id=\"main\">\n<div class=\"wrapper-breadcrumbs\" wp_automatic_readability=\"71.579268292683\">\n<div class=\"image-post\" wp_automatic_readability=\"32\">\n                     Foto: Marco Antonio Lima\/ Prefeitura do Rio                  <\/div>\n<p>O prefeito do Rio, Eduardo Cavaliere, inaugurou, nesta sexta-feira (04\/09), as obras de revitaliza\u00e7\u00e3o das avenidas Ces\u00e1rio de Melo e Joaquim Magalh\u00e3es. A interven\u00e7\u00e3o recuperou e urbanizou 2,5 quil\u00f4metros de vias, melhorando as condi\u00e7\u00f5es de acesso ao T\u00fanel Professor Moacyr Sreder Bastos \u2014 o primeiro da hist\u00f3ria do bairro \u2014, entregue este ano como parte do Plano de Mobilidade de Campo Grande.<\/p>\n<blockquote wp_automatic_readability=\"15\">\n<p>\u2014 Hoje j\u00e1 temos mais de 60% das obras do Anel Vi\u00e1rio conclu\u00eddas, com t\u00fanel inaugurado, mergulh\u00e3o e a Estrada do Monteiro. A Ces\u00e1rio de Melo teve um trecho enorme completamente refeito, ampliado, com cal\u00e7amento e ciclovia, al\u00e9m da nova rotat\u00f3ria e a duplica\u00e7\u00e3o da Estrada do Lameir\u00e3o avan\u00e7ando. E agora come\u00e7amos a intensificar a fase dois dessas obras. Teremos uma via expressa do centro de Campo Grande at\u00e9 a Avenida Brasil, al\u00e9m da rotat\u00f3ria no centro de Sant\u00edssimo, para acabar com aquele engarrafamento na Estrada da Posse \u2014 declarou o prefeito Eduardo Cavaliere.<\/p>\n<\/blockquote>\n<p>Com recursos do munic\u00edpio e do Governo Federal, somando um investimento de aproximadamente R$ 1 bilh\u00e3o, o plano re\u00fane nove projetos estruturantes para melhorar a circula\u00e7\u00e3o, ampliar conex\u00f5es e criar novas alternativas de deslocamento para os moradores do bairro mais populoso do Brasil.<\/p>\n<p><strong>Melhorias na Ces\u00e1rio de Melo e na Joaquim Magalh\u00e3es<\/strong><\/p>\n<p>As interven\u00e7\u00f5es renovaram cerca de 25 mil metros quadrados de pistas e reorganizaram o tr\u00e1fego ao longo das avenidas Ces\u00e1rio de Melo e Joaquim Magalh\u00e3es. Uma nova rotat\u00f3ria foi criada na Ces\u00e1rio de Melo, pr\u00f3xima \u00e0 Rua Senhora, oferecendo melhores condi\u00e7\u00f5es para quem passa pelo centro de Campo Grande. Vagas de estacionamento e pontos de \u00f4nibus tamb\u00e9m foram redistribu\u00eddos para liberar a via e reduzir reten\u00e7\u00f5es no tr\u00e2nsito.<\/p>\n<p>A obra priorizou ainda a infraestrutura para pedestres e ciclistas, com 27,5 mil metros quadrados de cal\u00e7adas renovados e uma nova ciclovia de aproximadamente 1,5 quil\u00f4metro que passou a integrar o trajeto. E mais de dois quil\u00f4metros de drenagem foram implantados para melhorar o escoamento da \u00e1gua da chuva e reduzir os pontos de ac\u00famulo, al\u00e9m de novas redes de \u00e1gua e de esgoto.<\/p>\n<p>A Escola Municipal Eust\u00f3rgio Wanderley, que fica pr\u00f3xima \u00e0 nova rotat\u00f3ria, ganhou uma quadra poliesportiva coberta com vesti\u00e1rios masculino e feminino.<\/p>\n<p>Com as melhorias, as avenidas ganham mais fluidez no acesso ao T\u00fanel Professor Moacyr Sreder Bastos e ajudam a redistribuir o tr\u00e1fego da regi\u00e3o, reduzindo a sobrecarga do corredor formado pelas estradas das Capoeiras e do Mendanha.<\/p>\n<p><strong>Avan\u00e7a Campo Grande<\/strong><\/p>\n<p>A entrega consolida uma etapa importante para o bairro que conta com mais de 350 mil moradores e que passou por uma forte expans\u00e3o residencial e comercial nas \u00faltimas d\u00e9cadas. Para atender \u00e0s novas demandas geradas por esse crescimento, a Prefeitura do Rio, por meio da Secretaria Municipal de Infraestrutura, vem colocando em pr\u00e1tica o Plano de Mobilidade de Campo Grande, com interven\u00e7\u00f5es que alcan\u00e7am tamb\u00e9m as \u00e1reas de Sant\u00edssimo e Paci\u00eancia.<\/p>\n<p>O Anel Vi\u00e1rio \u00e9 uma das principais pe\u00e7as desse plano. A primeira etapa foi entregue em mar\u00e7o deste ano, conectando a Estrada da Caroba \u00e0 Estrada da Posse e reduzindo de 15 para apenas 3 minutos o tempo de deslocamento entre as duas regi\u00f5es nos hor\u00e1rios de maior movimento.<\/p>\n<p>Essa primeira etapa tamb\u00e9m contou com a constru\u00e7\u00e3o do mergulh\u00e3o sob a Avenida Ces\u00e1rio de Melo, al\u00e9m da revitaliza\u00e7\u00e3o da Rua Artur Rios e da Estrada da Caroba. Outras obras j\u00e1 entregues melhoraram as liga\u00e7\u00f5es do bairro de Campo Grande com a Avenida Brasil, como a nova al\u00e7a da Estrada dos Sete Riachos e a expans\u00e3o da Estrada do Tingui.<\/p>\n<p>             <!-- Compartilhe ---><\/p>\n<p>\t\t\t <!-- TAGS --><\/p>\n<section class=\"category-tags\">\n<div class=\"marcacao-category\">\n<article class=\"category-post\">\n<p>Categoria: <\/p>\n<\/article>\n<li>4 de setembro de 2026<\/li><\/div>\n<article class=\"tags\">\n\t\t\t\t\tMarca\u00e7\u00f5es: anel vi\u00e1rio Campo Grande Ces\u00e1rio de Melo Infraestrutura mobilidade Not\u00edcias obras<br \/><\/article>\n<\/section>\n<p>            <!-- Mais Not&iacute;cias --><\/p>\n<p>\t\t<!-- Conte&uacute;do SIDEBAR --><\/p><\/div>\n<\/p><\/div>\n","protected":false},"excerpt":{"rendered":"<p>Foto: Marco Antonio Lima\/ Prefeitura do Rio O prefeito do Rio, Eduardo Cavaliere, inaugurou, nesta&#8230;<\/p>\n","protected":false},"author":2,"featured_media":0,"comment_status":"","ping_status":"","sticky":false,"template":"","format":"standard","meta":{"footnotes":""},"categories":[2],"tags":[],"class_list":["post-48299","post","type-post","status-publish","format-standard","hentry","category-jogos-ao-vivo"],"amp_enabled":true,"_links":{"self":[{"href":"https:\/\/ipatingafc.com.br\/index.php\/wp-json\/wp\/v2\/posts\/48299","targetHints":{"allow":["GET"]}}],"collection":[{"href":"https:\/\/ipatingafc.com.br\/index.php\/wp-json\/wp\/v2\/posts"}],"about":[{"href":"https:\/\/ipatingafc.com.br\/index.php\/wp-json\/wp\/v2\/types\/post"}],"author":[{"embeddable":true,"href":"https:\/\/ipatingafc.com.br\/index.php\/wp-json\/wp\/v2\/users\/2"}],"replies":[{"embeddable":true,"href":"https:\/\/ipatingafc.com.br\/index.php\/wp-json\/wp\/v2\/comments?post=48299"}],"version-history":[{"count":0,"href":"https:\/\/ipatingafc.com.br\/index.php\/wp-json\/wp\/v2\/posts\/48299\/revisions"}],"wp:attachment":[{"href":"https:\/\/ipatingafc.com.br\/index.php\/wp-json\/wp\/v2\/media?parent=48299"}],"wp:term":[{"taxonomy":"category","embeddable":true,"href":"https:\/\/ipatingafc.com.br\/index.php\/wp-json\/wp\/v2\/categories?post=48299"},{"taxonomy":"post_tag","embeddable":true,"href":"https:\/\/ipatingafc.com.br\/index.php\/wp-json\/wp\/v2\/tags?post=48299"}],"curies":[{"name":"wp","href":"https:\/\/api.w.org\/{rel}","templated":true}]}}