{"id":48302,"date":"2026-09-04T16:21:14","date_gmt":"2026-09-04T19:21:14","guid":{"rendered":"https:\/\/ipatingafc.com.br\/index.php\/2026\/09\/04\/tati-machado-e-o-marido-tomam-decisao-importante-a-dois-meses-do-nascimento-do-filho\/"},"modified":"2026-09-04T16:21:14","modified_gmt":"2026-09-04T19:21:14","slug":"tati-machado-e-o-marido-tomam-decisao-importante-a-dois-meses-do-nascimento-do-filho","status":"publish","type":"post","link":"https:\/\/ipatingafc.com.br\/index.php\/2026\/09\/04\/tati-machado-e-o-marido-tomam-decisao-importante-a-dois-meses-do-nascimento-do-filho\/","title":{"rendered":"Tati Machado e o marido tomam decis\u00e3o importante a dois meses do nascimento do filho"},"content":{"rendered":"<p><\/p>\n<div>\n<p>Tati Machado est\u00e1 vivendo uma fase de prepara\u00e7\u00e3o intensa para a chegada de Rafael, seu segundo filho com o diretor de fotografia Bruno Monteiro. Faltando cerca de dois meses para o nascimento do beb\u00ea, a apresentadora mostrou nas redes sociais alguns bastidores de uma decis\u00e3o importante do casal: os detalhes finais do quarto do filho.<\/p>\n<p>Nesta quinta-feira, 3 de setembro, Tati apareceu ao lado do marido durante uma reuni\u00e3o com a arquiteta respons\u00e1vel pelo projeto. O encontro teve como objetivo definir acabamentos, decora\u00e7\u00e3o, ilumina\u00e7\u00e3o e tamb\u00e9m discutir os custos para colocar tudo em pr\u00e1tica.<\/p>\n<p>Bem-humorada, a apresentadora brincou sobre a participa\u00e7\u00e3o de Bruno na parte financeira da miss\u00e3o.<\/p>\n<p>\u201cUma miss\u00e3o: resolver os detalhes do quarto do Rael. Uma nova miss\u00e3o: papai negociar os or\u00e7amentos\u201d, escreveu Tati ao compartilhar o momento com os seguidores.<\/p>\n<p><strong>Neymar revela nome da terceira filha com Bruna Biancardi e surpreende f\u00e3s\u00a0<\/strong><\/p>\n<p><strong>Jos\u00e9 Mayer faz rara apari\u00e7\u00e3o p\u00fablica e emociona ao amparar filho de Gracindo Jr. em vel\u00f3rio<\/strong><\/p>\n<h2>Quarto de Rafael ter\u00e1 decora\u00e7\u00e3o personalizada<\/h2>\n<p>O ambiente escolhido para Rafael n\u00e3o seguir\u00e1 uma proposta infantil tradicional. Segundo o que foi mostrado, o casal optou por um projeto mais personalizado, com uma identidade visual pr\u00f3pria e detalhes pensados especialmente para o beb\u00ea.<\/p>\n<p>Uma das paredes receber\u00e1 uma pintura com efeito semelhante \u00e0 aquarela, trazendo um ar delicado e art\u00edstico ao espa\u00e7o.<\/p>\n<p>A decora\u00e7\u00e3o tamb\u00e9m contar\u00e1 com tons de verde e amarelo, tecidos aplicados nas paredes, elementos em madeira, ilumina\u00e7\u00e3o em LED e detalhes dourados.<\/p>\n<p>A ideia \u00e9 criar um quarto acolhedor, claro e sofisticado, sem abrir m\u00e3o de elementos afetivos.<\/p>\n<p><strong>Ap\u00f3s convuls\u00f5es e queda brusca na satura\u00e7\u00e3o, chega nova not\u00edcia sobre a filha de Juliano Cazarr\u00e9<\/strong><\/p>\n<p><strong>Causa da morte de Gracindo Jr. \u00e9 revelada<\/strong><\/p>\n<h2>Projeto foi aprovado logo de primeira<\/h2>\n<p>A arquiteta respons\u00e1vel pela obra revelou que recebeu de Tati e Bruno o desafio de desenvolver um tema que ela ainda n\u00e3o havia executado anteriormente.<\/p>\n<p>Mesmo assim, a primeira proposta apresentada foi aprovada pelos dois.<\/p>\n<p>A profissional explicou que o projeto re\u00fane diferentes materiais e texturas, al\u00e9m de ilumina\u00e7\u00e3o estrat\u00e9gica e acabamentos que ajudam a dar personalidade ao espa\u00e7o.<\/p>\n<p>Com isso, o quarto de Rafael come\u00e7a a ganhar forma justamente na reta final da gravidez.<\/p>\n<h2>Tati vive expectativa para nascimento em novembro<\/h2>\n<p>A previs\u00e3o \u00e9 de que Rafael nas\u00e7a em novembro de 2026.<\/p>\n<p>Em entrevista recente, Tati Machado comentou sobre a expectativa para o nascimento e brincou com a possibilidade de o filho chegar sob o signo de Escorpi\u00e3o ou Sagit\u00e1rio.<\/p>\n<p>A gesta\u00e7\u00e3o vem sendo acompanhada com bastante aten\u00e7\u00e3o pela fam\u00edlia.<\/p>\n<p>Isso porque Tati passou por uma experi\u00eancia muito dif\u00edcil em maio de 2025, quando perdeu seu primeiro filho, Rael, com 33 semanas de gesta\u00e7\u00e3o.<\/p>\n<p>Desde ent\u00e3o, a apresentadora tem falado em diferentes momentos sobre maternidade, luto e esperan\u00e7a.<\/p>\n<p>Agora, a prepara\u00e7\u00e3o para a chegada de Rafael representa uma nova etapa na vida do casal.<\/p>\n<h2>Fase de prepara\u00e7\u00e3o mobiliza o casal<\/h2>\n<p>Al\u00e9m da escolha dos detalhes decorativos, Tati e Bruno tamb\u00e9m est\u00e3o envolvidos diretamente nas decis\u00f5es pr\u00e1ticas.<\/p>\n<p>A negocia\u00e7\u00e3o dos or\u00e7amentos, a escolha dos materiais e o acompanhamento do projeto fazem parte desse momento.<\/p>\n<p>Nas redes sociais, a apresentadora tem dividido parte dessa rotina com os seguidores, mostrando de forma leve como est\u00e1 sendo a prepara\u00e7\u00e3o para receber o beb\u00ea.<\/p>\n<p>O quarto, neste momento, passa a simbolizar n\u00e3o apenas uma mudan\u00e7a dentro de casa, mas tamb\u00e9m a proximidade da chegada de Rafael.<\/p>\n<p>Faltando cerca de dois meses para o nascimento, Tati Machado e Bruno Monteiro seguem ajustando cada detalhe para que tudo esteja pronto a tempo.<\/p>\n<\/div>\n","protected":false},"excerpt":{"rendered":"<p>Tati Machado est\u00e1 vivendo uma fase de prepara\u00e7\u00e3o intensa para a chegada de Rafael, seu&#8230;<\/p>\n","protected":false},"author":2,"featured_media":0,"comment_status":"","ping_status":"","sticky":false,"template":"","format":"standard","meta":{"footnotes":""},"categories":[2],"tags":[],"class_list":["post-48302","post","type-post","status-publish","format-standard","hentry","category-jogos-ao-vivo"],"amp_enabled":true,"_links":{"self":[{"href":"https:\/\/ipatingafc.com.br\/index.php\/wp-json\/wp\/v2\/posts\/48302","targetHints":{"allow":["GET"]}}],"collection":[{"href":"https:\/\/ipatingafc.com.br\/index.php\/wp-json\/wp\/v2\/posts"}],"about":[{"href":"https:\/\/ipatingafc.com.br\/index.php\/wp-json\/wp\/v2\/types\/post"}],"author":[{"embeddable":true,"href":"https:\/\/ipatingafc.com.br\/index.php\/wp-json\/wp\/v2\/users\/2"}],"replies":[{"embeddable":true,"href":"https:\/\/ipatingafc.com.br\/index.php\/wp-json\/wp\/v2\/comments?post=48302"}],"version-history":[{"count":0,"href":"https:\/\/ipatingafc.com.br\/index.php\/wp-json\/wp\/v2\/posts\/48302\/revisions"}],"wp:attachment":[{"href":"https:\/\/ipatingafc.com.br\/index.php\/wp-json\/wp\/v2\/media?parent=48302"}],"wp:term":[{"taxonomy":"category","embeddable":true,"href":"https:\/\/ipatingafc.com.br\/index.php\/wp-json\/wp\/v2\/categories?post=48302"},{"taxonomy":"post_tag","embeddable":true,"href":"https:\/\/ipatingafc.com.br\/index.php\/wp-json\/wp\/v2\/tags?post=48302"}],"curies":[{"name":"wp","href":"https:\/\/api.w.org\/{rel}","templated":true}]}}