{"id":48308,"date":"2026-09-04T18:59:11","date_gmt":"2026-09-04T21:59:11","guid":{"rendered":"https:\/\/ipatingafc.com.br\/index.php\/2026\/09\/04\/prefeitura-de-guaratingueta-formaliza-parcerias-e-amplia-atendimento-a-populacao-idosa-prefeitura-estancia-turistica-guaratingueta\/"},"modified":"2026-09-04T18:59:11","modified_gmt":"2026-09-04T21:59:11","slug":"prefeitura-de-guaratingueta-formaliza-parcerias-e-amplia-atendimento-a-populacao-idosa-prefeitura-estancia-turistica-guaratingueta","status":"publish","type":"post","link":"https:\/\/ipatingafc.com.br\/index.php\/2026\/09\/04\/prefeitura-de-guaratingueta-formaliza-parcerias-e-amplia-atendimento-a-populacao-idosa-prefeitura-estancia-turistica-guaratingueta\/","title":{"rendered":"Prefeitura de Guaratinguet\u00e1 formaliza parcerias e amplia atendimento \u00e0 popula\u00e7\u00e3o idosa \u2013 Prefeitura Est\u00e2ncia Tur\u00edstica Guaratinguet\u00e1"},"content":{"rendered":"<p><\/p>\n<div>\n<p>A Prefeitura de Guaratinguet\u00e1, por meio da Secretaria de Assist\u00eancia Social, formalizou, nesta quarta-feira (2), parcerias com sete organiza\u00e7\u00f5es da sociedade civil, viabilizadas com recursos de emendas parlamentares.<\/p>\n<p>\u00a0<\/p>\n<p>Ao todo, foram destinados R$ 1,2 milh\u00e3o para a execu\u00e7\u00e3o de projetos e a\u00e7\u00f5es voltados ao atendimento de crian\u00e7as, jovens e adolescentes, pessoas idosas e pessoas com defici\u00eancia, fortalecendo a rede de prote\u00e7\u00e3o social do munic\u00edpio.<\/p>\n<p>\u00a0<\/p>\n<p>Entre as parcerias firmadas est\u00e1 o Termo de Colabora\u00e7\u00e3o com a OSC Casa de Cuidados Especiais Jos\u00e9 Evilazio, que possibilitar\u00e1 a amplia\u00e7\u00e3o do atendimento \u00e0 popula\u00e7\u00e3o idosa com a contrata\u00e7\u00e3o de mais 15 vagas para o Servi\u00e7o de Acolhimento Institucional para Pessoas Idosas.<\/p>\n<p>\u00a0<\/p>\n<p>A iniciativa amplia a capacidade de acolhimento e garante atendimento humanizado, prote\u00e7\u00e3o, cuidados e acompanhamento especializado \u00e0s pessoas idosas que necessitam do servi\u00e7o.<\/p>\n<p>\u00a0<\/p>\n<p>A cerim\u00f4nia de assinatura foi realizada no Gabinete da Prefeitura e contou com a participa\u00e7\u00e3o de representantes da Administra\u00e7\u00e3o Municipal, das organiza\u00e7\u00f5es sociais, autoridades e convidados.<\/p>\n<p>\u00a0<\/p>\n<p>As parcerias fortalecem os servi\u00e7os de assist\u00eancia social e ampliam o atendimento \u00e0 popula\u00e7\u00e3o de Guaratinguet\u00e1.<\/p>\n<\/p><\/div>\n","protected":false},"excerpt":{"rendered":"<p>A Prefeitura de Guaratinguet\u00e1, por meio da Secretaria de Assist\u00eancia Social, formalizou, nesta quarta-feira (2),&#8230;<\/p>\n","protected":false},"author":2,"featured_media":0,"comment_status":"","ping_status":"","sticky":false,"template":"","format":"standard","meta":{"footnotes":""},"categories":[2],"tags":[],"class_list":["post-48308","post","type-post","status-publish","format-standard","hentry","category-jogos-ao-vivo"],"amp_enabled":true,"_links":{"self":[{"href":"https:\/\/ipatingafc.com.br\/index.php\/wp-json\/wp\/v2\/posts\/48308","targetHints":{"allow":["GET"]}}],"collection":[{"href":"https:\/\/ipatingafc.com.br\/index.php\/wp-json\/wp\/v2\/posts"}],"about":[{"href":"https:\/\/ipatingafc.com.br\/index.php\/wp-json\/wp\/v2\/types\/post"}],"author":[{"embeddable":true,"href":"https:\/\/ipatingafc.com.br\/index.php\/wp-json\/wp\/v2\/users\/2"}],"replies":[{"embeddable":true,"href":"https:\/\/ipatingafc.com.br\/index.php\/wp-json\/wp\/v2\/comments?post=48308"}],"version-history":[{"count":0,"href":"https:\/\/ipatingafc.com.br\/index.php\/wp-json\/wp\/v2\/posts\/48308\/revisions"}],"wp:attachment":[{"href":"https:\/\/ipatingafc.com.br\/index.php\/wp-json\/wp\/v2\/media?parent=48308"}],"wp:term":[{"taxonomy":"category","embeddable":true,"href":"https:\/\/ipatingafc.com.br\/index.php\/wp-json\/wp\/v2\/categories?post=48308"},{"taxonomy":"post_tag","embeddable":true,"href":"https:\/\/ipatingafc.com.br\/index.php\/wp-json\/wp\/v2\/tags?post=48308"}],"curies":[{"name":"wp","href":"https:\/\/api.w.org\/{rel}","templated":true}]}}