{"id":48317,"date":"2026-09-05T08:05:22","date_gmt":"2026-09-05T11:05:22","guid":{"rendered":"https:\/\/ipatingafc.com.br\/index.php\/2026\/09\/05\/passagem-de-seis-anos-muda-tudo-e-coloca-nancy-diante-do-maior-desafio\/"},"modified":"2026-09-05T08:05:22","modified_gmt":"2026-09-05T11:05:22","slug":"passagem-de-seis-anos-muda-tudo-e-coloca-nancy-diante-do-maior-desafio","status":"publish","type":"post","link":"https:\/\/ipatingafc.com.br\/index.php\/2026\/09\/05\/passagem-de-seis-anos-muda-tudo-e-coloca-nancy-diante-do-maior-desafio\/","title":{"rendered":"passagem de seis anos muda tudo e coloca Nancy diante do maior desafio"},"content":{"rendered":"<p><\/p>\n<div>\n<p>Quem Ama Cuida: passagem de seis anos muda tudo e coloca Nancy diante do maior desafio<\/p>\n<p><strong>Nova fase da novela das nove da Globo ser\u00e1 marcada por reencontros, ressentimentos e consequ\u00eancias de acontecimentos do passado<\/strong><\/p>\n<p>A novela <em>Quem Ama Cuida<\/em> vai entrar em uma nova e importante fase com uma passagem de tempo de seis anos. A mudan\u00e7a promete alterar profundamente a trajet\u00f3ria dos principais personagens e abrir espa\u00e7o para novos conflitos, reencontros e revela\u00e7\u00f5es.<\/p>\n<p>Entre as personagens que mais sentir\u00e3o os efeitos dessa transforma\u00e7\u00e3o est\u00e1 Nancy. Depois de enfrentar um per\u00edodo na pris\u00e3o, ela tentar\u00e1 reconstruir a pr\u00f3pria vida, mas ter\u00e1 pela frente uma das situa\u00e7\u00f5es mais dolorosas de sua hist\u00f3ria: recuperar a rela\u00e7\u00e3o com o filho.<\/p>\n<p><strong>Tati Machado e o marido tomam decis\u00e3o importante a dois meses do nascimento do filho<\/strong><\/p>\n<p><strong>Neymar revela nome da terceira filha com Bruna Biancardi e surpreende f\u00e3s\u00a0<\/strong><\/p>\n<h2>Nancy enfrentar\u00e1 rejei\u00e7\u00e3o do pr\u00f3prio filho<\/h2>\n<p>Ap\u00f3s conquistar a liberdade, Nancy ter\u00e1 que lidar com as consequ\u00eancias de acontecimentos que marcaram sua trajet\u00f3ria. O relacionamento com o filho, entretanto, ser\u00e1 um dos maiores obst\u00e1culos nessa nova etapa.<\/p>\n<p>Durante os seis anos que se passaram na trama, o jovem continuou carregando uma profunda m\u00e1goa relacionada \u00e0 morte do pai. O ressentimento fez com que ele n\u00e3o conseguisse perdoar a m\u00e3e, criando uma dist\u00e2ncia emocional que promete provocar cenas de forte carga dram\u00e1tica.<\/p>\n<p>O reencontro entre Nancy e o filho dever\u00e1 ser marcado por tens\u00e3o e emo\u00e7\u00f5es. A personagem ter\u00e1 de enfrentar n\u00e3o apenas as consequ\u00eancias de suas escolhas, mas tamb\u00e9m a dificuldade de reconstruir um v\u00ednculo familiar que foi destru\u00eddo ao longo dos anos.<\/p>\n<h2>Adriana tamb\u00e9m deixa a pris\u00e3o<\/h2>\n<p>A passagem de tempo n\u00e3o afetar\u00e1 apenas Nancy. Adriana tamb\u00e9m conseguir\u00e1 recuperar a liberdade depois de cumprir parte de sua pena.<\/p>\n<p><strong>Jos\u00e9 Mayer faz rara apari\u00e7\u00e3o p\u00fablica e emociona ao amparar filho de Gracindo Jr. em vel\u00f3rio<\/strong><\/p>\n<p><strong>Ap\u00f3s convuls\u00f5es e queda brusca na satura\u00e7\u00e3o, chega nova not\u00edcia sobre a filha de Juliano Cazarr\u00e9<\/strong><\/p>\n<p>De volta \u00e0 sociedade, ela estar\u00e1 determinada a correr atr\u00e1s do tempo perdido e buscar justi\u00e7a por tudo o que aconteceu antes de sua pris\u00e3o. A nova realidade, por\u00e9m, n\u00e3o ser\u00e1 simples, e a personagem ainda ter\u00e1 de enfrentar obst\u00e1culos e acontecimentos inesperados.<\/p>\n<p>A liberdade, portanto, representar\u00e1 o in\u00edcio de uma nova batalha para Adriana, que retornar\u00e1 \u00e0 hist\u00f3ria disposta a mudar o pr\u00f3prio destino.<\/p>\n<h2>Pedro retorna ao Brasil<\/h2>\n<p>Outro personagem que ter\u00e1 sua vida completamente modificada ser\u00e1 Pedro. Depois de passar anos no exterior, ele retornar\u00e1 ao Brasil trazendo uma novidade que promete mexer diretamente com Adriana.<\/p>\n<p>O advogado estar\u00e1 casado com Bruna, sua antiga companheira. A informa\u00e7\u00e3o chegar\u00e1 at\u00e9 Adriana e provocar\u00e1 uma grande decep\u00e7\u00e3o, principalmente porque ela descobrir\u00e1 que Pedro retomou o relacionamento que havia deixado para tr\u00e1s.<\/p>\n<p>O retorno de Pedro cria, assim, mais um ponto de tens\u00e3o para a nova fase de <em>Quem Ama Cuida<\/em>. A volta ao Brasil poder\u00e1 colocar frente a frente personagens que carregam hist\u00f3rias mal resolvidas e sentimentos do passado.<\/p>\n<h2>Passagem de seis anos movimenta Quem Ama Cuida<\/h2>\n<p>A passagem de seis anos ser\u00e1 fundamental para modificar o cen\u00e1rio da novela das nove. Personagens que estavam presos \u00e0s consequ\u00eancias de acontecimentos anteriores agora aparecem em novas situa\u00e7\u00f5es, enquanto antigos conflitos continuam influenciando suas decis\u00f5es.<\/p>\n<p>Nancy ter\u00e1 como principal desafio recuperar a confian\u00e7a do filho. Adriana tentar\u00e1 reconstruir sua vida e buscar justi\u00e7a, enquanto Pedro retornar\u00e1 ao pa\u00eds casado com Bruna, surpreendendo quem ficou para tr\u00e1s.<\/p>\n<p>Com tantas mudan\u00e7as, <em>Quem Ama Cuida<\/em> entra em uma etapa com potencial para aumentar ainda mais os conflitos familiares e pessoais. O passado, mesmo depois de seis anos, continuar\u00e1 presente e poder\u00e1 determinar os pr\u00f3ximos acontecimentos da trama.<\/p>\n<p>A nova fase promete justamente explorar esse contraste: personagens que tentaram seguir em frente, mas que ainda precisam lidar com feridas, escolhas e relacionamentos que ficaram inacabados.<\/p>\n<p><strong>Leia tamb\u00e9m:<\/strong> acompanhe outras not\u00edcias sobre televis\u00e3o, novelas e celebridades no <strong>MR News<\/strong>.<\/p>\n<\/div>\n","protected":false},"excerpt":{"rendered":"<p>Quem Ama Cuida: passagem de seis anos muda tudo e coloca Nancy diante do maior&#8230;<\/p>\n","protected":false},"author":2,"featured_media":0,"comment_status":"","ping_status":"","sticky":false,"template":"","format":"standard","meta":{"footnotes":""},"categories":[2],"tags":[],"class_list":["post-48317","post","type-post","status-publish","format-standard","hentry","category-jogos-ao-vivo"],"amp_enabled":true,"_links":{"self":[{"href":"https:\/\/ipatingafc.com.br\/index.php\/wp-json\/wp\/v2\/posts\/48317","targetHints":{"allow":["GET"]}}],"collection":[{"href":"https:\/\/ipatingafc.com.br\/index.php\/wp-json\/wp\/v2\/posts"}],"about":[{"href":"https:\/\/ipatingafc.com.br\/index.php\/wp-json\/wp\/v2\/types\/post"}],"author":[{"embeddable":true,"href":"https:\/\/ipatingafc.com.br\/index.php\/wp-json\/wp\/v2\/users\/2"}],"replies":[{"embeddable":true,"href":"https:\/\/ipatingafc.com.br\/index.php\/wp-json\/wp\/v2\/comments?post=48317"}],"version-history":[{"count":0,"href":"https:\/\/ipatingafc.com.br\/index.php\/wp-json\/wp\/v2\/posts\/48317\/revisions"}],"wp:attachment":[{"href":"https:\/\/ipatingafc.com.br\/index.php\/wp-json\/wp\/v2\/media?parent=48317"}],"wp:term":[{"taxonomy":"category","embeddable":true,"href":"https:\/\/ipatingafc.com.br\/index.php\/wp-json\/wp\/v2\/categories?post=48317"},{"taxonomy":"post_tag","embeddable":true,"href":"https:\/\/ipatingafc.com.br\/index.php\/wp-json\/wp\/v2\/tags?post=48317"}],"curies":[{"name":"wp","href":"https:\/\/api.w.org\/{rel}","templated":true}]}}