{"id":48320,"date":"2026-09-05T12:14:21","date_gmt":"2026-09-05T15:14:21","guid":{"rendered":"https:\/\/ipatingafc.com.br\/index.php\/2026\/09\/05\/subprefeitura-da-zona-sul-realiza-acao-de-zeladoria-na-rua-pires-de-almeida-em-laranjeiras-prefeitura-da-cidade-do-rio-de-janeiro\/"},"modified":"2026-09-05T12:14:21","modified_gmt":"2026-09-05T15:14:21","slug":"subprefeitura-da-zona-sul-realiza-acao-de-zeladoria-na-rua-pires-de-almeida-em-laranjeiras-prefeitura-da-cidade-do-rio-de-janeiro","status":"publish","type":"post","link":"https:\/\/ipatingafc.com.br\/index.php\/2026\/09\/05\/subprefeitura-da-zona-sul-realiza-acao-de-zeladoria-na-rua-pires-de-almeida-em-laranjeiras-prefeitura-da-cidade-do-rio-de-janeiro\/","title":{"rendered":"Subprefeitura da Zona Sul realiza a\u00e7\u00e3o de zeladoria na Rua Pires de Almeida, em Laranjeiras &#8211; Prefeitura da Cidade do Rio de Janeiro"},"content":{"rendered":"<p><\/p>\n<div id=\"main\">\n<div class=\"wrapper-breadcrumbs\" wp_automatic_readability=\"27.477705627706\">\n<div class=\"image-post\" wp_automatic_readability=\"34\">\n                     Opera\u00e7\u00e3o realizada em parceria com a Comlurb nesta sexta-feira (4), contou com lavagem hidr\u00e1ulica e servi\u00e7os de limpeza em toda a extens\u00e3o da via &#8211; Jonas Monteiro\/Subprefeitura da Zona Sul                  <\/div>\n<p>A Subprefeitura da Zona Sul em conjunto com a Comlurb, realizou, nesta sexta-feira (4), uma a\u00e7\u00e3o de zeladoria na Rua Pires de Almeida, em Laranjeiras. Coordenada pela Subprefeitura, a opera\u00e7\u00e3o teve como objetivo refor\u00e7ar a limpeza e a conserva\u00e7\u00e3o da via, atendendo a uma demanda apresentada pelos moradores da regi\u00e3o.<\/p>\n<p>Os servi\u00e7os come\u00e7aram na Pra\u00e7a M\u00facio Le\u00e3o e seguiram por toda a extens\u00e3o da Rua Pires de Almeida, com a realiza\u00e7\u00e3o de lavagem hidr\u00e1ulica e limpeza, contribuindo para a manuten\u00e7\u00e3o dos espa\u00e7os p\u00fablicos e para a melhoria das condi\u00e7\u00f5es de circula\u00e7\u00e3o e conviv\u00eancia no local.<\/p>\n<p>Para o subprefeito da Zona Sul, Pedro Angelito, a atua\u00e7\u00e3o pr\u00f3xima aos moradores \u00e9 fundamental para identificar as necessidades de cada regi\u00e3o e direcionar os servi\u00e7os p\u00fablicos.<\/p>\n<blockquote wp_automatic_readability=\"10\">\n<p>\u2014 A zeladoria \u00e9 um trabalho permanente e que precisa estar cada vez mais pr\u00f3ximo das pessoas. Recebemos a demanda dos moradores da localidade e mobilizamos as equipes para realizar os servi\u00e7os necess\u00e1rios. Nosso objetivo \u00e9 cuidar dos espa\u00e7os p\u00fablicos, melhorar o dia a dia da popula\u00e7\u00e3o e manter a Zona Sul sempre bem cuidada \u2014, afirmou o subprefeito.<\/p>\n<\/blockquote>\n<p>A Subprefeitura da Zona Sul mant\u00e9m a\u00e7\u00f5es de zeladoria permanentes em diferentes bairros da regi\u00e3o, a partir do planejamento das equipes e tamb\u00e9m das demandas apresentadas pela popula\u00e7\u00e3o.<\/p>\n<p>             <!-- Compartilhe ---><\/p>\n<p>\t\t\t <!-- TAGS --><\/p>\n<section class=\"category-tags\">\n<article class=\"tags\">\n\t\t\t\t\tMarca\u00e7\u00f5es: Laranjeiras secretaria de coordena\u00e7\u00e3o governamental Subprefeitura da Zona Sul zeladoria<br \/><\/article>\n<\/section>\n<p>            <!-- Mais Not&iacute;cias --><\/p>\n<p>\t\t<!-- Conte&uacute;do SIDEBAR --><\/p><\/div>\n<\/p><\/div>\n","protected":false},"excerpt":{"rendered":"<p>Opera\u00e7\u00e3o realizada em parceria com a Comlurb nesta sexta-feira (4), contou com lavagem hidr\u00e1ulica e&#8230;<\/p>\n","protected":false},"author":2,"featured_media":0,"comment_status":"","ping_status":"","sticky":false,"template":"","format":"standard","meta":{"footnotes":""},"categories":[2],"tags":[],"class_list":["post-48320","post","type-post","status-publish","format-standard","hentry","category-jogos-ao-vivo"],"amp_enabled":true,"_links":{"self":[{"href":"https:\/\/ipatingafc.com.br\/index.php\/wp-json\/wp\/v2\/posts\/48320","targetHints":{"allow":["GET"]}}],"collection":[{"href":"https:\/\/ipatingafc.com.br\/index.php\/wp-json\/wp\/v2\/posts"}],"about":[{"href":"https:\/\/ipatingafc.com.br\/index.php\/wp-json\/wp\/v2\/types\/post"}],"author":[{"embeddable":true,"href":"https:\/\/ipatingafc.com.br\/index.php\/wp-json\/wp\/v2\/users\/2"}],"replies":[{"embeddable":true,"href":"https:\/\/ipatingafc.com.br\/index.php\/wp-json\/wp\/v2\/comments?post=48320"}],"version-history":[{"count":0,"href":"https:\/\/ipatingafc.com.br\/index.php\/wp-json\/wp\/v2\/posts\/48320\/revisions"}],"wp:attachment":[{"href":"https:\/\/ipatingafc.com.br\/index.php\/wp-json\/wp\/v2\/media?parent=48320"}],"wp:term":[{"taxonomy":"category","embeddable":true,"href":"https:\/\/ipatingafc.com.br\/index.php\/wp-json\/wp\/v2\/categories?post=48320"},{"taxonomy":"post_tag","embeddable":true,"href":"https:\/\/ipatingafc.com.br\/index.php\/wp-json\/wp\/v2\/tags?post=48320"}],"curies":[{"name":"wp","href":"https:\/\/api.w.org\/{rel}","templated":true}]}}