{"id":48321,"date":"2026-09-05T13:33:14","date_gmt":"2026-09-05T16:33:14","guid":{"rendered":"https:\/\/ipatingafc.com.br\/index.php\/2026\/09\/05\/melhor-amigo-da-atriz-titina-machado-m0rre-aos-48-anos-dias-depois-de-homenagea-la\/"},"modified":"2026-09-05T13:33:14","modified_gmt":"2026-09-05T16:33:14","slug":"melhor-amigo-da-atriz-titina-machado-m0rre-aos-48-anos-dias-depois-de-homenagea-la","status":"publish","type":"post","link":"https:\/\/ipatingafc.com.br\/index.php\/2026\/09\/05\/melhor-amigo-da-atriz-titina-machado-m0rre-aos-48-anos-dias-depois-de-homenagea-la\/","title":{"rendered":"Melhor amigo da atriz Titina Machado m0rre aos 48 anos dias depois de homenage\u00e1-la"},"content":{"rendered":"<p><\/p>\n<div>\n<p>Marc\u00edlio foi encontrado sem vida em sua resid\u00eancia, e <strong>a causa da morte ainda n\u00e3o havia sido divulgada<\/strong> at\u00e9 as \u00faltimas informa\u00e7\u00f5es dispon\u00edveis.<\/p>\n<p>A not\u00edcia ganhou ainda mais repercuss\u00e3o pela rela\u00e7\u00e3o de amizade que Marc\u00edlio mantinha com a atriz <strong>Titina Medeiros<\/strong>, que morreu em janeiro deste ano ap\u00f3s enfrentar um c\u00e2ncer de p\u00e2ncreas.<\/p>\n<h2>Marc\u00edlio havia feito uma emocionante homenagem a Titina<\/h2>\n<p>Um dos aspectos que mais chamou a aten\u00e7\u00e3o ap\u00f3s a not\u00edcia da morte de Marc\u00edlio foi o fato de que sua \u00faltima publica\u00e7\u00e3o nas redes sociais havia sido dedicada justamente a Titina.<\/p>\n<p>A atriz completaria 50 anos em 1\u00ba de setembro. Poucos dias antes de morrer, Marc\u00edlio publicou uma longa homenagem \u00e0 amiga, relembrando a trajet\u00f3ria dos dois e a amizade constru\u00edda ao longo de d\u00e9cadas.<\/p>\n<p><strong>Quem Ama Cuida: passagem de seis anos muda tudo e coloca Nancy diante do maior desafio<\/strong><\/p>\n<p><strong>Tati Machado e o marido tomam decis\u00e3o importante a dois meses do nascimento do filho<\/strong><\/p>\n<p>Segundo relatos publicados por ve\u00edculos locais, os dois se conheceram em 1995, ap\u00f3s uma apresenta\u00e7\u00e3o no Teatro Alberto Maranh\u00e3o, em Natal. A rela\u00e7\u00e3o se transformou em uma amizade de longa dura\u00e7\u00e3o e tamb\u00e9m em parceria profissional. (Saiba Mais)<\/p>\n<p>Na homenagem, Marc\u00edlio tratou Titina como uma pessoa extremamente importante em sua vida e lamentou profundamente a perda da amiga.<\/p>\n<p>A coincid\u00eancia entre a homenagem recente e a morte de Marc\u00edlio poucos dias depois provocou forte como\u00e7\u00e3o entre amigos, familiares e integrantes da comunidade art\u00edstica potiguar.<\/p>\n<h2>Amizade de d\u00e9cadas com Titina Medeiros<\/h2>\n<p>Marc\u00edlio e Titina tinham uma rela\u00e7\u00e3o que ultrapassava o ambiente profissional.<\/p>\n<p><strong>Neymar revela nome da terceira filha com Bruna Biancardi e surpreende f\u00e3s\u00a0<\/strong><\/p>\n<p><strong>Jos\u00e9 Mayer faz rara apari\u00e7\u00e3o p\u00fablica e emociona ao amparar filho de Gracindo Jr. em vel\u00f3rio<\/strong><\/p>\n<p>Os dois participaram de projetos art\u00edsticos juntos e integraram o elenco do espet\u00e1culo <strong>\u201cMeu Serid\u00f3\u201d<\/strong>, da Casa de Zo\u00e9. Marc\u00edlio tamb\u00e9m atuava nos bastidores do setor cultural, enquanto Titina construiu uma carreira de destaque como atriz no teatro e na televis\u00e3o. (Grande Ponto)<\/p>\n<p>Titina morreu em 11 de janeiro de 2026, aos 48 anos, ap\u00f3s enfrentar um c\u00e2ncer de p\u00e2ncreas. A confirma\u00e7\u00e3o de sua morte havia sido feita justamente por Marc\u00edlio Amorim, que era seu amigo e agente art\u00edstico. (Folha de S.Paulo)<\/p>\n<p>Agora, poucos meses depois, a comunidade cultural potiguar volta a enfrentar uma perda relacionada a um dos nomes pr\u00f3ximos da atriz.<\/p>\n<h2>Uma carreira dedicada \u00e0 cultura<\/h2>\n<p>Marc\u00edlio Amorim tinha uma trajet\u00f3ria ligada ao teatro, \u00e0 produ\u00e7\u00e3o cultural e ao agenciamento art\u00edstico.<\/p>\n<p>Al\u00e9m de atuar como produtor e agente, ele tamb\u00e9m trabalhou como ator e jornalista. Em Natal, esteve envolvido em projetos culturais e no recrutamento de artistas, mantendo atua\u00e7\u00e3o tanto no Rio Grande do Norte quanto em trabalhos com alcance nacional.<\/p>\n<p>Ele era diretor da empresa <strong>Elenco Mosh<\/strong> e tamb\u00e9m atuava como agente art\u00edstico e produtor da <strong>Trama Agenciamento<\/strong>. (Saiba Mais)<\/p>\n<p>Colegas destacaram sua capacidade de aproximar pessoas e abrir caminhos para artistas.<\/p>\n<p>O produtor cultural Arlindo Bezerra afirmou que Marc\u00edlio tinha uma personalidade capaz de unir diferentes grupos e que sua aus\u00eancia ser\u00e1 sentida tanto pelos amigos e familiares quanto pelo mercado de agenciamento art\u00edstico. (Tribuna do Norte)<\/p>\n<h2>Marc\u00edlio tamb\u00e9m ficou conhecido como Papai Noel<\/h2>\n<p>Uma faceta curiosa da trajet\u00f3ria de Marc\u00edlio era sua atua\u00e7\u00e3o durante o per\u00edodo natalino.<\/p>\n<p>Por anos, ele se vestiu de Papai Noel para levar alegria \u00e0s crian\u00e7as. A atividade acabou se tornando uma das caracter\u00edsticas pelas quais tamb\u00e9m era lembrado em Natal.<\/p>\n<p>A pr\u00f3pria imprensa potiguar resgatou essa parte de sua hist\u00f3ria ap\u00f3s a confirma\u00e7\u00e3o da morte, destacando o envolvimento do produtor com a\u00e7\u00f5es que aproximavam a cultura e o entretenimento do p\u00fablico. (Tribuna do Norte)<\/p>\n<h2>Causa da morte ainda n\u00e3o foi informada<\/h2>\n<p>Apesar das primeiras informa\u00e7\u00f5es sobre a morte de Marc\u00edlio Amorim, <strong>n\u00e3o havia confirma\u00e7\u00e3o oficial sobre a causa do falecimento<\/strong>.<\/p>\n<p>Alguns relatos apontaram que ele teria sido encontrado sem vida enquanto dormia, mas as circunst\u00e2ncias ainda n\u00e3o foram esclarecidas oficialmente. Por isso, qualquer especula\u00e7\u00e3o sobre o que provocou sua morte deve ser evitada at\u00e9 que familiares ou autoridades apresentem informa\u00e7\u00f5es definitivas. (Grande Ponto)<\/p>\n<p>Tamb\u00e9m n\u00e3o haviam sido divulgados, at\u00e9 as informa\u00e7\u00f5es mais recentes, os detalhes sobre hor\u00e1rio e local do vel\u00f3rio e do sepultamento.<\/p>\n<h2>Perda provoca como\u00e7\u00e3o no meio art\u00edstico<\/h2>\n<p>A morte de Marc\u00edlio representa uma nova perda para a cultura potiguar em um ano marcado pela despedida de Titina Medeiros.<\/p>\n<p>A atriz havia se tornado conhecida nacionalmente por trabalhos na televis\u00e3o, incluindo sua participa\u00e7\u00e3o em <strong>\u201cCheias de Charme\u201d<\/strong>, al\u00e9m de outras produ\u00e7\u00f5es como \u201cMar do Sert\u00e3o\u201d e \u201cNo Rancho Fundo\u201d.<\/p>\n<p>A rela\u00e7\u00e3o entre Titina e Marc\u00edlio, constru\u00edda durante d\u00e9cadas, torna a not\u00edcia ainda mais dolorosa para aqueles que conviviam com os dois.<\/p>\n<p>Em sua \u00faltima homenagem \u00e0 atriz, Marc\u00edlio demonstrou que a perda ainda permanecia muito presente. Poucos dias depois, sua pr\u00f3pria morte surpreendeu amigos e colegas.<\/p>\n<p>A cultura do Rio Grande do Norte perde, assim, um profissional que atuou em diferentes frentes \u2014 como ator, produtor, jornalista e agente art\u00edstico \u2014 e que deixou uma trajet\u00f3ria marcada pelo contato pr\u00f3ximo com artistas e pela capacidade de criar conex\u00f5es dentro do setor cultural.<\/p>\n<p><strong>Marc\u00edlio Amorim tinha 48 anos. A causa da morte ainda n\u00e3o foi divulgada oficialmente.<\/strong><br \/>\ue201<\/p>\n<\/div>\n","protected":false},"excerpt":{"rendered":"<p>Marc\u00edlio foi encontrado sem vida em sua resid\u00eancia, e a causa da morte ainda n\u00e3o&#8230;<\/p>\n","protected":false},"author":2,"featured_media":0,"comment_status":"","ping_status":"","sticky":false,"template":"","format":"standard","meta":{"footnotes":""},"categories":[2],"tags":[],"class_list":["post-48321","post","type-post","status-publish","format-standard","hentry","category-jogos-ao-vivo"],"amp_enabled":true,"_links":{"self":[{"href":"https:\/\/ipatingafc.com.br\/index.php\/wp-json\/wp\/v2\/posts\/48321","targetHints":{"allow":["GET"]}}],"collection":[{"href":"https:\/\/ipatingafc.com.br\/index.php\/wp-json\/wp\/v2\/posts"}],"about":[{"href":"https:\/\/ipatingafc.com.br\/index.php\/wp-json\/wp\/v2\/types\/post"}],"author":[{"embeddable":true,"href":"https:\/\/ipatingafc.com.br\/index.php\/wp-json\/wp\/v2\/users\/2"}],"replies":[{"embeddable":true,"href":"https:\/\/ipatingafc.com.br\/index.php\/wp-json\/wp\/v2\/comments?post=48321"}],"version-history":[{"count":0,"href":"https:\/\/ipatingafc.com.br\/index.php\/wp-json\/wp\/v2\/posts\/48321\/revisions"}],"wp:attachment":[{"href":"https:\/\/ipatingafc.com.br\/index.php\/wp-json\/wp\/v2\/media?parent=48321"}],"wp:term":[{"taxonomy":"category","embeddable":true,"href":"https:\/\/ipatingafc.com.br\/index.php\/wp-json\/wp\/v2\/categories?post=48321"},{"taxonomy":"post_tag","embeddable":true,"href":"https:\/\/ipatingafc.com.br\/index.php\/wp-json\/wp\/v2\/tags?post=48321"}],"curies":[{"name":"wp","href":"https:\/\/api.w.org\/{rel}","templated":true}]}}