{"id":48322,"date":"2026-09-05T13:48:12","date_gmt":"2026-09-05T16:48:12","guid":{"rendered":"https:\/\/ipatingafc.com.br\/index.php\/2026\/09\/05\/comlurb-prepara-planejamento-operacional-especial-de-limpeza-para-o-desfile-de-7-de-setembro-prefeitura-da-cidade-do-rio-de-janeiro\/"},"modified":"2026-09-05T13:48:12","modified_gmt":"2026-09-05T16:48:12","slug":"comlurb-prepara-planejamento-operacional-especial-de-limpeza-para-o-desfile-de-7-de-setembro-prefeitura-da-cidade-do-rio-de-janeiro","status":"publish","type":"post","link":"https:\/\/ipatingafc.com.br\/index.php\/2026\/09\/05\/comlurb-prepara-planejamento-operacional-especial-de-limpeza-para-o-desfile-de-7-de-setembro-prefeitura-da-cidade-do-rio-de-janeiro\/","title":{"rendered":"Comlurb prepara planejamento operacional especial de limpeza para o desfile de 7 de Setembro &#8211; Prefeitura da Cidade do Rio de Janeiro"},"content":{"rendered":"<p><\/p>\n<div id=\"main\">\n<div class=\"wrapper-breadcrumbs\" wp_automatic_readability=\"25.325112107623\">\n<p>A Comlurb preparou um planejamento operacional especial de limpeza na Avenida Presidente Vargas e ruas do entorno, para o Desfile C\u00edvico de 7 de Setembro, pr\u00f3xima segunda-feira, que comemora os 204 anos da Independ\u00eancia do Brasil. O trabalho ser\u00e1 iniciado a partir das 6h, com a pr\u00e9-limpeza, e se estender\u00e1 at\u00e9 que todo o p\u00fablico deixe o evento.<\/p>\n<p>A Companhia contar\u00e1 ao todo com 50 garis, que v\u00e3o se revezar em turnos, na execu\u00e7\u00e3o dos servi\u00e7os de varri\u00e7\u00e3o, coleta e remo\u00e7\u00e3o de res\u00edduos. Por \u00faltimo, ser\u00e1 feita a limpeza hidr\u00e1ulica das pistas, com \u00e1gua de reuso, detergente e hipoclorito.<\/p>\n<p>Entre equipamentos e ve\u00edculos, ser\u00e3o disponibilizados caminh\u00f5es compactadores para remo\u00e7\u00e3o dos res\u00edduos, duas varredeiras de grande porte para auxiliar no servi\u00e7o de varri\u00e7\u00e3o, e duas pipas d\u2019\u00e1gua e duas vans motobomba com sistema de press\u00e3o para lavagem.<\/p>\n<p>Ser\u00e3o disponibilizados cont\u00eaineres ao longo da Avenida Presidente Vargas e pontos estrat\u00e9gicos do entorno, para facilitar o descarte correto de res\u00edduos por parte do p\u00fablico presente.<\/p>\n<p>             <!-- Compartilhe ---><\/p>\n<p>\t\t\t <!-- TAGS --><\/p>\n<section class=\"category-tags\">\n<div class=\"marcacao-category\">\n<article class=\"category-post\">\n<p>Categoria: <\/p>\n<\/article>\n<li>5 de setembro de 2026<\/li><\/div>\n<article class=\"tags\">\n\t\t\t\t\tMarca\u00e7\u00f5es: Comlurb Desfile 7 de setembro Desfile C\u00edvico Militar planejamento<br \/><\/article>\n<\/section>\n<p>            <!-- Mais Not&iacute;cias --><\/p>\n<p>\t\t<!-- Conte&uacute;do SIDEBAR --><\/p><\/div>\n<\/p><\/div>\n","protected":false},"excerpt":{"rendered":"<p>A Comlurb preparou um planejamento operacional especial de limpeza na Avenida Presidente Vargas e ruas&#8230;<\/p>\n","protected":false},"author":2,"featured_media":0,"comment_status":"","ping_status":"","sticky":false,"template":"","format":"standard","meta":{"footnotes":""},"categories":[2],"tags":[],"class_list":["post-48322","post","type-post","status-publish","format-standard","hentry","category-jogos-ao-vivo"],"amp_enabled":true,"_links":{"self":[{"href":"https:\/\/ipatingafc.com.br\/index.php\/wp-json\/wp\/v2\/posts\/48322","targetHints":{"allow":["GET"]}}],"collection":[{"href":"https:\/\/ipatingafc.com.br\/index.php\/wp-json\/wp\/v2\/posts"}],"about":[{"href":"https:\/\/ipatingafc.com.br\/index.php\/wp-json\/wp\/v2\/types\/post"}],"author":[{"embeddable":true,"href":"https:\/\/ipatingafc.com.br\/index.php\/wp-json\/wp\/v2\/users\/2"}],"replies":[{"embeddable":true,"href":"https:\/\/ipatingafc.com.br\/index.php\/wp-json\/wp\/v2\/comments?post=48322"}],"version-history":[{"count":0,"href":"https:\/\/ipatingafc.com.br\/index.php\/wp-json\/wp\/v2\/posts\/48322\/revisions"}],"wp:attachment":[{"href":"https:\/\/ipatingafc.com.br\/index.php\/wp-json\/wp\/v2\/media?parent=48322"}],"wp:term":[{"taxonomy":"category","embeddable":true,"href":"https:\/\/ipatingafc.com.br\/index.php\/wp-json\/wp\/v2\/categories?post=48322"},{"taxonomy":"post_tag","embeddable":true,"href":"https:\/\/ipatingafc.com.br\/index.php\/wp-json\/wp\/v2\/tags?post=48322"}],"curies":[{"name":"wp","href":"https:\/\/api.w.org\/{rel}","templated":true}]}}