{"id":48325,"date":"2026-09-05T16:56:13","date_gmt":"2026-09-05T19:56:13","guid":{"rendered":"https:\/\/ipatingafc.com.br\/index.php\/2026\/09\/05\/guardas-detem-homem-vendendo-cigarros-eletronicos-no-entorno-da-cidade-do-rock-prefeitura-da-cidade-do-rio-de-janeiro\/"},"modified":"2026-09-05T16:56:13","modified_gmt":"2026-09-05T19:56:13","slug":"guardas-detem-homem-vendendo-cigarros-eletronicos-no-entorno-da-cidade-do-rock-prefeitura-da-cidade-do-rio-de-janeiro","status":"publish","type":"post","link":"https:\/\/ipatingafc.com.br\/index.php\/2026\/09\/05\/guardas-detem-homem-vendendo-cigarros-eletronicos-no-entorno-da-cidade-do-rock-prefeitura-da-cidade-do-rio-de-janeiro\/","title":{"rendered":"Guardas det\u00eam homem vendendo cigarros eletr\u00f4nicos no entorno da Cidade do Rock &#8211; Prefeitura da Cidade do Rio de Janeiro"},"content":{"rendered":"<p><\/p>\n<div id=\"main\">\n<div class=\"wrapper-breadcrumbs\" wp_automatic_readability=\"37.742694497154\">\n<div class=\"image-post\" wp_automatic_readability=\"32\">\n                     Foto: Robert Gomes\/Guarda Municipal do Rio de Janeiro                  <\/div>\n<p>Guardas municipais do Grupamento de Opera\u00e7\u00f5es Especiais (GOE) prenderam em flagrante, na noite de sexta-feira (04\/09), um homem que estava vendendo cigarros eletr\u00f4nicos na Avenida Abelardo Bueno, nas imedia\u00e7\u00f5es do Parque Ol\u00edmpico, na Barra da Tijuca, Zona Sudoeste. Os agentes integravam a opera\u00e7\u00e3o especial da Guarda Municipal para o Rock in Rio.<\/p>\n<p>Ap\u00f3s o flagrante, o suspeito chegou a resistir a abordagem da equipe, mas foi detido e conduzido para a 16\u00aa DP (Barra da Tijuca), onde a ocorr\u00eancia foi registrada como contrabando (artigo 334 do C\u00f3digo Penal). A venda desse tipo de produto \u00e9 proibida no Brasil. O material ficou apreendido junto com outros objetos que estavam com o suspeito.<\/p>\n<p>Al\u00e9m da pris\u00e3o, as equipes da Guarda Municipal que atuaram na noite de sexta-feira com foco no ordenamento do tr\u00e2nsito aplicaram 440 multas por diversos tipos de infra\u00e7\u00e3o no entorno do festival de m\u00fasica e nas \u00e1reas adjacentes.<\/p>\n<p>A opera\u00e7\u00e3o especial da GM-Rio em apoio ao Rock in Rio est\u00e1 acontecendo desde o dia 1\u00ba de setembro, com foco na seguran\u00e7a urbana e vi\u00e1ria, e vai at\u00e9 o dia 18. Ser\u00e3o mais de 4.700 guardas empregados em toda a opera\u00e7\u00e3o, sendo mais de 400 por dia no entorno e adjac\u00eancias da Cidade do Rock. As equipes est\u00e3o realizando a\u00e7\u00f5es preventivas de patrulhamento para coibir delitos e auxiliar a popula\u00e7\u00e3o e tamb\u00e9m est\u00e3o operando os bloqueios vi\u00e1rios, al\u00e9m de orientar a travessia segura de pedestres e promover a fluidez.<\/p>\n<p>A opera\u00e7\u00e3o tamb\u00e9m contempla os principais pontos de entrada da cidade e \u00e1reas tur\u00edsticas, contando com emprego de mais de 1.300 guardas atuando nesses pontos at\u00e9 o dia 18. As a\u00e7\u00f5es acontecem sem preju\u00edzo \u00e0s a\u00e7\u00f5es de rotina na cidade. Durante essas a\u00e7\u00f5es, a GM-Rio tamb\u00e9m registrou a condu\u00e7\u00e3o de um motociclista para delegacia ap\u00f3s flagrante de condu\u00e7\u00e3o do ve\u00edculo sem as placas de identifica\u00e7\u00e3o no Leblon, na Zona Sul da cidade.<\/p>\n<p>             <!-- Compartilhe ---><\/p>\n<p>\t\t\t <!-- TAGS --><\/p>\n<section class=\"category-tags\">\n<article class=\"tags\">\n\t\t\t\t\tMarca\u00e7\u00f5es: Guarda Municipal Rock in Rio<br \/><\/article>\n<\/section>\n<p>            <!-- Mais Not&iacute;cias --><\/p>\n<p>\t\t<!-- Conte&uacute;do SIDEBAR --><\/p><\/div>\n<\/p><\/div>\n","protected":false},"excerpt":{"rendered":"<p>Foto: Robert Gomes\/Guarda Municipal do Rio de Janeiro Guardas municipais do Grupamento de Opera\u00e7\u00f5es Especiais&#8230;<\/p>\n","protected":false},"author":2,"featured_media":0,"comment_status":"","ping_status":"","sticky":false,"template":"","format":"standard","meta":{"footnotes":""},"categories":[2],"tags":[],"class_list":["post-48325","post","type-post","status-publish","format-standard","hentry","category-jogos-ao-vivo"],"amp_enabled":true,"_links":{"self":[{"href":"https:\/\/ipatingafc.com.br\/index.php\/wp-json\/wp\/v2\/posts\/48325","targetHints":{"allow":["GET"]}}],"collection":[{"href":"https:\/\/ipatingafc.com.br\/index.php\/wp-json\/wp\/v2\/posts"}],"about":[{"href":"https:\/\/ipatingafc.com.br\/index.php\/wp-json\/wp\/v2\/types\/post"}],"author":[{"embeddable":true,"href":"https:\/\/ipatingafc.com.br\/index.php\/wp-json\/wp\/v2\/users\/2"}],"replies":[{"embeddable":true,"href":"https:\/\/ipatingafc.com.br\/index.php\/wp-json\/wp\/v2\/comments?post=48325"}],"version-history":[{"count":0,"href":"https:\/\/ipatingafc.com.br\/index.php\/wp-json\/wp\/v2\/posts\/48325\/revisions"}],"wp:attachment":[{"href":"https:\/\/ipatingafc.com.br\/index.php\/wp-json\/wp\/v2\/media?parent=48325"}],"wp:term":[{"taxonomy":"category","embeddable":true,"href":"https:\/\/ipatingafc.com.br\/index.php\/wp-json\/wp\/v2\/categories?post=48325"},{"taxonomy":"post_tag","embeddable":true,"href":"https:\/\/ipatingafc.com.br\/index.php\/wp-json\/wp\/v2\/tags?post=48325"}],"curies":[{"name":"wp","href":"https:\/\/api.w.org\/{rel}","templated":true}]}}