{"id":48326,"date":"2026-09-05T16:58:15","date_gmt":"2026-09-05T19:58:15","guid":{"rendered":"https:\/\/ipatingafc.com.br\/index.php\/2026\/09\/05\/falece-aos-20-anos-ana-julia-alves-ferreira\/"},"modified":"2026-09-05T16:58:15","modified_gmt":"2026-09-05T19:58:15","slug":"falece-aos-20-anos-ana-julia-alves-ferreira","status":"publish","type":"post","link":"https:\/\/ipatingafc.com.br\/index.php\/2026\/09\/05\/falece-aos-20-anos-ana-julia-alves-ferreira\/","title":{"rendered":"Falece, aos 20 anos, Ana J\u00falia Alves Ferreira"},"content":{"rendered":"<p><\/p>\n<div>\n<p>A cidade de Monte Alto, no interior de S\u00e3o Paulo, ficou marcada pela tristeza com a morte de Ana J\u00falia Alves Ferreira, aos 20 anos. A jovem faleceu no dia 9 de junho de 2026, ap\u00f3s enfrentar complica\u00e7\u00f5es de sa\u00fade que mobilizaram familiares, amigos e moradores da regi\u00e3o. ()<\/p>\n<p>Ana J\u00falia era conhecida pela dedica\u00e7\u00e3o aos estudos e pelo carinho com a fam\u00edlia. Nascida em Monte Alto, em 15 de janeiro de 2006, ela cursava o terceiro ano de Engenharia Civil e mantinha o sonho de construir uma carreira ligada \u00e0 \u00e1rea de exatas.<\/p>\n<h2>Jovem era destaque nos estudos<\/h2>\n<p>Desde a inf\u00e2ncia, Ana J\u00falia demonstrava grande interesse pelo aprendizado. Segundo relatos da fam\u00edlia, ela gostava de brincar de escolinha quando crian\u00e7a e chegou a aprender sozinha a desenhar e tocar viol\u00e3o.<\/p>\n<p>Durante os anos escolares, destacou-se pelo desempenho acad\u00eamico. No Sesi, era considerada uma aluna exemplar e chegou a ser apontada como refer\u00eancia pelos pr\u00f3prios professores.<\/p>\n<p><strong>Melhor amigo da atriz Titina Machado m0rre aos 48 anos dias depois de homenage\u00e1-la<\/strong><\/p>\n<p><strong>Quem Ama Cuida: passagem de seis anos muda tudo e coloca Nancy diante do maior desafio<\/strong><\/p>\n<p>A dedica\u00e7\u00e3o aos estudos continuou durante a faculdade. Mesmo quando precisava conciliar a rotina acad\u00eamica com as viagens di\u00e1rias entre Monte Alto e Bebedouro, Ana J\u00falia mantinha o foco em sua forma\u00e7\u00e3o.<\/p>\n<p>A jovem tamb\u00e9m tinha interesse por matem\u00e1tica e chegou a considerar a possibilidade de seguir carreira como professora antes de optar pela Engenharia Civil. ()<\/p>\n<h2>Luta contra problemas de sa\u00fade<\/h2>\n<p>A morte de Ana J\u00falia aconteceu depois de uma sequ\u00eancia de complica\u00e7\u00f5es relacionadas a problemas pulmonares.<\/p>\n<p>Segundo informa\u00e7\u00f5es publicadas por ve\u00edculos regionais, a jovem enfrentou um quadro grave e chegou a ser internada no CTI do Hospital das Cl\u00ednicas de Ribeir\u00e3o Preto. Durante o per\u00edodo de tratamento, familiares e amigos chegaram a realizar uma corrente de ora\u00e7\u00f5es pela recupera\u00e7\u00e3o da jovem. ()<\/p>\n<p><strong>Tati Machado e o marido tomam decis\u00e3o importante a dois meses do nascimento do filho<\/strong><\/p>\n<p><strong>Neymar revela nome da terceira filha com Bruna Biancardi e surpreende f\u00e3s\u00a0<\/strong><\/p>\n<p>Fontes locais tamb\u00e9m relataram que ela recebeu diagn\u00f3stico de tuberculose durante a investiga\u00e7\u00e3o m\u00e9dica. O quadro evoluiu de maneira grave e, apesar do tratamento e da mobiliza\u00e7\u00e3o de pessoas pr\u00f3ximas, Ana J\u00falia n\u00e3o resistiu.<\/p>\n<h2>Fam\u00edlia e amigos prestaram homenagens<\/h2>\n<p>Ana J\u00falia era filha de Jarleide Alves dos Santos e Cl\u00e1udio Roberto Ferreira e tamb\u00e9m deixou a irm\u00e3 Manuella. A fam\u00edlia destacou, ao longo de sua trajet\u00f3ria, o lado amoroso e dedicado da jovem.<\/p>\n<p>A not\u00edcia provocou como\u00e7\u00e3o entre pessoas que conheciam Ana J\u00falia, especialmente em Monte Alto. Mensagens de solidariedade e homenagens foram compartilhadas durante o per\u00edodo de despedida.<\/p>\n<p>O vel\u00f3rio ocorreu em Monte Alto na manh\u00e3 de 10 de junho, a partir das 8h. O sepultamento foi marcado para as 16h do mesmo dia. (saocarlosemrede.com.br)<\/p>\n<p>A partida precoce de Ana J\u00falia, aos apenas 20 anos, interrompeu uma trajet\u00f3ria marcada por dedica\u00e7\u00e3o aos estudos, sonhos profissionais e forte v\u00ednculo familiar.<\/p>\n<p><strong>Aos familiares e amigos de Ana J\u00falia Alves Ferreira, ficam os sentimentos de solidariedade neste momento de dor.<\/strong><\/p>\n<\/div>\n","protected":false},"excerpt":{"rendered":"<p>A cidade de Monte Alto, no interior de S\u00e3o Paulo, ficou marcada pela tristeza com&#8230;<\/p>\n","protected":false},"author":2,"featured_media":0,"comment_status":"","ping_status":"","sticky":false,"template":"","format":"standard","meta":{"footnotes":""},"categories":[2],"tags":[],"class_list":["post-48326","post","type-post","status-publish","format-standard","hentry","category-jogos-ao-vivo"],"amp_enabled":true,"_links":{"self":[{"href":"https:\/\/ipatingafc.com.br\/index.php\/wp-json\/wp\/v2\/posts\/48326","targetHints":{"allow":["GET"]}}],"collection":[{"href":"https:\/\/ipatingafc.com.br\/index.php\/wp-json\/wp\/v2\/posts"}],"about":[{"href":"https:\/\/ipatingafc.com.br\/index.php\/wp-json\/wp\/v2\/types\/post"}],"author":[{"embeddable":true,"href":"https:\/\/ipatingafc.com.br\/index.php\/wp-json\/wp\/v2\/users\/2"}],"replies":[{"embeddable":true,"href":"https:\/\/ipatingafc.com.br\/index.php\/wp-json\/wp\/v2\/comments?post=48326"}],"version-history":[{"count":0,"href":"https:\/\/ipatingafc.com.br\/index.php\/wp-json\/wp\/v2\/posts\/48326\/revisions"}],"wp:attachment":[{"href":"https:\/\/ipatingafc.com.br\/index.php\/wp-json\/wp\/v2\/media?parent=48326"}],"wp:term":[{"taxonomy":"category","embeddable":true,"href":"https:\/\/ipatingafc.com.br\/index.php\/wp-json\/wp\/v2\/categories?post=48326"},{"taxonomy":"post_tag","embeddable":true,"href":"https:\/\/ipatingafc.com.br\/index.php\/wp-json\/wp\/v2\/tags?post=48326"}],"curies":[{"name":"wp","href":"https:\/\/api.w.org\/{rel}","templated":true}]}}