{"id":48360,"date":"2026-09-06T11:26:11","date_gmt":"2026-09-06T14:26:11","guid":{"rendered":"https:\/\/ipatingafc.com.br\/index.php\/2026\/09\/06\/carlos-alberto-parreira-deixa-hospital-apos-80-dias-internado-e-fala-sobre-recuperacao\/"},"modified":"2026-09-06T11:26:11","modified_gmt":"2026-09-06T14:26:11","slug":"carlos-alberto-parreira-deixa-hospital-apos-80-dias-internado-e-fala-sobre-recuperacao","status":"publish","type":"post","link":"https:\/\/ipatingafc.com.br\/index.php\/2026\/09\/06\/carlos-alberto-parreira-deixa-hospital-apos-80-dias-internado-e-fala-sobre-recuperacao\/","title":{"rendered":"Carlos Alberto Parreira deixa hospital ap\u00f3s 80 dias internado e fala sobre recupera\u00e7\u00e3o"},"content":{"rendered":"<p><\/p>\n<div>\n<p>O ex-t\u00e9cnico da Sele\u00e7\u00e3o Brasileira <strong>Carlos Alberto Parreira, de 83 anos, recebeu alta hospitalar neste s\u00e1bado (5)<\/strong> ap\u00f3s passar 80 dias internado no Hospital Samaritano Barra, no Rio de Janeiro. A sa\u00edda marcou o fim de um longo per\u00edodo de tratamento, que envolveu complica\u00e7\u00f5es importantes de sa\u00fade e exigiu cuidados intensivos. (TV Prime)<\/p>\n<p>Parreira deixou a unidade em uma cadeira de rodas e foi recebido com aplausos por funcion\u00e1rios, familiares e pessoas que estavam no local. Em determinado momento, os presentes gritaram \u201c\u00e9 campe\u00e3o\u201d, em uma refer\u00eancia \u00e0 conquista do tetracampeonato mundial pela Sele\u00e7\u00e3o Brasileira em 1994, quando o treinador comandava a equipe. (TV Prime)<\/p>\n<h2>Parreira agradece pelo carinho recebido<\/h2>\n<p>Ao deixar o hospital, Parreira falou sobre o apoio que recebeu durante os quase tr\u00eas meses de interna\u00e7\u00e3o. O ex-treinador destacou que o carinho demonstrado pelas pessoas teve import\u00e2ncia durante sua recupera\u00e7\u00e3o.<\/p>\n<p>\u201cFico agradecido por esse carinho, que, com certeza, ajudou muito\u201d, afirmou Parreira em entrevista exibida pela televis\u00e3o. (TV Prime)<\/p>\n<p><strong>Comunicamos o falecimento de Ol\u00edvia Amaral<\/strong><\/p>\n<p><strong>Falece, aos 20 anos, Ana J\u00falia Alves Ferreira<\/strong><\/p>\n<p>O treinador tamb\u00e9m mostrou confian\u00e7a na recupera\u00e7\u00e3o f\u00edsica. Segundo ele, o aspecto emocional permaneceu bem durante o per\u00edodo de tratamento, enquanto a parte f\u00edsica agora ser\u00e1 recuperada gradualmente.<\/p>\n<p>Parreira ainda deixou uma mensagem de esperan\u00e7a ao falar sobre seus pr\u00f3ximos passos: <strong>\u201cEm breve, (espero) estar de volta \u00e0s atividades normais.\u201d<\/strong> (TV Prime)<\/p>\n<h2>Foram 80 dias de interna\u00e7\u00e3o<\/h2>\n<p>Carlos Alberto Parreira foi internado em <strong>16 de junho de 2026<\/strong> com um quadro de insufici\u00eancia respirat\u00f3ria aguda, que teria sido provocado por toxicidade pulmonar relacionada a medicamentos.<\/p>\n<p>Durante a interna\u00e7\u00e3o, o ex-t\u00e9cnico precisou de cuidados intensivos e chegou a utilizar ventila\u00e7\u00e3o mec\u00e2nica. Tamb\u00e9m passou por hemodi\u00e1lise e outros procedimentos m\u00e9dicos necess\u00e1rios para a manuten\u00e7\u00e3o de sua sa\u00fade. (Folha de S.Paulo)<\/p>\n<p><strong>Melhor amigo da atriz Titina Machado m0rre aos 48 anos dias depois de homenage\u00e1-la<\/strong><\/p>\n<p><strong>Quem Ama Cuida: passagem de seis anos muda tudo e coloca Nancy diante do maior desafio<\/strong><\/p>\n<p>Em determinado momento da interna\u00e7\u00e3o, Parreira tamb\u00e9m precisou passar por um procedimento para controlar um sangramento nasal.<\/p>\n<p>O longo per\u00edodo no hospital exigiu acompanhamento permanente de uma equipe multidisciplinar.<\/p>\n<h2>Recupera\u00e7\u00e3o continuar\u00e1 em casa<\/h2>\n<p>Apesar da alta hospitalar, o tratamento de Parreira n\u00e3o chegou ao fim.<\/p>\n<p>Segundo informa\u00e7\u00f5es divulgadas pelo Hospital Samaritano Barra, o ex-t\u00e9cnico continuar\u00e1 sendo acompanhado <strong>em casa e tamb\u00e9m de forma ambulatorial<\/strong>, com monitoramento de seu quadro geral. (Folha de S.Paulo)<\/p>\n<p>A sa\u00edda do hospital, portanto, representa uma nova etapa da recupera\u00e7\u00e3o, agora longe da interna\u00e7\u00e3o e pr\u00f3ximo dos familiares.<\/p>\n<h2>Parreira enfrentou outro problema de sa\u00fade nos \u00faltimos anos<\/h2>\n<p>O per\u00edodo recente de interna\u00e7\u00e3o aconteceu depois de outro importante desafio enfrentado pelo treinador.<\/p>\n<p>Em <strong>2024, Carlos Alberto Parreira passou por quimioterapia para tratar um linfoma de Hodgkin<\/strong>. (Folha de S.Paulo)<\/p>\n<p>Mesmo diante dos problemas de sa\u00fade, Parreira continuou sendo lembrado pela enorme contribui\u00e7\u00e3o que deu ao futebol brasileiro.<\/p>\n<h2>Uma hist\u00f3ria marcada pela Sele\u00e7\u00e3o Brasileira<\/h2>\n<p>Carlos Alberto Parreira tem uma das trajet\u00f3rias mais importantes entre os profissionais que trabalharam com a Sele\u00e7\u00e3o Brasileira.<\/p>\n<p>Ele integrou a comiss\u00e3o t\u00e9cnica da equipe que conquistou o <strong>tricampeonato mundial em 1970<\/strong>, como preparador f\u00edsico.<\/p>\n<p>Anos depois, assumiu o comando da Sele\u00e7\u00e3o e entrou definitivamente para a hist\u00f3ria ao conduzir o Brasil ao <strong>tetracampeonato mundial de 1994<\/strong>, nos Estados Unidos.<\/p>\n<p>Na decis\u00e3o contra a It\u00e1lia, o Brasil conquistou o t\u00edtulo nos p\u00eanaltis, encerrando um jejum de 24 anos sem levantar a ta\u00e7a da Copa do Mundo.<\/p>\n<p>Parreira tamb\u00e9m esteve envolvido com a Sele\u00e7\u00e3o em outros Mundiais. Trabalhou na Copa de 2006 como treinador e integrou a comiss\u00e3o t\u00e9cnica brasileira na Copa de 2014. (Folha de S.Paulo)<\/p>\n<p>Al\u00e9m do Brasil, comandou sele\u00e7\u00f5es como Kuwait, Emirados \u00c1rabes Unidos, Ar\u00e1bia Saudita e \u00c1frica do Sul em diferentes edi\u00e7\u00f5es da Copa do Mundo. (Folha de S.Paulo)<\/p>\n<h2>Emo\u00e7\u00e3o na despedida do hospital<\/h2>\n<p>A alta de Parreira foi marcada por uma cena simb\u00f3lica. Ao deixar o hospital, o treinador recebeu aplausos e manifesta\u00e7\u00f5es de carinho daqueles que acompanharam sua sa\u00edda.<\/p>\n<p>A homenagem emocionou o ex-comandante da Sele\u00e7\u00e3o, que acenou para as pessoas enquanto deixava a unidade.<\/p>\n<p>Depois de 80 dias de interna\u00e7\u00e3o, Parreira agora inicia uma nova fase de recupera\u00e7\u00e3o ao lado da fam\u00edlia.<\/p>\n<p>A expectativa \u00e9 que o treinador continue evoluindo gradualmente e possa, como ele pr\u00f3prio afirmou, <strong>retomar suas atividades normais em breve<\/strong>. (TV Prime)<\/p>\n<\/div>\n","protected":false},"excerpt":{"rendered":"<p>O ex-t\u00e9cnico da Sele\u00e7\u00e3o Brasileira Carlos Alberto Parreira, de 83 anos, recebeu alta hospitalar neste&#8230;<\/p>\n","protected":false},"author":2,"featured_media":0,"comment_status":"","ping_status":"","sticky":false,"template":"","format":"standard","meta":{"footnotes":""},"categories":[2],"tags":[],"class_list":["post-48360","post","type-post","status-publish","format-standard","hentry","category-jogos-ao-vivo"],"amp_enabled":true,"_links":{"self":[{"href":"https:\/\/ipatingafc.com.br\/index.php\/wp-json\/wp\/v2\/posts\/48360","targetHints":{"allow":["GET"]}}],"collection":[{"href":"https:\/\/ipatingafc.com.br\/index.php\/wp-json\/wp\/v2\/posts"}],"about":[{"href":"https:\/\/ipatingafc.com.br\/index.php\/wp-json\/wp\/v2\/types\/post"}],"author":[{"embeddable":true,"href":"https:\/\/ipatingafc.com.br\/index.php\/wp-json\/wp\/v2\/users\/2"}],"replies":[{"embeddable":true,"href":"https:\/\/ipatingafc.com.br\/index.php\/wp-json\/wp\/v2\/comments?post=48360"}],"version-history":[{"count":0,"href":"https:\/\/ipatingafc.com.br\/index.php\/wp-json\/wp\/v2\/posts\/48360\/revisions"}],"wp:attachment":[{"href":"https:\/\/ipatingafc.com.br\/index.php\/wp-json\/wp\/v2\/media?parent=48360"}],"wp:term":[{"taxonomy":"category","embeddable":true,"href":"https:\/\/ipatingafc.com.br\/index.php\/wp-json\/wp\/v2\/categories?post=48360"},{"taxonomy":"post_tag","embeddable":true,"href":"https:\/\/ipatingafc.com.br\/index.php\/wp-json\/wp\/v2\/tags?post=48360"}],"curies":[{"name":"wp","href":"https:\/\/api.w.org\/{rel}","templated":true}]}}