{"id":48361,"date":"2026-09-06T12:48:13","date_gmt":"2026-09-06T15:48:13","guid":{"rendered":"https:\/\/ipatingafc.com.br\/index.php\/2026\/09\/06\/com-menos-de-dois-anos-de-vida-planalto-go-conquista-feminino-a3\/"},"modified":"2026-09-06T12:48:13","modified_gmt":"2026-09-06T15:48:13","slug":"com-menos-de-dois-anos-de-vida-planalto-go-conquista-feminino-a3","status":"publish","type":"post","link":"https:\/\/ipatingafc.com.br\/index.php\/2026\/09\/06\/com-menos-de-dois-anos-de-vida-planalto-go-conquista-feminino-a3\/","title":{"rendered":"Com menos de dois anos de vida, Planalto-GO conquista Feminino A3"},"content":{"rendered":"<p><\/p>\n<div>\n<p>O <strong>Planalto Esporte Clube<\/strong>, de Aparecida de Goi\u00e2nia (GO), colocou Goi\u00e1s na lista dos estados campe\u00f5es nacionais entre as mulheres. <strong>Na noite de s\u00e1bado (5), o Corvo da Massa (apelido da equipe) conquistou o t\u00edtulo da S\u00e9rie A3 (terceira divis\u00e3o) do Campeonato Brasileiro Feminino de futebol, ao derrotar o Juventude-SE por 1 a 0 no Batist\u00e3o, em Aracaju, com transmiss\u00e3o ao vivo da TV Brasil.<\/strong><\/p>\n<p>Fundado em dezembro de 2024 pelo presidente da Central \u00danica das Favelas (Cufa) de Goi\u00e1s, o Planalto estreou no futebol feminino no ano seguinte e j\u00e1 sendo vice-campe\u00e3o estadual.<strong> O resultado credenciou as Planaltinas a disputarem o Brasileir\u00e3o A3 em 2026 e levarem o t\u00edtulo logo na temporada de estreia. \u00c9 a primeira vez que um clube goiano conquista uma competi\u00e7\u00e3o nacional entre as mulheres.<\/strong><\/p>\n<p>Este foi o segundo ano consecutivo, o futebol de Goi\u00e1s marcou presen\u00e7a na decis\u00e3o da terceira divis\u00e3o. Em 2025, o Vila Nova perdeu o t\u00edtulo para o Atl\u00e9tico-PI.<\/p>\n<p><strong>Brasileiro Feminino: Flamengo encara S\u00e3o Paulo em uma das semifinais<\/strong><\/p>\n<p><strong>Bahia abre 26\u00aa rodada do Brasileir\u00e3o com triunfo sobre o Bragantino<\/strong><\/p>\n<p><strong>O Centro-Oeste, por sua vez, igualou-se ao Sudeste (Taubat\u00e9 em 2022 e Vasco em 2024) como a regi\u00e3o com mais t\u00edtulos \u2013 dois \u2013 no Brasileir\u00e3o A3. Antes, o mato-grossense Mixto foi campe\u00e3o em 2023.<\/strong><\/p>\n<p>J\u00e1 a t\u00e9cnica Regiane Santos alcan\u00e7ou o terceiro acesso nacional dela de 2022 para c\u00e1. Na ocasi\u00e3o, a treinadora levou o Sport \u00e0 S\u00e9rie A2 (segunda divis\u00e3o). Dois anos depois, promoveu as Leoas rubro-negras \u00e0 elite.<\/p>\n<p>O vice frustrou o sonho do Juventude-SE de ser o primeiro clube de Sergipe campe\u00e3o nacional, independentemente do g\u00eanero. Mesmo assim, o Tricolor do Piauitinga (nome do rio que des\u00e1gua na cidade de Est\u00e2ncia) encerra a participa\u00e7\u00e3o com vaga na S\u00e9rie A2 (segunda divis\u00e3o) do Brasileir\u00e3o de 2027, bem como o campe\u00e3o e os times eliminados nas semifinais \u2013 Portuguesa-AP e Realidade Jovem, de S\u00e3o Jos\u00e9 do Rio Preto (SP).<\/p>\n<h2>Gola\u00e7o e reden\u00e7\u00e3o<\/h2>\n<p><strong>Em 14 jogos na competi\u00e7\u00e3o, o Planalto obteve dez vit\u00f3rias, com tr\u00eas empates e apenas uma derrota. Foram 28 gols marcados e 18 sofridos. A atacante Marcelly foi a artilheira do time, balan\u00e7ando as redes sete vezes na campanha.<\/strong><\/p>\n<p><strong>Ex-t\u00e9cnico da Sele\u00e7\u00e3o, Parreira recebe alta ap\u00f3s 80 dias internado<\/strong><\/p>\n<p><strong>Elo anuncia campanha com at\u00e9 40 mil pontos extras e promete novidades importantes a partir de 9 de setembro<\/strong><\/p>\n<p>Foi dela o gol do triunfo por 1 a 0 na partida de ida, domingo passado (30), no Est\u00e1dio Annibal Batista de Toledo, em Aparecida de Goi\u00e2nia, tamb\u00e9m com transmiss\u00e3o da <strong>TV Brasil.<\/strong> As goianas, portanto, foram a campo no s\u00e1bado com a vantagem do empate.<\/p>\n<p>Pouco antes do intervalo, o t\u00edtulo ficou ainda mais pr\u00f3ximo. Aos 44 minutos, Brenda cobrou falta pela esquerda, de longe. Mesmo sem tanta for\u00e7a, a bola foi no \u00e2ngulo direito da goleira Monique, que n\u00e3o conseguiu defender. Um gola\u00e7o da camisa 10.<\/p>\n<p>Na comemora\u00e7\u00e3o, a meia se emocionou. No jogo de volta das semifinais, contra o Realidade Jovem, no Teixeir\u00e3o, ela sofreu uma pancada forte na perna direita e teve que sair de ambul\u00e2ncia do est\u00e1dio do interior paulista, mas se recuperou a tempo de atuar nas finais e ser decisiva.<\/p>\n<p>No segundo tempo, o Juventude-SE buscou mais o ataque, mas sem lances de grande perigo \u00e0 goleira Lescaut. Bem marcada, a atacante Laureen, artilheira do Brasileir\u00e3o A3 com 11 gols, foi pouco acionada.<\/p>\n<p>Aos 41 minutos, ap\u00f3s uma dividida de Vanusa com a zaga sergipana na entrada da \u00e1rea, a bola sobrou com a tamb\u00e9m atacante Idalana, que bateu rasteiro e balan\u00e7ou as redes. Seria o segundo gol do Planalto se o lance n\u00e3o fosse anulado por impedimento. N\u00e3o fez falta. O t\u00edtulo foi mesmo para Goi\u00e1s.<\/p>\n<p>\u00a0<\/p>\n<\/div>\n","protected":false},"excerpt":{"rendered":"<p>O Planalto Esporte Clube, de Aparecida de Goi\u00e2nia (GO), colocou Goi\u00e1s na lista dos estados&#8230;<\/p>\n","protected":false},"author":2,"featured_media":0,"comment_status":"","ping_status":"","sticky":false,"template":"","format":"standard","meta":{"footnotes":""},"categories":[2],"tags":[],"class_list":["post-48361","post","type-post","status-publish","format-standard","hentry","category-jogos-ao-vivo"],"amp_enabled":true,"_links":{"self":[{"href":"https:\/\/ipatingafc.com.br\/index.php\/wp-json\/wp\/v2\/posts\/48361","targetHints":{"allow":["GET"]}}],"collection":[{"href":"https:\/\/ipatingafc.com.br\/index.php\/wp-json\/wp\/v2\/posts"}],"about":[{"href":"https:\/\/ipatingafc.com.br\/index.php\/wp-json\/wp\/v2\/types\/post"}],"author":[{"embeddable":true,"href":"https:\/\/ipatingafc.com.br\/index.php\/wp-json\/wp\/v2\/users\/2"}],"replies":[{"embeddable":true,"href":"https:\/\/ipatingafc.com.br\/index.php\/wp-json\/wp\/v2\/comments?post=48361"}],"version-history":[{"count":0,"href":"https:\/\/ipatingafc.com.br\/index.php\/wp-json\/wp\/v2\/posts\/48361\/revisions"}],"wp:attachment":[{"href":"https:\/\/ipatingafc.com.br\/index.php\/wp-json\/wp\/v2\/media?parent=48361"}],"wp:term":[{"taxonomy":"category","embeddable":true,"href":"https:\/\/ipatingafc.com.br\/index.php\/wp-json\/wp\/v2\/categories?post=48361"},{"taxonomy":"post_tag","embeddable":true,"href":"https:\/\/ipatingafc.com.br\/index.php\/wp-json\/wp\/v2\/tags?post=48361"}],"curies":[{"name":"wp","href":"https:\/\/api.w.org\/{rel}","templated":true}]}}