{"id":48363,"date":"2026-09-06T16:13:27","date_gmt":"2026-09-06T19:13:27","guid":{"rendered":"https:\/\/ipatingafc.com.br\/index.php\/2026\/09\/06\/quem-e-o-filho-de-francesca-em-quem-ama-cuida-revelacao-surpreende-na-novela\/"},"modified":"2026-09-06T16:13:27","modified_gmt":"2026-09-06T19:13:27","slug":"quem-e-o-filho-de-francesca-em-quem-ama-cuida-revelacao-surpreende-na-novela","status":"publish","type":"post","link":"https:\/\/ipatingafc.com.br\/index.php\/2026\/09\/06\/quem-e-o-filho-de-francesca-em-quem-ama-cuida-revelacao-surpreende-na-novela\/","title":{"rendered":"Quem \u00e9 o filho de Francesca em Quem Ama Cuida? Revela\u00e7\u00e3o surpreende na novela"},"content":{"rendered":"<p><\/p>\n<div>\n<p>Quem \u00e9 o filho de Francesca em Quem Ama Cuida? Revela\u00e7\u00e3o surpreende na novela<\/p>\n<p>Os mist\u00e9rios envolvendo Francesca (Nathalia Dill) continuam movimentando a novela <strong>Quem Ama Cuida<\/strong>. A personagem, que j\u00e1 apareceu envolvida em acontecimentos sobrenaturais e em segredos do passado da fam\u00edlia Brand\u00e3o, ainda guarda informa\u00e7\u00f5es importantes sobre sua vida antes da morte.<\/p>\n<p>Uma das principais revela\u00e7\u00f5es relacionadas \u00e0 personagem \u00e9 justamente a identidade de seu filho. E a resposta j\u00e1 veio \u00e0 tona: <strong>Joel, interpretado por Ricardo Teodoro, \u00e9 filho de Francesca com Arthur (Antonio Fagundes)<\/strong>.<\/p>\n<p>A descoberta acrescenta uma nova camada \u00e0 hist\u00f3ria e ajuda a explicar a liga\u00e7\u00e3o que Francesca ainda mant\u00e9m com pessoas pr\u00f3ximas \u00e0 fam\u00edlia de Arthur.<\/p>\n<p><strong>Carlos Alberto Parreira deixa hospital ap\u00f3s 80 dias internado e fala sobre recupera\u00e7\u00e3o<\/strong><\/p>\n<p><strong>Comunicamos o falecimento de Ol\u00edvia Amaral<\/strong><\/p>\n<h2>Joel \u00e9 o filho de Francesca<\/h2>\n<p>Joel trabalha como chef de cozinha no restaurante de Laurentino (Alan Rocha) e, durante boa parte da trama, sua verdadeira origem permaneceu escondida.<\/p>\n<p>A situa\u00e7\u00e3o come\u00e7a a mudar quando Otoniel (Tony Ramos) v\u00ea uma fotografia de Francesca ao lado de Joel. A imagem desperta uma lembran\u00e7a e faz o personagem perceber que existe uma liga\u00e7\u00e3o muito mais profunda entre os dois.<\/p>\n<p>A partir dessa descoberta, fica confirmado que <strong>Joel \u00e9 o filho que Francesca teve com Arthur<\/strong>.<\/p>\n<p>A revela\u00e7\u00e3o \u00e9 importante porque Francesca trabalhou na casa de Arthur no passado. O relacionamento entre os dois permaneceu cercado de segredos, e as consequ\u00eancias daquela rela\u00e7\u00e3o acabaram sendo mantidas longe dos demais personagens.<\/p>\n<p><strong>Falece, aos 20 anos, Ana J\u00falia Alves Ferreira<\/strong><\/p>\n<p><strong>Melhor amigo da atriz Titina Machado m0rre aos 48 anos dias depois de homenage\u00e1-la<\/strong><\/p>\n<h2>Qual \u00e9 a rela\u00e7\u00e3o entre Francesca e Arthur?<\/h2>\n<p>Antes de sua morte, Francesca trabalhou como cozinheira na casa de Arthur. A personagem deixou marcas importantes na hist\u00f3ria da fam\u00edlia e, conforme os cap\u00edtulos avan\u00e7aram, come\u00e7aram a surgir pistas de que sua rela\u00e7\u00e3o com o milion\u00e1rio era muito mais pr\u00f3xima do que inicialmente parecia.<\/p>\n<p>Rosa (Tatiana Tiburcio), que passou a ocupar o lugar de Francesca na casa, j\u00e1 havia comentado sobre o carinho especial que Arthur tinha pela antiga funcion\u00e1ria.<\/p>\n<p>Al\u00e9m disso, lembran\u00e7as envolvendo receitas e momentos vividos na resid\u00eancia ajudaram a levantar suspeitas sobre o passado dos dois.<\/p>\n<p>Agora, com a confirma\u00e7\u00e3o de que Joel \u00e9 filho de Francesca, essa rela\u00e7\u00e3o ganha um novo significado dentro da trama.<\/p>\n<h2>Otoniel ajuda a revelar o segredo<\/h2>\n<p>Otoniel \u00e9 pe\u00e7a fundamental para que a verdade sobre Joel venha \u00e0 tona.<\/p>\n<p>O personagem j\u00e1 havia desenvolvido uma rela\u00e7\u00e3o especial com Francesca, mesmo depois de descobrir que ela estava morta. A presen\u00e7a misteriosa da personagem fez com que ele come\u00e7asse a investigar acontecimentos relacionados ao passado dela.<\/p>\n<p>Ao encontrar a fotografia de Francesca ao lado de Joel, Otoniel percebe que o rapaz n\u00e3o era apenas algu\u00e9m que conhecia a personagem.<\/p>\n<p>A imagem funciona como uma pista decisiva para reconstruir parte da hist\u00f3ria da mulher de preto.<\/p>\n<h2>Francesca ainda pode se aproximar de Joel<\/h2>\n<p>Mesmo depois de sua morte, Francesca continua tendo import\u00e2ncia na narrativa de <strong>Quem Ama Cuida<\/strong>.<\/p>\n<p>A personagem j\u00e1 apareceu para Otoniel e, posteriormente, passou a se aproximar de outras pessoas envolvidas em sua hist\u00f3ria. Em uma das situa\u00e7\u00f5es mais emocionantes, Francesca se aproxima justamente de Joel.<\/p>\n<p>O rapaz inicialmente demonstra dificuldade para acreditar nos relatos de Otoniel sobre a presen\u00e7a da m\u00e3e. A experi\u00eancia, por\u00e9m, acaba criando um momento de forte emo\u00e7\u00e3o entre os dois.<\/p>\n<p>Essa aproxima\u00e7\u00e3o pode ser fundamental para que Joel compreenda melhor sua pr\u00f3pria hist\u00f3ria e descubra informa\u00e7\u00f5es que permaneceram escondidas durante anos.<\/p>\n<h2>A fam\u00edlia Brand\u00e3o ainda guarda muitos segredos<\/h2>\n<p>A revela\u00e7\u00e3o sobre Joel acontece em um momento no qual a hist\u00f3ria da fam\u00edlia Brand\u00e3o est\u00e1 cercada de novas d\u00favidas.<\/p>\n<p>Al\u00e9m dos mist\u00e9rios envolvendo Francesca e Arthur, a novela tamb\u00e9m prepara o retorno de Heitor (Renato G\u00f3es), filho de Arthur, que havia desaparecido voluntariamente ap\u00f3s forjar a pr\u00f3pria morte durante uma viagem ao Himalaia.<\/p>\n<p>Com isso, o passado de Arthur volta a ganhar destaque e diferentes personagens passam a ter suas hist\u00f3rias conectadas.<\/p>\n<p>A confirma\u00e7\u00e3o de que Joel \u00e9 filho de Francesca tamb\u00e9m pode provocar novas consequ\u00eancias na trama, principalmente quando todas as pessoas envolvidas descobrirem a verdadeira dimens\u00e3o desse parentesco.<\/p>\n<h2>Afinal, quem \u00e9 o filho de Francesca em Quem Ama Cuida?<\/h2>\n<p>A resposta \u00e9 <strong>Joel<\/strong>, personagem vivido por <strong>Ricardo Teodoro<\/strong>.<\/p>\n<p>Ele \u00e9 filho de <strong>Francesca (Nathalia Dill) e Arthur (Antonio Fagundes)<\/strong> e atualmente trabalha como chef de cozinha.<\/p>\n<p>A descoberta representa mais uma pe\u00e7a importante no quebra-cabe\u00e7a envolvendo o passado de Francesca e a fam\u00edlia Brand\u00e3o. Com a presen\u00e7a sobrenatural da personagem ainda influenciando os acontecimentos, a tend\u00eancia \u00e9 que novos segredos sejam revelados nos pr\u00f3ximos cap\u00edtulos.<\/p>\n<p>Para quem acompanha a novela, a grande expectativa agora \u00e9 saber como Joel reagir\u00e1 quando compreender completamente sua origem e quais consequ\u00eancias essa revela\u00e7\u00e3o ter\u00e1 para os demais personagens.<\/p>\n<p><strong>Quem Ama Cuida<\/strong> segue, assim, ampliando os mist\u00e9rios envolvendo Francesca e mostrando que a morte da personagem n\u00e3o significou o fim de sua participa\u00e7\u00e3o na hist\u00f3ria.<\/p>\n<\/div>\n","protected":false},"excerpt":{"rendered":"<p>Quem \u00e9 o filho de Francesca em Quem Ama Cuida? Revela\u00e7\u00e3o surpreende na novela Os&#8230;<\/p>\n","protected":false},"author":2,"featured_media":0,"comment_status":"","ping_status":"","sticky":false,"template":"","format":"standard","meta":{"footnotes":""},"categories":[2],"tags":[],"class_list":["post-48363","post","type-post","status-publish","format-standard","hentry","category-jogos-ao-vivo"],"amp_enabled":true,"_links":{"self":[{"href":"https:\/\/ipatingafc.com.br\/index.php\/wp-json\/wp\/v2\/posts\/48363","targetHints":{"allow":["GET"]}}],"collection":[{"href":"https:\/\/ipatingafc.com.br\/index.php\/wp-json\/wp\/v2\/posts"}],"about":[{"href":"https:\/\/ipatingafc.com.br\/index.php\/wp-json\/wp\/v2\/types\/post"}],"author":[{"embeddable":true,"href":"https:\/\/ipatingafc.com.br\/index.php\/wp-json\/wp\/v2\/users\/2"}],"replies":[{"embeddable":true,"href":"https:\/\/ipatingafc.com.br\/index.php\/wp-json\/wp\/v2\/comments?post=48363"}],"version-history":[{"count":0,"href":"https:\/\/ipatingafc.com.br\/index.php\/wp-json\/wp\/v2\/posts\/48363\/revisions"}],"wp:attachment":[{"href":"https:\/\/ipatingafc.com.br\/index.php\/wp-json\/wp\/v2\/media?parent=48363"}],"wp:term":[{"taxonomy":"category","embeddable":true,"href":"https:\/\/ipatingafc.com.br\/index.php\/wp-json\/wp\/v2\/categories?post=48363"},{"taxonomy":"post_tag","embeddable":true,"href":"https:\/\/ipatingafc.com.br\/index.php\/wp-json\/wp\/v2\/tags?post=48363"}],"curies":[{"name":"wp","href":"https:\/\/api.w.org\/{rel}","templated":true}]}}