{"id":48365,"date":"2026-09-06T17:14:11","date_gmt":"2026-09-06T20:14:11","guid":{"rendered":"https:\/\/ipatingafc.com.br\/index.php\/2026\/09\/06\/plantario-promove-o-replantio-de-18-arvores-em-sao-conrado-prefeitura-da-cidade-do-rio-de-janeiro\/"},"modified":"2026-09-06T17:14:11","modified_gmt":"2026-09-06T20:14:11","slug":"plantario-promove-o-replantio-de-18-arvores-em-sao-conrado-prefeitura-da-cidade-do-rio-de-janeiro","status":"publish","type":"post","link":"https:\/\/ipatingafc.com.br\/index.php\/2026\/09\/06\/plantario-promove-o-replantio-de-18-arvores-em-sao-conrado-prefeitura-da-cidade-do-rio-de-janeiro\/","title":{"rendered":"Planta+Rio promove o\u00a0replantio\u00a0de 18 \u00e1rvores em S\u00e3o Conrado &#8211; Prefeitura da Cidade do Rio de Janeiro"},"content":{"rendered":"<p><\/p>\n<div id=\"main\">\n<div class=\"wrapper-breadcrumbs\" wp_automatic_readability=\"35.798827409307\">\n<div class=\"image-post\" wp_automatic_readability=\"33\">\n                     A\u00e7\u00e3o da Subprefeitura da Zona Sul e da Funda\u00e7\u00e3o Parques e Jardins levou novas esp\u00e9cies\u00a0para\u00a0o bairro. Foto: Divulga\u00e7\u00e3o Subprefeitura da Zona Sul\n                  <\/div>\n<p>A Subprefeitura da Zona Sul, em parceria com a Funda\u00e7\u00e3o Parques e Jardins (FPJ), realizou uma a\u00e7\u00e3o de revitaliza\u00e7\u00e3o urbana do programa Planta+Rio, em S\u00e3o Conrado. A iniciativa promoveu o replantio de 18 \u00e1rvores em diferentes pontos do bairro, contribuindo para a recupera\u00e7\u00e3o e a amplia\u00e7\u00e3o da arboriza\u00e7\u00e3o da regi\u00e3o.<\/p>\n<p>O trabalho teve in\u00edcio no s\u00e1bado (5\/9) na orla de S\u00e3o Conrado, na Avenida Prefeito Mendes de Morais, e avan\u00e7ou pelas vias internas do bairro, como a Avenida Aquarela do Brasil e o canteiro central da Autoestrada Engenheiro Fernando Mac Dowell. Entre as esp\u00e9cies plantadas est\u00e3o coqueiro, guanandi e aldrago.<\/p>\n<blockquote wp_automatic_readability=\"12\">\n<p>\u2014 Esta a\u00e7\u00e3o de replantio refor\u00e7a o nosso compromisso com a preserva\u00e7\u00e3o dos bairros da Zona Sul. A participa\u00e7\u00e3o dos moradores \u00e9 fundamental para o sucesso dessa iniciativa. Mais do que transformar a paisagem, a arboriza\u00e7\u00e3o urbana \u00e9 uma estrat\u00e9gia essencial para tornar as cidades mais saud\u00e1veis, equilibradas e sustent\u00e1veis \u2014, afirmou Pedro Angelito, subprefeito da Zona Sul.<\/p>\n<\/blockquote>\n<p>Lan\u00e7ado em dezembro de 2025 pela Secretaria Municipal de Meio Ambiente e Clima (SMAC), o Planta+Rio \u00e9 um projeto da Prefeitura do Rio que busca ampliar e qualificar a arboriza\u00e7\u00e3o urbana da cidade, promovendo a participa\u00e7\u00e3o direta da popula\u00e7\u00e3o. Por meio da iniciativa, os moradores podem solicitar mudas, acompanhar o andamento dos plantios e contribuir para o cuidado e a preserva\u00e7\u00e3o das \u00e1rvores em suas comunidades.<\/p>\n<p>A arboriza\u00e7\u00e3o urbana desempenha um papel importante na melhoria da qualidade ambiental e do bem-estar da popula\u00e7\u00e3o. Al\u00e9m de contribuir para a valoriza\u00e7\u00e3o dos espa\u00e7os p\u00fablicos e a recupera\u00e7\u00e3o da paisagem, as \u00e1rvores auxiliam na redu\u00e7\u00e3o das temperaturas, na melhoria da qualidade do ar e na cria\u00e7\u00e3o de \u00e1reas mais agrad\u00e1veis para a conviv\u00eancia.<\/p>\n<p>             <!-- Compartilhe ---><\/p>\n<p>\t\t\t <!-- TAGS --><\/p>\n<section class=\"category-tags\">\n<div class=\"marcacao-category\">\n<article class=\"category-post\">\n<p>Categoria: <\/p>\n<\/article>\n<li>6 de setembro de 2026<\/li><\/div>\n<article class=\"tags\">\n\t\t\t\t\tMarca\u00e7\u00f5es: Planta+Rio S\u00e3o Conrado Subprefeitura da Zona Sul<br \/><\/article>\n<\/section>\n<p>            <!-- Mais Not&iacute;cias --><\/p>\n<p>\t\t<!-- Conte&uacute;do SIDEBAR --><\/p><\/div>\n<\/p><\/div>\n","protected":false},"excerpt":{"rendered":"<p>A\u00e7\u00e3o da Subprefeitura da Zona Sul e da Funda\u00e7\u00e3o Parques e Jardins levou novas esp\u00e9cies\u00a0para\u00a0o&#8230;<\/p>\n","protected":false},"author":2,"featured_media":0,"comment_status":"","ping_status":"","sticky":false,"template":"","format":"standard","meta":{"footnotes":""},"categories":[2],"tags":[],"class_list":["post-48365","post","type-post","status-publish","format-standard","hentry","category-jogos-ao-vivo"],"amp_enabled":true,"_links":{"self":[{"href":"https:\/\/ipatingafc.com.br\/index.php\/wp-json\/wp\/v2\/posts\/48365","targetHints":{"allow":["GET"]}}],"collection":[{"href":"https:\/\/ipatingafc.com.br\/index.php\/wp-json\/wp\/v2\/posts"}],"about":[{"href":"https:\/\/ipatingafc.com.br\/index.php\/wp-json\/wp\/v2\/types\/post"}],"author":[{"embeddable":true,"href":"https:\/\/ipatingafc.com.br\/index.php\/wp-json\/wp\/v2\/users\/2"}],"replies":[{"embeddable":true,"href":"https:\/\/ipatingafc.com.br\/index.php\/wp-json\/wp\/v2\/comments?post=48365"}],"version-history":[{"count":0,"href":"https:\/\/ipatingafc.com.br\/index.php\/wp-json\/wp\/v2\/posts\/48365\/revisions"}],"wp:attachment":[{"href":"https:\/\/ipatingafc.com.br\/index.php\/wp-json\/wp\/v2\/media?parent=48365"}],"wp:term":[{"taxonomy":"category","embeddable":true,"href":"https:\/\/ipatingafc.com.br\/index.php\/wp-json\/wp\/v2\/categories?post=48365"},{"taxonomy":"post_tag","embeddable":true,"href":"https:\/\/ipatingafc.com.br\/index.php\/wp-json\/wp\/v2\/tags?post=48365"}],"curies":[{"name":"wp","href":"https:\/\/api.w.org\/{rel}","templated":true}]}}