{"id":7902,"date":"2022-12-27T08:47:45","date_gmt":"2022-12-27T11:47:45","guid":{"rendered":"https:\/\/ipatingafc.com.br\/?p=7902"},"modified":"2022-12-27T08:47:45","modified_gmt":"2022-12-27T11:47:45","slug":"caixao-de-ouro-para-pele-e-movimentacao-estranha-assusta-fas-acontece","status":"publish","type":"post","link":"https:\/\/ipatingafc.com.br\/index.php\/2022\/12\/27\/caixao-de-ouro-para-pele-e-movimentacao-estranha-assusta-fas-acontece\/","title":{"rendered":"Caix\u00e3o de ouro para Pel\u00e9 e movimenta\u00e7\u00e3o estranha assusta f\u00e3s: &#039;ACONTECE&#8230;&#039;"},"content":{"rendered":"<p>Equipe prepara caix\u00e3o de ouro para Pel\u00e9 e f\u00e3s repercutem movimenta\u00e7\u00e3o estranha.<\/p>\n<p>O jogador Pel\u00e9 segue internado em S\u00e3o Paulo e seu estado de sa\u00fade preocupa f\u00e3s de todo o pa\u00eds. Na noite desta sexta-feira (23), o nome do ex-jogador se tornou um dos mais comentados na internet, logo ap\u00f3s o Hospital Albert Einstein informar que n\u00e3o dar\u00e1 nenhum boletim m\u00e9dico dele.<\/p>\n<p>Al\u00e9m dessa not\u00edcia, vazaram algumas imagens de uma movimenta\u00e7\u00e3o estranha no est\u00e1dio Vila Belmiro, em Santos. Nas imagens que circulam nas redes sociais h\u00e1 uma equipe construindo um caix\u00e3o de ouro, no centro do campo do time, com imagens de Pel\u00e9 nas laterais.<\/p>\n<p>Caix\u00e3o de ouro para Pel\u00e9 em Santos \u201cEu acho que t\u00e1 pesando a quest\u00e3o de estrutura mesmo. T\u00e1 com cara que nem o hospital nem o est\u00e1dio estavam prontos, seja por desleixo ou por cautela demais para s\u00f3 se movimentar quando inevit\u00e1vel\u201d, diz a postagem que voc\u00ea pode conferir abaixo.<\/p>\n<p>Essa movimenta\u00e7\u00e3o estranha repercutiu entre internautas sobre o atual estado de sa\u00fade do Rei. Um seguidor pontuou que devem estar segurando essa not\u00edcia por conta do Natal. O perfil oficial do craque n\u00e3o se pronunciou sobre essa urna e nem atualizou o seu atual estado de sa\u00fade.<\/p>\n<p>Boletim m\u00e9dico de Pel\u00e9<\/p>\n<p>Segundo divulgado no \u00faltimo boletim m\u00e9dico de Pel\u00e9, foi informado que h\u00e1 uma \u201cprogress\u00e3o da doen\u00e7a oncol\u00f3gica\u201d, passando agora a ter mais cuidados cautelosos nos rins e no cora\u00e7\u00e3o.<\/p>\n<p>A filha dele, Kelly Nascimento, contou que o pai n\u00e3o passar\u00e1 as festividades de Natal em casa, mas sim internado no hospital da capital paulista. Ele seguir\u00e1 em cuidados m\u00e9dicos na unidade, mas que a fam\u00edlia estar\u00e1 ao seu lado neste final de ano.<\/p>\n<h2> FAM\u00cdLIA DE PEL\u00c9 EST\u00c1 REUNIDA NESTE MOMENTO EM HOSPITAL AP\u00d3S NOT\u00cdCIAS DOS M\u00c9DICOS<\/h2>\n<p>A fam\u00edlia do ex-jogador Pel\u00e9 est\u00e1 reunida em S\u00e3o Paulo, no Hospital Albert Einstein, para ficar pr\u00f3ximo dele na v\u00e9spera de Natal. Os arredores da unidade hospitalar est\u00e1 silenciosa, bem diferente das movimenta\u00e7\u00f5es e suposi\u00e7\u00f5es sobre seu estado de sa\u00fade que s\u00e3o compartilhadas na internet.<\/p>\n<p>De acordo com apura\u00e7\u00f5es do portal UOL, a equipe m\u00e9dica tomou uma decis\u00e3o a respeito das atualiza\u00e7\u00f5es de seu boletim m\u00e9dico. O quarto do Rei est\u00e1 recebendo um movimento intensificado, com a chegada de filhos, netos e outros familiares que vem para passar o feriado com ele.<\/p>\n<p>Equipe m\u00e9dica de Pel\u00e9 toma decis\u00e3o O Hospital Albert Einstein n\u00e3o deve divulgar mais nenhum boletim m\u00e9dico, atualizando o estado de sa\u00fade de Pel\u00e9. Essas informa\u00e7\u00f5es foram levantadas pelo referido portal de not\u00edcias e divulgada na tarde deste s\u00e1bado (24).<\/p>\n<p>Fam\u00edlia de Pel\u00e9 vai a hospital Dentre todos os familiares de Pel\u00e9 que est\u00e3o chegando no Hospital Albert Einstein, um dos mais esperados era de seu filho Edinho. Ele estava no Paran\u00e1, treinando o seu clube e chegou na unidade no in\u00edcio da tarde. Sua irm\u00e3, Kelly Nascimento, mostrou um clique ao lado dele.<\/p>\n<p>Al\u00e9m do treinador, j\u00e1 estavam no hospital as outras filhas do eterno craque da Sele\u00e7\u00e3o Brasileira, Fl\u00e1via e Kelly. No momento, o \u00eddolo do esporte est\u00e1 anestesiado, sendo este um procedimento que faz parte do tratamento paliativo.<\/p>\n<p>O \u00faltimo boletim m\u00e9dico divulgado pelo Albert Einstein informava que houve uma progress\u00e3o da patologia oncol\u00f3gica, ou seja, um avan\u00e7o do c\u00e2ncer que ele trata desde 2021. No comunicado, tamb\u00e9m consta que agora \u00e9 dada aten\u00e7\u00e3o especial para o cora\u00e7\u00e3o e rins.<\/p>\n<p>&nbsp;<\/p>\n<h2>C\u00e2ncer de Pel\u00e9 avan\u00e7a para cora\u00e7\u00e3o e rins; filhas decidem cancelar festa de Natal para estarem ao lado do pai<\/h2>\n<p>&nbsp;<\/p>\n<p>O maior jogador de futebol de todos os tempos \u00c9dson Arantes do Nascimento, o rei Pel\u00e9, est\u00e1 passando por um momento delicado com sua sa\u00fade. Pel\u00e9 segue internado desde o m\u00eas de novembro, por conta de complica\u00e7\u00f5es nos pulm\u00f5es. A equipe m\u00e9dica tamb\u00e9m come\u00e7ou a estudar os melhores tratamentos quimioter\u00e1picos para tratarem o c\u00e2ncer de c\u00f3lon de Pel\u00e9.<\/p>\n<p>&nbsp;<\/p>\n<p>Durante o evento da Copa do Mundo de 2022, o rei do futebol, Pel\u00e9 recebeu muitas homenagens de grandes nomes ligados ao futebol. Em um dos jogos da sele\u00e7\u00e3o brasileira, os jogadores entraram com um cartaz desejando melhoras ao rei do futebol. Nesta quarta feira, uma not\u00edcia entristeceu a todos, pois a sa\u00fade do ex-jogador teria apresentado piora.<\/p>\n<p>A equipe m\u00e9dica que acompanha o ex-jogador, emitiu um novo boletim m\u00e9dico, do hospital Albert Einstein, sobre a sa\u00fade de Pel\u00e9. As informa\u00e7\u00f5es bem tristes s\u00e3o de que o c\u00e2ncer atingiu os rins e tamb\u00e9m cora\u00e7\u00e3o do ex-jogador. Depois da atualiza\u00e7\u00e3o as filhas do rei do futebol se manifestaram.<\/p>\n<p>\u201cO nosso Natal em casa foi suspenso. N\u00f3s decidimos com os m\u00e9dicos que, por v\u00e1rias raz\u00f5es, ser\u00e1 melhor a gente ficar por aqui mesmo\u201c, escreveram Kely e Fl\u00e1via Nascimento, fazendo quest\u00e3o de agradecer aos m\u00e9dicos do Hospital Albert Einstein, al\u00e9m de tamb\u00e9m agradecer o carinho dos f\u00e3s de Pel\u00e9 com o ex-jogador.<\/p>\n<p>Boletim m\u00e9dico detalha piora<\/p>\n<p>A pesar da not\u00edcia ruim no geral, foi informado pela equipe do hospital, que o rei do futebol segue em um quarto comum, e n\u00e3o foi transferido para UTI. Logo em seguida confirmando a progress\u00e3o do c\u00e2ncer para os rins e cora\u00e7\u00e3o, que agora requerem de cuidados especiais.<\/p>\n<p>&nbsp;<\/p>\n<p>&nbsp;<\/p>\n<h2>Pel\u00e9 n\u00e3o responde mais a tratamento e est\u00e1 em cuidados paliativos, diz jornal<\/h2>\n<p>O eterno Rei do futebol foi internado na ter\u00e7a-feira (29\/11) para passar por tratamento do tumor de c\u00f3lon identificado em setembro do ano passado<\/p>\n<p>O ex-jogador de futebol Pel\u00e9, 82 anos, internado no Hospital Israelita Albert Einstein, em S\u00e3o Paulo, desde a \u00faltima ter\u00e7a-feira (29\/11), n\u00e3o responde mais ao tratamento quimioter\u00e1pico que vinha fazendo desde setembro do ano passado, quando foi operado de um c\u00e2ncer de intestino. As informa\u00e7\u00f5es s\u00e3o da Folha de S. Paulo.<\/p>\n<p>O eterno Rei do futebol teve met\u00e1stases no intestino, no pulm\u00e3o e no f\u00edgado diagnosticadas no in\u00edcio do ano. Segundo a Folha, o ex-craque n\u00e3o responde mais ao tratamento quimioter\u00e1pico e segue recebendo cuidados paliativos.<\/p>\n<p>O site Terra procurou o hospital, que n\u00e3o confirmou as informa\u00e7\u00f5es, apenas ressaltou o que j\u00e1 havia sido informado no \u00faltimo boletim m\u00e9dico, de sexta-feira, 2, comunicando que Pel\u00e9 est\u00e1 sob uma &#8220;reavalia\u00e7\u00e3o da terapia quimioter\u00e1pica do tumor de col\u00f3n identificado em setembro de 2021&#8221;.<\/p>\n<p>&#8220;A equipe m\u00e9dica diagnosticou uma infec\u00e7\u00e3o respirat\u00f3ria, que vem sendo tratada com antibi\u00f3ticos. A resposta tem sido adequada e o paciente, que segue em quarto comum, est\u00e1 est\u00e1vel, com melhora geral no estado de sa\u00fade. O ex-jogador continuar\u00e1 internado nos pr\u00f3ximos dias para continuidade do tratamento&#8221;, diz a nota.<\/p>\n<p>Kely Nascimento, filha de Pel\u00e9, foi at\u00e9 as redes sociais tranquilizar os f\u00e3s do Rei do Futebol na \u00faltima quinta-feira. &#8220;N\u00e3o tem surpresa, nem emerg\u00eancia&#8221;, disse. N\u00e3o houve publica\u00e7\u00f5es dela neste s\u00e1bado, apenas a repostagens de homenagens a Pel\u00e9 direto do Catar em seu Stories.<\/p>\n<p>&nbsp;<\/p>\n<h3>Compartilhe isso:<\/h3>\n<h4> TV MRNews N\u00e3o perca tamb\u00e9m:<\/h4>\n<p><p>Fonte: <a href=\"\/\/mrnews.com.br\/index.php\/2022\/12\/26\/caixao-de-ouro-para-pele-e-movimentacao-estranha-assusta-fas-acontece\" title=\"mrnews.com.br\/index.php\/2022\/12\/26\/caixao-de-ouro-para-pele-e-movimentacao-estranha-assusta-fas-acontece\" target=\"_blank\" rel=\"bookmark noopener\"><cite>mrnews.com.br\/index.php\/2022\/12\/26\/caixao-de-ouro-para-pele-e-movimentacao-estranha-assusta-fas-acontece<\/cite><\/a><\/p>\n","protected":false},"excerpt":{"rendered":"<p>Equipe prepara caix\u00e3o de ouro para Pel\u00e9 e f\u00e3s repercutem movimenta\u00e7\u00e3o estranha. O jogador Pel\u00e9&#8230;<\/p>\n","protected":false},"author":1,"featured_media":0,"comment_status":"closed","ping_status":"closed","sticky":false,"template":"","format":"standard","meta":{"footnotes":""},"categories":[2],"tags":[],"class_list":["post-7902","post","type-post","status-publish","format-standard","hentry","category-jogos-ao-vivo"],"amp_enabled":true,"_links":{"self":[{"href":"https:\/\/ipatingafc.com.br\/index.php\/wp-json\/wp\/v2\/posts\/7902","targetHints":{"allow":["GET"]}}],"collection":[{"href":"https:\/\/ipatingafc.com.br\/index.php\/wp-json\/wp\/v2\/posts"}],"about":[{"href":"https:\/\/ipatingafc.com.br\/index.php\/wp-json\/wp\/v2\/types\/post"}],"author":[{"embeddable":true,"href":"https:\/\/ipatingafc.com.br\/index.php\/wp-json\/wp\/v2\/users\/1"}],"replies":[{"embeddable":true,"href":"https:\/\/ipatingafc.com.br\/index.php\/wp-json\/wp\/v2\/comments?post=7902"}],"version-history":[{"count":0,"href":"https:\/\/ipatingafc.com.br\/index.php\/wp-json\/wp\/v2\/posts\/7902\/revisions"}],"wp:attachment":[{"href":"https:\/\/ipatingafc.com.br\/index.php\/wp-json\/wp\/v2\/media?parent=7902"}],"wp:term":[{"taxonomy":"category","embeddable":true,"href":"https:\/\/ipatingafc.com.br\/index.php\/wp-json\/wp\/v2\/categories?post=7902"},{"taxonomy":"post_tag","embeddable":true,"href":"https:\/\/ipatingafc.com.br\/index.php\/wp-json\/wp\/v2\/tags?post=7902"}],"curies":[{"name":"wp","href":"https:\/\/api.w.org\/{rel}","templated":true}]}}