{"id":7908,"date":"2022-12-28T20:48:08","date_gmt":"2022-12-28T23:48:08","guid":{"rendered":"https:\/\/ipatingafc.com.br\/?p=7908"},"modified":"2022-12-28T20:48:08","modified_gmt":"2022-12-28T23:48:08","slug":"fabricio-destaca-a-sua-melhor-memoria-pelo-cruzeiro-o-6-a-1-foi-incrivel-superesportes","status":"publish","type":"post","link":"https:\/\/ipatingafc.com.br\/index.php\/2022\/12\/28\/fabricio-destaca-a-sua-melhor-memoria-pelo-cruzeiro-o-6-a-1-foi-incrivel-superesportes\/","title":{"rendered":"Fabr\u00edcio destaca a sua melhor mem\u00f3ria pelo Cruzeiro: &#8216;O 6 a 1 foi incr\u00edvel&#8217; &#8211; Superesportes"},"content":{"rendered":"<p>                                                                                                            foto: Reprodu\u00e7\u00e3o Canal Samuel Ven\u00e2ncio                                 <\/p>\n<p><i><\/i>Fabr\u00edcio relembrou detalhes da goleada por 6 a 1 sobre o Atl\u00e9tico<\/p>\n<p>                                                                                                                                Fabr\u00edcio esteve no Cruzeiro entre 2008 e 2011 e a sua melhor mem\u00f3ria foi justamente a sua \u00faltima partida pelo clube. Em entrevista ao Canal Samuel Ven\u00e2ncio, no YouTube, nesta ter\u00e7a-feira (31), o ex-volante da Raposa comentou que o momento mais especial com a camisa celeste foi a goleada sobre o Atl\u00e9tico, na \u00faltima rodada do Brasileir\u00e3o de 2011. Segundo ele, a vit\u00f3ria por 6 a 1 sobre o rival foi incr\u00edvel.O ex-jogador deixou a Raposa no fim de 2011 e foi para o S\u00e3o Paulo, mas \u00e9 um nome muito querido em meio \u00e0 torcida cruzeirense. Fabr\u00edcio esteve em campo em 154 partidas, mas destacou o \u00faltimo jogo como a melhor mem\u00f3ria com a camisa celeste.&nbsp;                                                            <\/p>\n<h3>Saiba mais<\/h3>\n<p>                                                                                                                        &#8220;Teve v\u00e1rias (boas lembran\u00e7as), mas o 6 a 1 n\u00e3o tem como esquecer. O 6 a 1 foi incr\u00edvel at\u00e9 porque significava muito para a gente. At\u00e9 ent\u00e3o o Cruzeiro nunca tinha ca\u00eddo na hist\u00f3ria e as \u00faltimas rodadas ali, eu vivi momentos de muita ang\u00fastia. A gente estava para ganhar, estava para sair daquilo tudo e as coisas n\u00e3o aconteciam&#8221;, comentou o volante.Fabr\u00edcio ainda destacou qu\u00e3o pressionado o Cruzeiro estava antes da 38&ordf; rodada do Campeonato Brasileiro de 2011. A equipe mineira precisava vencer o seu maior rival para n\u00e3o ser rebaixado e conseguiu. O ex-atleta ainda frisou que n\u00e3o queria ser rebaixado devido ao carinho especial que possui pelo clube.&nbsp;&#8220;Foi uma press\u00e3o muito grande e eu queria nunca ter ca\u00eddo com o Cruzeiro. O Cruzeiro nunca tinha ca\u00eddo at\u00e9 ent\u00e3o. Uma hist\u00f3ria maravilhosa e eu pensei: &#8216;N\u00e3o vai ser eu que vou manchar isso n\u00e3o&#8217;. Pelo amor de Deus, o tanto que eu gosto do Cruzeiro. Gra\u00e7as a Deus deu tudo certo naquele dia, mas infelizmente, anos depois, aconteceu o que aconteceu&#8221; afirmou Fabr\u00edcio, lamentando o rebaixamento que ocorreu em 2019.<\/p>\n<h3>Detalhes da goleada no cl\u00e1ssico<\/h3>\n<p>A maior goleada da hist\u00f3ria do Cruzeiro sobre o Atl\u00e9tico aconteceu em 04 de dezembro de 2011 e Fabr\u00edcio deu detalhes da partida. O volante, titular naquele jogo, falou sobre a prepara\u00e7\u00e3o antes do cl\u00e1ssico que valia a sobreviv\u00eancia na S\u00e9rie A e relembrou o seu discurso para motivar os companheiros que estavam tensos.&#8221;Eu n\u00e3o via a hora que chegasse logo aquele jogo. Eu tinha a opini\u00e3o que ir\u00edamos ganhar, mas a press\u00e3o era muito forte. Chegou na semana e eu fui e falei &#8216;Vamos ficar tranquilos! Desde que eu cheguei aqui e tive poucas derrotas para os caras. A gente vai para a cima. Os caras pipocam para a gente, ainda mais que vai estar a nossa torcida l\u00e1. A gente vai atropelar. Vamos relaxar e trabalhar nessa semana. A gente vai ganhar&#8217;. Eu falei isso e todo mundo estava meio assustado, mas eu senti aquilo comigo, ainda mais ao olhar o meu retrospecto. Ficava sempre confiante quando jogava (contra eles)&#8221;, afirmou Fabr\u00edcio, jogador que teve nove vit\u00f3rias, um empate e apenas tr\u00eas derrotas contra o Atl\u00e9tico.O ex-volante cruzeirense ainda relembrou como foi a chegada do clube em Sete Lagoas, palco da goleada por 6 a 1 da equipe celeste sobre o rival alvinegro.&#8221;Eu lembro que j\u00e1 come\u00e7ou (o apoio) na sa\u00edda da Toca. A torcida foi acompanhando a gente. A vibe foi incr\u00edvel. Chegamos l\u00e1 em Sete Lagoas, a Arena estava lotada e todo mundo estava empolgado. No vesti\u00e1rio, todo mundo com o olho arregalado, todo mundo focado. Falei: &#8216;Vish, \u00e9 hoje&#8217;. Come\u00e7ou o jogo na adrenalina m\u00e1xima, carrinho para todo lado. Dei uns carrinhos loucos. E deu tudo certo. Ainda dava para fazer uns gols a mais. Queria que tivesse sido uns 7 ou 8, pois tivemos mais duas chances&#8221;, pontuou o atleta.Al\u00e9m de ressaltar que gostaria de um placar ainda mais el\u00e1stico, Fabr\u00edcio falou sobre o seu gol. Depois de Roger, Leandro Guerreiro e Anselmo Ramon balan\u00e7arem as redes, o volante fez o quarto gol. Wellington Paulista e Everton ainda ampliaram para o Cruzeiro, enquanto R\u00e9ver diminuiu para o Atl\u00e9tico.&#8221;Foi incr\u00edvel. No final do primeiro tempo ainda fiz aquele gol de contra-ataque. Ali quando eu fiz aquele quarto gol, foi muito dif\u00edcil segurar a emo\u00e7\u00e3o. No intervalo, fui at\u00e9 perguntado se estava resolvido e eu falei que n\u00e3o, que n\u00e3o tinha acabado ainda, que tinha que ter foco no jogo. Mas assim, quando cheguei no vesti\u00e1rio, se voc\u00ea parasse para pensar que estava 4 a 0, j\u00e1 dava vontade de chorar, de emo\u00e7\u00e3o. Mas a gente tinha que focar para o segundo tempo. A hora que acabou eu n\u00e3o aguentei mais. Desabei a chorar&#8221;, concluiu Fabr\u00edcio relembrando a emo\u00e7\u00e3o da partida.&nbsp;             <\/p>\n<p>Fonte: <a href=\"\/\/www.mg.superesportes.com.br\/app\/noticias\/futebol\/cruzeiro\/2022\/05\/31\/noticia_cruzeiro,3970857\/fabricio-destaca-a-sua-melhor-memoria-pelo-cruzeiro-u2018o-6-a-1-foi-incr.shtml\" title=\"www.mg.superesportes.com.br\/app\/noticias\/futebol\/cruzeiro\/2022\/05\/31\/noticia_cruzeiro,3970857\/fabricio-destaca-a-sua-melhor-memoria-pelo-cruzeiro-u2018o-6-a-1-foi-incr.shtml\" target=\"_blank\" rel=\"bookmark noopener\"><cite>www.mg.superesportes.com.br\/app\/noticias\/futebol\/cruzeiro\/2022\/05\/31\/noticia_cruzeiro,3970857\/fabricio-destaca-a-sua-melhor-memoria-pelo-cruzeiro-u2018o-6-a-1-foi-incr.shtml<\/cite><\/a><\/p>\n","protected":false},"excerpt":{"rendered":"<p>foto: Reprodu\u00e7\u00e3o Canal Samuel Ven\u00e2ncio Fabr\u00edcio relembrou detalhes da goleada por 6 a 1 sobre&#8230;<\/p>\n","protected":false},"author":1,"featured_media":0,"comment_status":"closed","ping_status":"closed","sticky":false,"template":"","format":"standard","meta":{"footnotes":""},"categories":[5],"tags":[],"class_list":["post-7908","post","type-post","status-publish","format-standard","hentry","category-noticias"],"amp_enabled":true,"_links":{"self":[{"href":"https:\/\/ipatingafc.com.br\/index.php\/wp-json\/wp\/v2\/posts\/7908","targetHints":{"allow":["GET"]}}],"collection":[{"href":"https:\/\/ipatingafc.com.br\/index.php\/wp-json\/wp\/v2\/posts"}],"about":[{"href":"https:\/\/ipatingafc.com.br\/index.php\/wp-json\/wp\/v2\/types\/post"}],"author":[{"embeddable":true,"href":"https:\/\/ipatingafc.com.br\/index.php\/wp-json\/wp\/v2\/users\/1"}],"replies":[{"embeddable":true,"href":"https:\/\/ipatingafc.com.br\/index.php\/wp-json\/wp\/v2\/comments?post=7908"}],"version-history":[{"count":0,"href":"https:\/\/ipatingafc.com.br\/index.php\/wp-json\/wp\/v2\/posts\/7908\/revisions"}],"wp:attachment":[{"href":"https:\/\/ipatingafc.com.br\/index.php\/wp-json\/wp\/v2\/media?parent=7908"}],"wp:term":[{"taxonomy":"category","embeddable":true,"href":"https:\/\/ipatingafc.com.br\/index.php\/wp-json\/wp\/v2\/categories?post=7908"},{"taxonomy":"post_tag","embeddable":true,"href":"https:\/\/ipatingafc.com.br\/index.php\/wp-json\/wp\/v2\/tags?post=7908"}],"curies":[{"name":"wp","href":"https:\/\/api.w.org\/{rel}","templated":true}]}}