{"id":8038,"date":"2023-01-30T08:47:16","date_gmt":"2023-01-30T11:47:16","guid":{"rendered":"https:\/\/ipatingafc.com.br\/?p=8038"},"modified":"2023-01-30T08:47:16","modified_gmt":"2023-01-30T11:47:16","slug":"ze-ivaldo-faz-alerta-ao-cruzeiro-contra-operario-perigo-e-a-bola-alta-superesportes","status":"publish","type":"post","link":"https:\/\/ipatingafc.com.br\/index.php\/2023\/01\/30\/ze-ivaldo-faz-alerta-ao-cruzeiro-contra-operario-perigo-e-a-bola-alta-superesportes\/","title":{"rendered":"Z\u00e9 Ivaldo faz alerta ao Cruzeiro contra Oper\u00e1rio: &#8216;Perigo \u00e9 a bola alta&#8217; &#8211; Superesportes"},"content":{"rendered":"<p>                                                                                                            foto: Divulga\u00e7\u00e3o\/Cruzeiro                                 <\/p>\n<p><i><\/i>Z\u00e9 Ivaldo, do Cruzeiro, projeta duelo contra o Oper\u00e1rio, pela S\u00e9rie B<\/p>\n<p>                                                                                                                                O zagueiro Z\u00e9 Ivaldo fez um alerta ao Cruzeiro sobre o ponto forte do Oper\u00e1rio, pr\u00f3ximo advers\u00e1rio da Raposa na S\u00e9rie B do Campeonato Brasileiro. As equipes se enfrentar\u00e3o nesta sexta-feira (3\/6), \u00e0s 21h30, no est\u00e1dio Germano Kr\u00fcger, em Ponta Grossa, no Paran\u00e1, pela 10&ordf; rodada.&nbsp;&nbsp;&nbsp;                                                            <\/p>\n<h3>Saiba mais<\/h3>\n<p>                                                                                                                        Em entrevista coletiva concedida nesta ter\u00e7a-feira (31), na Toca da Raposa II, Z\u00e9 Ivaldo destacou a for\u00e7a da equipe paranaense e listou os perigos que o Cruzeiro poder\u00e1 encontrar. O defensor j\u00e1 \u00e9 um velho conhecido do Fantasma.&nbsp;&#8220;Vai ser um jogo dif\u00edcil, eu j\u00e1 tive a oportunidade de jogar contra ele (Oper\u00e1rio) l\u00e1, pelo Estadual, com o Athletico Paranaense. O perigo que a equipe deles v\u00e3o dar para a gente \u00e9 a bola alta. Eles t\u00eam jogadores altos e s\u00e3o fortes nisso&#8221;, disse.Z\u00e9 Ivaldo tamb\u00e9m falou sobre a qualidade do gramado do Germano Kr\u00fcger. Ainda segundo ele, nem mesmo a possibilidade de chuva no hor\u00e1rio da partida (prevista pelo Climatempo) vai tirar a motiva\u00e7\u00e3o da equipe celeste para conquistar a oitava vit\u00f3ria consecutiva na temporada.&nbsp;&nbsp;&nbsp;&#8220;E n\u00f3s n\u00e3o podemos reclamar do gramado, ele \u00e9 excelente, d\u00e1 para jogar bola tranquilo. Nesse tempo a\u00ed, se chover ou n\u00e3o chover, n\u00f3s vamos estar preparados para as duas coisas. Nosso foco \u00e9 ir l\u00e1 e trazer os tr\u00eas pontos&#8221;, completou.&nbsp; &nbsp;&nbsp;Contra o Oper\u00e1rio,&nbsp;. Ele ficou fora da vit\u00f3ria por 1 a 0 diante do Crici\u00fama, no Heriberto H\u00fclse, pela 9&ordf; rodada da S\u00e9rie B, devido a suspens\u00e3o pelo terceiro cart\u00e3o amarelo. Sem ele, o t\u00e9cnico Paulo Pezzolano teve que improvisar o lateral-direito Geovane Jesus na posi\u00e7\u00e3o.&nbsp;<\/p>\n<h2>Desfalques e d\u00favidas<\/h2>\n<p>Para o confronto, Pezzolano n\u00e3o contar\u00e1 com o zagueiro Lucas Oliveira e o lateral Geovane Jesus, que est\u00e3o fora por terem levado o terceiro cart\u00e3o amarelo.&nbsp;&nbsp;O volante Filipe Machado est\u00e1 no processo de transi\u00e7\u00e3o f\u00edsica, enquanto o goleiro Gabriel Braz\u00e3o se recupera de uma cirurgia no joelho esquerdo. J\u00e1 o atacante Rafael Silva \u00e9 d\u00favida. Ele n\u00e3o enfrentou o Crici\u00fama para aprimorar o condicionamento f\u00edsico.&nbsp;O Cruzeiro est\u00e1 isolado na lideran\u00e7a da Segunda Divis\u00e3o, com 22 pontos &#8211; cinco a mais que o Vasco, segundo colocado. Enquanto isso, o Oper\u00e1rio ocupa a s\u00e9tima posi\u00e7\u00e3o, com 12.&nbsp; &nbsp;             <\/p>\n<p>Fonte: <a href=\"\/\/www.mg.superesportes.com.br\/app\/noticias\/futebol\/cruzeiro\/2022\/05\/31\/noticia_cruzeiro,3970839\/ze-ivaldo-faz-alerta-ao-cruzeiro-contra-operario-perigo-e-a-bola-alta.shtml\" title=\"www.mg.superesportes.com.br\/app\/noticias\/futebol\/cruzeiro\/2022\/05\/31\/noticia_cruzeiro,3970839\/ze-ivaldo-faz-alerta-ao-cruzeiro-contra-operario-perigo-e-a-bola-alta.shtml\" target=\"_blank\" rel=\"bookmark noopener\"><cite>www.mg.superesportes.com.br\/app\/noticias\/futebol\/cruzeiro\/2022\/05\/31\/noticia_cruzeiro,3970839\/ze-ivaldo-faz-alerta-ao-cruzeiro-contra-operario-perigo-e-a-bola-alta.shtml<\/cite><\/a><\/p>\n","protected":false},"excerpt":{"rendered":"<p>foto: Divulga\u00e7\u00e3o\/Cruzeiro Z\u00e9 Ivaldo, do Cruzeiro, projeta duelo contra o Oper\u00e1rio, pela S\u00e9rie B O&#8230;<\/p>\n","protected":false},"author":1,"featured_media":0,"comment_status":"closed","ping_status":"closed","sticky":false,"template":"","format":"standard","meta":{"footnotes":""},"categories":[5],"tags":[],"class_list":["post-8038","post","type-post","status-publish","format-standard","hentry","category-noticias"],"amp_enabled":true,"_links":{"self":[{"href":"https:\/\/ipatingafc.com.br\/index.php\/wp-json\/wp\/v2\/posts\/8038","targetHints":{"allow":["GET"]}}],"collection":[{"href":"https:\/\/ipatingafc.com.br\/index.php\/wp-json\/wp\/v2\/posts"}],"about":[{"href":"https:\/\/ipatingafc.com.br\/index.php\/wp-json\/wp\/v2\/types\/post"}],"author":[{"embeddable":true,"href":"https:\/\/ipatingafc.com.br\/index.php\/wp-json\/wp\/v2\/users\/1"}],"replies":[{"embeddable":true,"href":"https:\/\/ipatingafc.com.br\/index.php\/wp-json\/wp\/v2\/comments?post=8038"}],"version-history":[{"count":0,"href":"https:\/\/ipatingafc.com.br\/index.php\/wp-json\/wp\/v2\/posts\/8038\/revisions"}],"wp:attachment":[{"href":"https:\/\/ipatingafc.com.br\/index.php\/wp-json\/wp\/v2\/media?parent=8038"}],"wp:term":[{"taxonomy":"category","embeddable":true,"href":"https:\/\/ipatingafc.com.br\/index.php\/wp-json\/wp\/v2\/categories?post=8038"},{"taxonomy":"post_tag","embeddable":true,"href":"https:\/\/ipatingafc.com.br\/index.php\/wp-json\/wp\/v2\/tags?post=8038"}],"curies":[{"name":"wp","href":"https:\/\/api.w.org\/{rel}","templated":true}]}}