{"id":8364,"date":"2023-05-10T20:47:11","date_gmt":"2023-05-10T23:47:11","guid":{"rendered":"https:\/\/ipatingafc.com.br\/?p=8364"},"modified":"2023-05-10T20:47:11","modified_gmt":"2023-05-10T23:47:11","slug":"minas-anuncia-gerdau-como-patrocinadora-master-do-time-feminino-de-volei-superesportes","status":"publish","type":"post","link":"https:\/\/ipatingafc.com.br\/index.php\/2023\/05\/10\/minas-anuncia-gerdau-como-patrocinadora-master-do-time-feminino-de-volei-superesportes\/","title":{"rendered":"Minas anuncia Gerdau como patrocinadora m\u00e1ster do time feminino de v\u00f4lei &#8211; Superesportes"},"content":{"rendered":"<p>                                                                                                            foto: Divulga\u00e7\u00e3o\/Gerdau                                 <\/p>\n<p><i><\/i>Centrais Thaisa e Carol Gattaz exibem a camisa com patroc\u00ednio da Gerdau<\/p>\n<p>                                                                                                                                O Minas ampliou a parceria com a Gerdau. A empresa produtura de a\u00e7o, que j\u00e1 estampava a marca na camisa do time de v\u00f4lei masculino, ser\u00e1 tamb\u00e9m patrocinadora m\u00e1ster da equipe feminina. O acerto foi oficializado nesta segunda-feira, em S\u00e3o Paulo, com a presen\u00e7a de dirigentes do clube e de atletas como as centrais Thaisa e Carol Gattaz, o ponteiro Henrique Honorato e o l\u00edbero Maique.&nbsp;                                                            <\/p>\n<h3>Saiba mais<\/h3>\n<p>                                                                                                                        A Gerdau \u00e9 parceira do Minas desde 2021, em apoio que vale tamb\u00e9m para as categorias de base. No caso da equipe feminina, a empresa brasileira produtora de a\u00e7o, que j\u00e1 tinha o nome estampado nas laterais da camisa minas-tenista, assume a condi\u00e7\u00e3o de patrocinadora m\u00e1ster, que antes era ocupada pela Itamb\u00e9.Desde o in\u00edcio da parceria, o time masculino do Minas conquistou a Copa Brasil de V\u00f4lei, em 2022, e foi vice-campe\u00e3o da Superliga 2021\/22, superado pelo Cruzeiro na final, com uma vit\u00f3ria e duas derrotas na s\u00e9rie decisiva.&nbsp;No feminino, o Minas conquistou a Superliga 2021\/22 &#8211; foi campe\u00e3o pela terceira vez seguida &#8211; e o t\u00edtulo do Sul-Americano de Clubes, em Uberl\u00e2ndia. Nas duas decis\u00f5es, o time de BH bateu o rival Praia Clube. Com isso, as minas-tenistas se classificaram para o Mundial de Clubes, em dezembro, ainda sem local definido.&nbsp;                                                                                                            foto: Divulga\u00e7\u00e3o\/Gerdau                                 <\/p>\n<p><i><\/i>Maique e Honorato representaram o time masculino no an\u00fancio da parceria<\/p>\n<p>                                                                                                                                O CEO da Gerdau, Gustavo Werneck, disse que o sucesso do clube nas competi\u00e7\u00f5es de v\u00f4lei mostram o acerto na parceria, agora ampliada com o patroc\u00ednio m\u00e1ster na equipe feminina. &#8220;\u00c9 motivo de grande satisfa\u00e7\u00e3o e alegria estreitarmos os nossos la\u00e7os com o Minas T\u00eanis Clube, uma das maiores pot\u00eancias para a pr\u00e1tica esportiva no Brasil, com quem compartilhamos o prop\u00f3sito de promover a cidadania por meio do esporte. Acreditamos no papel do v\u00f4lei como agente de transforma\u00e7\u00e3o social, criando oportunidades para centenas de jovens nos munic\u00edpios em que a Gerdau est\u00e1 presente&#8221;, declarou.O Minas foi representado no evento na capital paulista pelo presidente do conselho deliberativo, Kouros Monadjemi, ex-presidente do clube. Ele tamb\u00e9m celebrou a amplia\u00e7\u00e3o do patroc\u00ednio m\u00e1ster com a Gerdau. &#8220;A Gerdau e o Minas se completam, porque os valores e princ\u00edpios das duas marcas se integram. Contamos com a for\u00e7a do a\u00e7o dentro das quadras e conquistamos t\u00edtulos importantes com o feminino e com o masculino, mas os resultados desta uni\u00e3o tamb\u00e9m s\u00e3o not\u00f3rios na forma\u00e7\u00e3o de atletas e, acima de tudo, de bons cidad\u00e3os&#8221;, afirmou o dirigente.&nbsp;             <\/p>\n<p>Fonte: <a href=\"\/\/www.mg.superesportes.com.br\/app\/noticias\/volei\/2022\/05\/30\/noticia_volei,3970796\/minas-anuncia-gerdau-como-patrocinadora-master-do-time-feminino-de-volei.shtml\" title=\"www.mg.superesportes.com.br\/app\/noticias\/volei\/2022\/05\/30\/noticia_volei,3970796\/minas-anuncia-gerdau-como-patrocinadora-master-do-time-feminino-de-volei.shtml\" target=\"_blank\" rel=\"bookmark noopener\"><cite>www.mg.superesportes.com.br\/app\/noticias\/volei\/2022\/05\/30\/noticia_volei,3970796\/minas-anuncia-gerdau-como-patrocinadora-master-do-time-feminino-de-volei.shtml<\/cite><\/a><\/p>\n","protected":false},"excerpt":{"rendered":"<p>foto: Divulga\u00e7\u00e3o\/Gerdau Centrais Thaisa e Carol Gattaz exibem a camisa com patroc\u00ednio da Gerdau O&#8230;<\/p>\n","protected":false},"author":1,"featured_media":0,"comment_status":"closed","ping_status":"closed","sticky":false,"template":"","format":"standard","meta":{"footnotes":""},"categories":[5],"tags":[],"class_list":["post-8364","post","type-post","status-publish","format-standard","hentry","category-noticias"],"amp_enabled":true,"_links":{"self":[{"href":"https:\/\/ipatingafc.com.br\/index.php\/wp-json\/wp\/v2\/posts\/8364","targetHints":{"allow":["GET"]}}],"collection":[{"href":"https:\/\/ipatingafc.com.br\/index.php\/wp-json\/wp\/v2\/posts"}],"about":[{"href":"https:\/\/ipatingafc.com.br\/index.php\/wp-json\/wp\/v2\/types\/post"}],"author":[{"embeddable":true,"href":"https:\/\/ipatingafc.com.br\/index.php\/wp-json\/wp\/v2\/users\/1"}],"replies":[{"embeddable":true,"href":"https:\/\/ipatingafc.com.br\/index.php\/wp-json\/wp\/v2\/comments?post=8364"}],"version-history":[{"count":1,"href":"https:\/\/ipatingafc.com.br\/index.php\/wp-json\/wp\/v2\/posts\/8364\/revisions"}],"predecessor-version":[{"id":8365,"href":"https:\/\/ipatingafc.com.br\/index.php\/wp-json\/wp\/v2\/posts\/8364\/revisions\/8365"}],"wp:attachment":[{"href":"https:\/\/ipatingafc.com.br\/index.php\/wp-json\/wp\/v2\/media?parent=8364"}],"wp:term":[{"taxonomy":"category","embeddable":true,"href":"https:\/\/ipatingafc.com.br\/index.php\/wp-json\/wp\/v2\/categories?post=8364"},{"taxonomy":"post_tag","embeddable":true,"href":"https:\/\/ipatingafc.com.br\/index.php\/wp-json\/wp\/v2\/tags?post=8364"}],"curies":[{"name":"wp","href":"https:\/\/api.w.org\/{rel}","templated":true}]}}