{"id":8719,"date":"2024-05-09T00:02:25","date_gmt":"2024-05-09T03:02:25","guid":{"rendered":"https:\/\/ipatingafc.com.br\/index.php\/2024\/05\/09\/agencia-minas-gerais-estudantes-atletas-dao-inicio-a-etapa-microrregional-do-jemg-em-itabirito\/"},"modified":"2024-05-09T00:02:25","modified_gmt":"2024-05-09T03:02:25","slug":"agencia-minas-gerais-estudantes-atletas-dao-inicio-a-etapa-microrregional-do-jemg-em-itabirito","status":"publish","type":"post","link":"https:\/\/ipatingafc.com.br\/index.php\/2024\/05\/09\/agencia-minas-gerais-estudantes-atletas-dao-inicio-a-etapa-microrregional-do-jemg-em-itabirito\/","title":{"rendered":"Ag\u00eancia Minas Gerais | Estudantes atletas d\u00e3o in\u00edcio \u00e0 etapa microrregional \u00a0do JEMG em Itabirito"},"content":{"rendered":"<p><\/p>\n<div>\n<p>Gin\u00e1stica art\u00edstica, dan\u00e7a e salto em solo marcaram a abertura oficial dos Jogos Escolares Estaduais (JEMG) 2024, etapa microrregional da Superintend\u00eancia Regional de Ensino (SRE) Ouro Preto. A solenidade foi realizada na noite de ter\u00e7a-feira (7\/5), no Gin\u00e1sio Poliesportivo Pedro Cardoso, em Itabirito.\u00a0<\/p>\n<p>O JEMG \u00e9 uma iniciativa da Secretaria de Estado de Desenvolvimento Social (Sedese-MG), por meio da Subsecretaria de Esportes, em parceria com a Secretaria de Estado de Educa\u00e7\u00e3o de Minas Gerais (SEE\/MG), que apoia\u00a0a competi\u00e7\u00e3o esportiva estudantil fornecendo alimenta\u00e7\u00e3o, adequa\u00e7\u00e3o das escolas para alojamento dos estudantes, al\u00e9m de apoio no transporte e destina\u00e7\u00e3o de recursos para o projeto. A execu\u00e7\u00e3o t\u00e9cnica \u00e9 de responsabilidade da Federa\u00e7\u00e3o de Esportes Estudantis de Minas Gerais (FEEMG).<\/p>\n<p>\u201c\u00c9 fundamental a parceria que temos com a Sedese para execu\u00e7\u00e3o desta competi\u00e7\u00e3o, porque educa\u00e7\u00e3o e esporte caminham juntos. Investimos na reforma e constru\u00e7\u00e3o de quadras para dar o suporte necess\u00e1rio aos nossos estudantes se prepararem e poderem competir\u201d, enfatizou Igor de Alvarenga, que participou da abertura, ao lado do superintendente Regional de Ensino de Ouro Preto, Fabr\u00edcio Nepomuceno, e do subsecret\u00e1rio de Esportes da Sedese-MG, Tom\u00e1s Mendes.\u00a0<\/p>\n<figure class=\"image\" style=\"float:right\"><img loading=\"lazy\" decoding=\"async\" alt=\"\" height=\"180\" src=\"https:\/\/www.agenciaminas.mg.gov.br\/ckeditor_assets\/pictures\/20874\/content_jemg_see_02.jpeg\" width=\"320\"\/>&#13;<figcaption><em><sub>SEE\/MG \/ Divulga\u00e7\u00e3o<\/sub><\/em><\/figcaption>&#13;<br \/>\n<\/figure>\n<p>O subsecret\u00e1rio comemorou o engajamento das duas pastas. \u201cA presen\u00e7a da Educa\u00e7\u00e3o neste evento me alegra muito, mostra que essa parceria entre educa\u00e7\u00e3o e esporte tem muito ainda a fazer por todos esses jovens e pelo JEMG\u201d, ressaltou o Tom\u00e1s Mendes.\u00a0<\/p>\n<p><strong>Modalidades<\/strong>\u00a0<\/p>\n<p>Em Itabirito, uma das cidades sede dos JEMG, est\u00e3o competindo nas modalidades de basquetebol, futsal, handebol, v\u00f4lei e xadrez, estudantes de 24 escolas dos munic\u00edpios de Acaiaca, Diogo de Vasconcelos, Itabirito, Mariana e Ouro Preto. Os campe\u00f5es das modalidades coletivas e os quatro primeiros colocados do xadrez da etapa microrregional avan\u00e7am para a etapa regional.\u00a0<\/p>\n<p>\u201cParticipar dessa disputa foi muito bom, porque aprendemos mais,\u00a0 fazemos novas amizades e mostramos nossa habilidade para poder ter uma boa profiss\u00e3o no futuro. Quero ser jogador de futebol no futuro\u201d, comemorou Jean Carlos Emanuel da Silva Gomes, estudante- atleta da Escola Estadual Professor Martins que venceu a partida de futsal na disputa contra Mariana, representando o munic\u00edpio de Acaiaca.\u00a0\u00a0<\/p>\n<p><strong>Recorde de inscri\u00e7\u00f5es<\/strong>\u00a0<\/p>\n<p>Na edi\u00e7\u00e3o deste ano, houve um n\u00famero recorde de inscri\u00e7\u00f5es no JEMG, considerado a maior competi\u00e7\u00e3o esportivo-escolar do Brasil, com 842 munic\u00edpios inscritos.\u00a0<\/p>\n<p>A expectativa \u00e9 que cerca de 40 mil estudantes atletas participem desta edi\u00e7\u00e3o do JEMG. O n\u00famero \u00e9 o maior desde 2019, quando 839 cidades se inscreveram, e demonstra a import\u00e2ncia da pr\u00e1tica esportiva e da competi\u00e7\u00e3o.<\/p>\n<figure class=\"image\" style=\"float:left\"><img loading=\"lazy\" decoding=\"async\" alt=\"\" height=\"240\" src=\"https:\/\/www.agenciaminas.mg.gov.br\/ckeditor_assets\/pictures\/20875\/content_jemg_see_03.jpeg\" width=\"320\"\/>&#13;<figcaption><em><sub>SEE\/MG \/ Divulga\u00e7\u00e3o<\/sub><\/em><\/figcaption>&#13;<br \/>\n<\/figure>\n<p>O recorde de inscri\u00e7\u00f5es na edi\u00e7\u00e3o 2024 do JEMG foi resultado de um trabalho conjunto da equipe t\u00e9cnica e Diretorias Regionais da Sedese-MG, das SREs, dos gestores e representantes municipais, professores de educa\u00e7\u00e3o f\u00edsica, dos diretores de escolas e estudantes atletas.<\/p>\n<p>O JEMG \u00e9 dividido nas etapas microrregional, regional e estadual, e funciona como seletivas para os Jogos Escolares Brasileiros (JEB\u2019s), Jogos da Juventude e para as Paralimp\u00edadas Escolares. As disputas da microrregional come\u00e7aram em 1\/4, em 54 cidades-sede de diversas regi\u00f5es de Minas. Essa etapa deve ser encerrada no dia 26\/5.\u00a0<\/p>\n<p><strong>Quem pode participar<\/strong><\/p>\n<p>Este projeto esportivo \u00e9 dedicado a todas as escolas p\u00fablicas e particulares de Minas Gerais, voltado para estudantes-atletas com idades entre 12 e 17 anos, divididos em dois m\u00f3dulos, tanto para feminino quanto para masculino.<\/p>\n<p>Na edi\u00e7\u00e3o deste ano, o M\u00f3dulo I re\u00fane estudantes com idade de 12 a 14 anos, nascidos, exclusivamente, nos anos de 2010, 2011 e 2012. J\u00e1 no M\u00f3dulo II est\u00e3o os estudantes-atletas de 15 a 17 anos, nascidos em 2007, 2008 e 2009.<\/p>\n<\/p><\/div>\n","protected":false},"excerpt":{"rendered":"<p>Gin\u00e1stica art\u00edstica, dan\u00e7a e salto em solo marcaram a abertura oficial dos Jogos Escolares Estaduais&#8230;<\/p>\n","protected":false},"author":2,"featured_media":0,"comment_status":"open","ping_status":"open","sticky":false,"template":"","format":"standard","meta":{"footnotes":""},"categories":[],"tags":[],"class_list":["post-8719","post","type-post","status-publish","format-standard","hentry"],"amp_enabled":true,"_links":{"self":[{"href":"https:\/\/ipatingafc.com.br\/index.php\/wp-json\/wp\/v2\/posts\/8719","targetHints":{"allow":["GET"]}}],"collection":[{"href":"https:\/\/ipatingafc.com.br\/index.php\/wp-json\/wp\/v2\/posts"}],"about":[{"href":"https:\/\/ipatingafc.com.br\/index.php\/wp-json\/wp\/v2\/types\/post"}],"author":[{"embeddable":true,"href":"https:\/\/ipatingafc.com.br\/index.php\/wp-json\/wp\/v2\/users\/2"}],"replies":[{"embeddable":true,"href":"https:\/\/ipatingafc.com.br\/index.php\/wp-json\/wp\/v2\/comments?post=8719"}],"version-history":[{"count":0,"href":"https:\/\/ipatingafc.com.br\/index.php\/wp-json\/wp\/v2\/posts\/8719\/revisions"}],"wp:attachment":[{"href":"https:\/\/ipatingafc.com.br\/index.php\/wp-json\/wp\/v2\/media?parent=8719"}],"wp:term":[{"taxonomy":"category","embeddable":true,"href":"https:\/\/ipatingafc.com.br\/index.php\/wp-json\/wp\/v2\/categories?post=8719"},{"taxonomy":"post_tag","embeddable":true,"href":"https:\/\/ipatingafc.com.br\/index.php\/wp-json\/wp\/v2\/tags?post=8719"}],"curies":[{"name":"wp","href":"https:\/\/api.w.org\/{rel}","templated":true}]}}