{"id":8771,"date":"2024-05-09T19:12:12","date_gmt":"2024-05-09T22:12:12","guid":{"rendered":"https:\/\/ipatingafc.com.br\/index.php\/2024\/05\/09\/cerest-realiza-evento-da-semana-municipal-de-prevencao-de-acidentes-de-trabalho-agencia-de-noticias\/"},"modified":"2024-05-09T19:12:12","modified_gmt":"2024-05-09T22:12:12","slug":"cerest-realiza-evento-da-semana-municipal-de-prevencao-de-acidentes-de-trabalho-agencia-de-noticias","status":"publish","type":"post","link":"https:\/\/ipatingafc.com.br\/index.php\/2024\/05\/09\/cerest-realiza-evento-da-semana-municipal-de-prevencao-de-acidentes-de-trabalho-agencia-de-noticias\/","title":{"rendered":"Cerest realiza evento da Semana Municipal de Preven\u00e7\u00e3o de Acidentes de Trabalho \u2013 Ag\u00eancia de Not\u00edcias"},"content":{"rendered":"<p><\/p>\n<div wp_automatic_readability=\"49\">\n<p align=\"center\"><img loading=\"lazy\" decoding=\"async\" class=\"aligncenter size-large wp-image-137628\" src=\"http:\/\/noticias.sorocaba.sp.gov.br\/wp-content\/uploads\/2024\/05\/noticias.sorocaba.sp.gov.br-cerest-realiza-evento-da-semana-municipal-de-prevencao-de-acidentes-de-trabalho-foto-11-1024x768.jpeg\" alt=\"\" width=\"1024\" height=\"768\" srcset=\"https:\/\/noticias.sorocaba.sp.gov.br\/wp-content\/uploads\/2024\/05\/noticias.sorocaba.sp.gov.br-cerest-realiza-evento-da-semana-municipal-de-prevencao-de-acidentes-de-trabalho-foto-11-1024x768.jpeg 1024w, https:\/\/noticias.sorocaba.sp.gov.br\/wp-content\/uploads\/2024\/05\/noticias.sorocaba.sp.gov.br-cerest-realiza-evento-da-semana-municipal-de-prevencao-de-acidentes-de-trabalho-foto-11-300x225.jpeg 300w, https:\/\/noticias.sorocaba.sp.gov.br\/wp-content\/uploads\/2024\/05\/noticias.sorocaba.sp.gov.br-cerest-realiza-evento-da-semana-municipal-de-prevencao-de-acidentes-de-trabalho-foto-11-768x576.jpeg 768w, https:\/\/noticias.sorocaba.sp.gov.br\/wp-content\/uploads\/2024\/05\/noticias.sorocaba.sp.gov.br-cerest-realiza-evento-da-semana-municipal-de-prevencao-de-acidentes-de-trabalho-foto-11.jpeg 1280w\" sizes=\"auto, (max-width: 1024px) 100vw, 1024px\"\/><\/p>\n<p><span style=\"font-family: Arial, sans-serif;\"><span style=\"font-size: medium;\">A Comiss\u00e3o Intersetorial de Sa\u00fade do Trabalhador e da Trabalhadora (CISTT)<span style=\"color: #212529;\">, \u00f3rg\u00e3o que o <\/span><span style=\"color: #212529;\">Centro de Refer\u00eancia em Sa\u00fade do Trabalhador (<\/span><span style=\"color: #212529;\">Cerest<\/span><span style=\"color: #212529;\">) <\/span><span style=\"color: #212529;\">comp\u00f5e<\/span><span style=\"color: #212529;\">, <\/span><span style=\"color: #212529;\">realizou na ter\u00e7a e quarta-feira (7 e 8 de maio), a <\/span><span style=\"color: #212529;\">Semana Municipal de Preven\u00e7\u00e3o de Acidentes <\/span><span style=\"color: #212529;\">de Trabalho (Sempat) na UFScar Campus Sorocaba. <\/span><\/span><\/span><\/p>\n<p><span style=\"font-family: Arial, sans-serif;\"><span style=\"font-size: medium;\"><span style=\"color: #212529;\">Durante os encontros, foram abordados, por meio de palestra <\/span><span style=\"color: #212529;\">e roda de conversa, comportamentos no ambiente de trabalho e sa\u00fade dos profissionais na preven\u00e7\u00e3o de acidentes e \u00f3bitos em altura. <\/span><\/span><\/span><\/p>\n<p><span style=\"font-family: Arial, sans-serif;\"><span style=\"font-size: medium;\"><span style=\"color: #212529;\">O evento contou com trabalhadores, representantes sindicais, conselheiros municipais da sa\u00fade e profissionais do Cerest de Sorocaba e Regi\u00e3o. Mais de <\/span><span style=\"color: #212529;\">60<\/span><span style=\"color: #212529;\"> pessoas participaram da Sempat 2024.<\/span><\/span><\/span><\/p>\n<p><!-- Root element of PhotoSwipe. Must have class pswp. --><\/p><\/div>\n","protected":false},"excerpt":{"rendered":"<p>A Comiss\u00e3o Intersetorial de Sa\u00fade do Trabalhador e da Trabalhadora (CISTT), \u00f3rg\u00e3o que o Centro&#8230;<\/p>\n","protected":false},"author":2,"featured_media":0,"comment_status":"open","ping_status":"open","sticky":false,"template":"","format":"standard","meta":{"footnotes":""},"categories":[],"tags":[],"class_list":["post-8771","post","type-post","status-publish","format-standard","hentry"],"amp_enabled":true,"_links":{"self":[{"href":"https:\/\/ipatingafc.com.br\/index.php\/wp-json\/wp\/v2\/posts\/8771","targetHints":{"allow":["GET"]}}],"collection":[{"href":"https:\/\/ipatingafc.com.br\/index.php\/wp-json\/wp\/v2\/posts"}],"about":[{"href":"https:\/\/ipatingafc.com.br\/index.php\/wp-json\/wp\/v2\/types\/post"}],"author":[{"embeddable":true,"href":"https:\/\/ipatingafc.com.br\/index.php\/wp-json\/wp\/v2\/users\/2"}],"replies":[{"embeddable":true,"href":"https:\/\/ipatingafc.com.br\/index.php\/wp-json\/wp\/v2\/comments?post=8771"}],"version-history":[{"count":0,"href":"https:\/\/ipatingafc.com.br\/index.php\/wp-json\/wp\/v2\/posts\/8771\/revisions"}],"wp:attachment":[{"href":"https:\/\/ipatingafc.com.br\/index.php\/wp-json\/wp\/v2\/media?parent=8771"}],"wp:term":[{"taxonomy":"category","embeddable":true,"href":"https:\/\/ipatingafc.com.br\/index.php\/wp-json\/wp\/v2\/categories?post=8771"},{"taxonomy":"post_tag","embeddable":true,"href":"https:\/\/ipatingafc.com.br\/index.php\/wp-json\/wp\/v2\/tags?post=8771"}],"curies":[{"name":"wp","href":"https:\/\/api.w.org\/{rel}","templated":true}]}}