{"id":8795,"date":"2024-05-10T03:49:59","date_gmt":"2024-05-10T06:49:59","guid":{"rendered":"https:\/\/ipatingafc.com.br\/index.php\/2024\/05\/10\/cet-rio-fara-novas-interdicoes-no-transito-para-continuacao-das-obras-do-parque-piedade-prefeitura-da-cidade-do-rio-de-janeiro\/"},"modified":"2024-05-10T03:49:59","modified_gmt":"2024-05-10T06:49:59","slug":"cet-rio-fara-novas-interdicoes-no-transito-para-continuacao-das-obras-do-parque-piedade-prefeitura-da-cidade-do-rio-de-janeiro","status":"publish","type":"post","link":"https:\/\/ipatingafc.com.br\/index.php\/2024\/05\/10\/cet-rio-fara-novas-interdicoes-no-transito-para-continuacao-das-obras-do-parque-piedade-prefeitura-da-cidade-do-rio-de-janeiro\/","title":{"rendered":"CET-Rio far\u00e1 novas interdi\u00e7\u00f5es no tr\u00e2nsito para continua\u00e7\u00e3o das obras do Parque Piedade &#8211; Prefeitura da Cidade do Rio de Janeiro"},"content":{"rendered":"<p><\/p>\n<div id=\"main\">\n<div class=\"wrapper-breadcrumbs\" wp_automatic_readability=\"33.321994408201\">\n<div class=\"image-post\">\n                     <img loading=\"lazy\" decoding=\"async\" width=\"1600\" height=\"1167\" srcset=\"https:\/\/prefeitura.rio\/wp-content\/uploads\/2024\/05\/WhatsApp-Image-2024-05-08-at-09.54.11.jpeg 1600w, https:\/\/prefeitura.rio\/wp-content\/uploads\/2024\/05\/WhatsApp-Image-2024-05-08-at-09.54.11-360x263.jpeg 360w, https:\/\/prefeitura.rio\/wp-content\/uploads\/2024\/05\/WhatsApp-Image-2024-05-08-at-09.54.11-600x438.jpeg 600w, https:\/\/prefeitura.rio\/wp-content\/uploads\/2024\/05\/WhatsApp-Image-2024-05-08-at-09.54.11-768x560.jpeg 768w, https:\/\/prefeitura.rio\/wp-content\/uploads\/2024\/05\/WhatsApp-Image-2024-05-08-at-09.54.11-1536x1120.jpeg 1536w\" src=\"https:\/\/prefeitura.rio\/wp-content\/uploads\/2024\/05\/WhatsApp-Image-2024-05-08-at-09.54.11.jpeg\" class=\"attachment-post-thumbnail size-post-thumbnail wp-post-image lazyload\" alt=\"\" sizes=\"auto, (max-width: 1600px) 100vw, 1600px\"\/>                  <\/div>\n<p>A CET-Rio informa que, a partir das 10h de s\u00e1bado (11\/5) at\u00e9 31 de maio, ser\u00e1 realizada uma nova etapa das obras do Parque Piedade, no bairro de Piedade, que resultar\u00e1 nas seguintes altera\u00e7\u00f5es:<\/p>\n<p>\u2013 Interdi\u00e7\u00e3o total da Rua\u00a0 Xavier dos P\u00e1ssaros, entre as Ruas Martins Costa e Dr Luiz Masson.<\/p>\n<p>\u2013 Interdi\u00e7\u00e3o parcial\u00a0 da Rua Viana Junior, entre a Rua Manoel Vitorino e o final da rua Viana Junior.<\/p>\n<p>A obra est\u00e1 sendo executada pela Secretaria Municipal de Infraestrutura. A CET-Rio elaborou um planejamento operacional de tr\u00e2nsito, de forma a permitir a realiza\u00e7\u00e3o do servi\u00e7o e minimizar os impactos \u00e0 fluidez do tr\u00e1fego nas imedia\u00e7\u00f5es.<\/p>\n<p>Sinaliza\u00e7\u00e3o vertical de regulamenta\u00e7\u00e3o de obras e de orienta\u00e7\u00e3o ser\u00e1 implantada no entorno da \u00e1rea a ser interditada e alterada. Operadores terceirizados atuar\u00e3o nos pontos de desvio para orientar os motoristas e promover a fluidez vi\u00e1ria.<\/p>\n<p>\u00a0<\/p>\n<p><strong>Moradores<\/strong><\/p>\n<p>O acesso de moradores e ve\u00edculos de servi\u00e7o permanecer\u00e1 preservado.<\/p>\n<p>T\u00e9cnicos da CET-Rio que atuam no Centro de Opera\u00e7\u00f5es Rio (COR) realizar\u00e3o o monitoramento das principais vias durante todo o per\u00edodo da interdi\u00e7\u00e3o, de forma a agir rapidamente em quaisquer ocorr\u00eancias.<\/p>\n<p>\u00a0<\/p>\n<p><strong>Recomenda\u00e7\u00f5es importantes<\/strong><\/p>\n<p>\u2013 A utiliza\u00e7\u00e3o do transporte p\u00fablico de alta e m\u00e9dia capacidade \u00e9 a melhor alternativa para seus deslocamentos.<\/p>\n<p>\u2013 O atendimento \u00e0s orienta\u00e7\u00f5es dos agentes de tr\u00e2nsito \u00e9 imprescind\u00edvel para a minimizar dos impactos e manuten\u00e7\u00e3o da fluidez do tr\u00e2nsito<\/p>\n<p>             <!-- Compartilhe ---><\/p>\n<p>\t\t\t <!-- TAGS --><\/p>\n<section class=\"category-tags\">\n<div class=\"marcacao-category\">\n<article class=\"category-post\">\n<p>Categoria: <\/p>\n<\/article>\n<li>9 de maio de 2024<\/li><\/div>\n<article class=\"tags\">\n\t\t\t\t\tMarca\u00e7\u00f5es: CET-Rio Interdi\u00e7\u00e3o obra Parque Piedade tr\u00e2nsito<br \/><\/article>\n<\/section>\n<p>            <!-- Mais Not&iacute;cias --><\/p>\n<p>\t\t<!-- Conte&uacute;do SIDEBAR --><\/p><\/div>\n<\/p><\/div>\n","protected":false},"excerpt":{"rendered":"<p>A CET-Rio informa que, a partir das 10h de s\u00e1bado (11\/5) at\u00e9 31 de maio,&#8230;<\/p>\n","protected":false},"author":2,"featured_media":0,"comment_status":"open","ping_status":"open","sticky":false,"template":"","format":"standard","meta":{"footnotes":""},"categories":[],"tags":[],"class_list":["post-8795","post","type-post","status-publish","format-standard","hentry"],"amp_enabled":true,"_links":{"self":[{"href":"https:\/\/ipatingafc.com.br\/index.php\/wp-json\/wp\/v2\/posts\/8795","targetHints":{"allow":["GET"]}}],"collection":[{"href":"https:\/\/ipatingafc.com.br\/index.php\/wp-json\/wp\/v2\/posts"}],"about":[{"href":"https:\/\/ipatingafc.com.br\/index.php\/wp-json\/wp\/v2\/types\/post"}],"author":[{"embeddable":true,"href":"https:\/\/ipatingafc.com.br\/index.php\/wp-json\/wp\/v2\/users\/2"}],"replies":[{"embeddable":true,"href":"https:\/\/ipatingafc.com.br\/index.php\/wp-json\/wp\/v2\/comments?post=8795"}],"version-history":[{"count":0,"href":"https:\/\/ipatingafc.com.br\/index.php\/wp-json\/wp\/v2\/posts\/8795\/revisions"}],"wp:attachment":[{"href":"https:\/\/ipatingafc.com.br\/index.php\/wp-json\/wp\/v2\/media?parent=8795"}],"wp:term":[{"taxonomy":"category","embeddable":true,"href":"https:\/\/ipatingafc.com.br\/index.php\/wp-json\/wp\/v2\/categories?post=8795"},{"taxonomy":"post_tag","embeddable":true,"href":"https:\/\/ipatingafc.com.br\/index.php\/wp-json\/wp\/v2\/tags?post=8795"}],"curies":[{"name":"wp","href":"https:\/\/api.w.org\/{rel}","templated":true}]}}