{"id":8797,"date":"2024-05-10T04:36:27","date_gmt":"2024-05-10T07:36:27","guid":{"rendered":"https:\/\/ipatingafc.com.br\/index.php\/2024\/05\/10\/agencia-minas-gerais-governo-de-minas-participa-de-seminario-que-analisa-combate-a-desertificacao-no-brasil\/"},"modified":"2024-05-10T04:36:27","modified_gmt":"2024-05-10T07:36:27","slug":"agencia-minas-gerais-governo-de-minas-participa-de-seminario-que-analisa-combate-a-desertificacao-no-brasil","status":"publish","type":"post","link":"https:\/\/ipatingafc.com.br\/index.php\/2024\/05\/10\/agencia-minas-gerais-governo-de-minas-participa-de-seminario-que-analisa-combate-a-desertificacao-no-brasil\/","title":{"rendered":"Ag\u00eancia Minas Gerais | Governo de Minas participa de semin\u00e1rio que analisa combate \u00e0 desertifica\u00e7\u00e3o no Brasil"},"content":{"rendered":"<p><\/p>\n<div>\n<p>O Governo de Minas esteve no Semin\u00e1rio Estadual do Programa Brasileiro de Combate \u00e0 Desertifica\u00e7\u00e3o e Mitiga\u00e7\u00e3o aos Efeitos da Seca (PAB Brasil), realizado durante dois dias em Montes Claros, no Norte do estado.\u00a0O encontro buscou analisar e debater pol\u00edticas de combate \u00e0 desertifica\u00e7\u00e3o e conviv\u00eancia com a seca na regi\u00e3o, e o Executivo estadual foi representado pelo Sistema Estadual de Meio Ambiente e Recursos H\u00eddricos (Sisema).<\/p>\n<p>O primeiro dia de encontro contou com a apresenta\u00e7\u00e3o do hist\u00f3rico da implementa\u00e7\u00e3o do Plano de A\u00e7\u00e3o Brasileiro, elaborado em 2004, al\u00e9m de uma contextualiza\u00e7\u00e3o da situa\u00e7\u00e3o ambiental em Minas Gerais, com apresenta\u00e7\u00e3o de pol\u00edticas e programas em desenvolvimento pelo poder p\u00fablico estadual. Poder p\u00fablico e sociedade civil organizada tamb\u00e9m tiveram a oportunidade de citar as li\u00e7\u00f5es aprendidas no que diz respeito \u00e0 recupera\u00e7\u00e3o ambiental e produtiva, al\u00e9m dos canais e oportunidades de comercializa\u00e7\u00e3o dos produtos da sociobiodiversidade do cerrado e da caatinga.<\/p>\n<p><strong>Di\u00e1logo<\/strong><\/p>\n<p>Ao todo, 80 pessoas entre sociedade civil, movimentos sociais, povos e comunidades tradicionais, al\u00e9m de membros da iniciativa privada e do poder p\u00fablico de todas as esferas participaram do encontro, finalizado nesta quinta-feira (9\/5).\u00a0Pelo Sisema, o Instituto Estadual de Florestas (IEF) \u00e9 o ponto focal para interlocu\u00e7\u00e3o junto ao Minist\u00e9rio do Meio Ambiente e Mudan\u00e7a do Clima para assuntos ligados ao combate \u00e0 desertifica\u00e7\u00e3o e mitiga\u00e7\u00e3o dos efeitos da seca.<\/p>\n<p>\u201cEsse \u00e9 um momento muito prop\u00edcio para gerar sinergia entre as diversas a\u00e7\u00f5es em desenvolvimento no estado e para constru\u00e7\u00e3o do Plano de A\u00e7\u00e3o Brasileiro que contemple as especificidades de Minas Gerais\u201d, afirma a analista ambiental do IEF, Janaina Mendon\u00e7a Pereira.<\/p>\n<p>O semin\u00e1rio \u00e9 o nono\u00a0de dez encontros estaduais previstos no PAB Brasil. Em cada reuni\u00e3o, os povos de determinadas regi\u00f5es s\u00e3o ouvidos e poss\u00edveis solu\u00e7\u00f5es para combater a seca no pa\u00eds s\u00e3o debatidas. Ao final dos semin\u00e1rios, as propostas s\u00e3o reunidas em um documento final e \u00fanico, que re\u00fane medidas previstas para os pr\u00f3ximos 20 anos.<\/p>\n<p>O Plano de A\u00e7\u00e3o Brasileiro de Combate \u00e0 Desertifica\u00e7\u00e3o e Mitiga\u00e7\u00e3o dos Efeitos da Seca tem intuito de propor e planejar a\u00e7\u00f5es estrat\u00e9gicas concretas de curto, m\u00e9dio e longo prazos para combater a desertifica\u00e7\u00e3o, mitigar os efeitos das secas e prevenir e reverter os quadros de degrada\u00e7\u00e3o da terra.<\/p>\n<\/p><\/div>\n","protected":false},"excerpt":{"rendered":"<p>O Governo de Minas esteve no Semin\u00e1rio Estadual do Programa Brasileiro de Combate \u00e0 Desertifica\u00e7\u00e3o&#8230;<\/p>\n","protected":false},"author":2,"featured_media":0,"comment_status":"open","ping_status":"open","sticky":false,"template":"","format":"standard","meta":{"footnotes":""},"categories":[],"tags":[],"class_list":["post-8797","post","type-post","status-publish","format-standard","hentry"],"amp_enabled":true,"_links":{"self":[{"href":"https:\/\/ipatingafc.com.br\/index.php\/wp-json\/wp\/v2\/posts\/8797","targetHints":{"allow":["GET"]}}],"collection":[{"href":"https:\/\/ipatingafc.com.br\/index.php\/wp-json\/wp\/v2\/posts"}],"about":[{"href":"https:\/\/ipatingafc.com.br\/index.php\/wp-json\/wp\/v2\/types\/post"}],"author":[{"embeddable":true,"href":"https:\/\/ipatingafc.com.br\/index.php\/wp-json\/wp\/v2\/users\/2"}],"replies":[{"embeddable":true,"href":"https:\/\/ipatingafc.com.br\/index.php\/wp-json\/wp\/v2\/comments?post=8797"}],"version-history":[{"count":0,"href":"https:\/\/ipatingafc.com.br\/index.php\/wp-json\/wp\/v2\/posts\/8797\/revisions"}],"wp:attachment":[{"href":"https:\/\/ipatingafc.com.br\/index.php\/wp-json\/wp\/v2\/media?parent=8797"}],"wp:term":[{"taxonomy":"category","embeddable":true,"href":"https:\/\/ipatingafc.com.br\/index.php\/wp-json\/wp\/v2\/categories?post=8797"},{"taxonomy":"post_tag","embeddable":true,"href":"https:\/\/ipatingafc.com.br\/index.php\/wp-json\/wp\/v2\/tags?post=8797"}],"curies":[{"name":"wp","href":"https:\/\/api.w.org\/{rel}","templated":true}]}}