{"id":8799,"date":"2024-05-10T05:23:07","date_gmt":"2024-05-10T08:23:07","guid":{"rendered":"https:\/\/ipatingafc.com.br\/index.php\/2024\/05\/10\/conheca-as-mulheres-retratadas-em-obras-de-arte\/"},"modified":"2024-05-10T05:23:07","modified_gmt":"2024-05-10T08:23:07","slug":"conheca-as-mulheres-retratadas-em-obras-de-arte","status":"publish","type":"post","link":"https:\/\/ipatingafc.com.br\/index.php\/2024\/05\/10\/conheca-as-mulheres-retratadas-em-obras-de-arte\/","title":{"rendered":"conhe\u00e7a as mulheres retratadas em obras de arte"},"content":{"rendered":"<p><\/p>\n<div id=\"\">&#13;<\/p>\n<p>O Pal\u00e1cio dos Bandeirantes, sede do governo de S\u00e3o Paulo, recebe a exposi\u00e7\u00e3o \u201cPovo, Terra e Trabalho\u201d desde abril. Gratuita, a mostra tem obras de destaque, como a \u201cOper\u00e1rios\u201d, de Tarsila do Amaral. Al\u00e9m da modernista, o Acervo Art\u00edstico-Cultural dos Pal\u00e1cios do Governo homenageia uma s\u00e9rie de outras mulheres, tanto na autoria quanto no retrato das obras.<\/p>\n<p>\u201cPerceber a representatividade feminina no Acervo dos Pal\u00e1cios reafirma a import\u00e2ncia da mulher no circuito art\u00edstico nacional. Os retratos e autorretratos tornam ainda mais interessante\u201d, comenta Rachel Vallego, curadora do Acervo Art\u00edstico-Cultural. Conhe\u00e7a algumas dessas hist\u00f3rias protagonizadas por mulheres.<\/p>\n<p><strong>\u201cAutorretrato I\u201d, de Tarsila do Amaral, 1924<\/strong><\/p>\n<figure id=\"attachment_5881618\" style=\"width: 100%;max-width: 925px\" class=\"wp-caption aligncenter\"><img decoding=\"async\" loading=\"lazy\" class=\"size-full wp-image-5881618\" src=\"https:\/\/www.saopaulo.sp.gov.br\/wp-content\/uploads\/2024\/05\/14054-4.jpg\" alt=\"\" width=\"925\" height=\"1000\" srcset=\"https:\/\/www.saopaulo.sp.gov.br\/wp-content\/uploads\/2024\/05\/14054-4.jpg 925w, https:\/\/www.saopaulo.sp.gov.br\/wp-content\/uploads\/2024\/05\/14054-4-278x300.jpg 278w, https:\/\/www.saopaulo.sp.gov.br\/wp-content\/uploads\/2024\/05\/14054-4-768x830.jpg 768w\" sizes=\"auto, (max-width: 925px) 100vw, 925px\"\/><figcaption class=\"wp-caption-text\">\u00d3leo sobre cart\u00e3o sobre placa de aglomerado de madeira\/Imagem: Acervo Art\u00edstico-Cultural dos Pal\u00e1cios do Governo do Estado de S\u00e3o Paulo<\/figcaption><\/figure>\n<p>O autorretrato de Tarsila do Amaral integra a cole\u00e7\u00e3o de arte moderna do Acervo dos Pal\u00e1cios, que possui obras de importantes artistas modernistas como Di Cavalcanti, Portinari e Victor Brecheret. Al\u00e9m da obra \u201cAutorretrato I\u201d, onde Tarsila representa a si mesma, a cole\u00e7\u00e3o possui grandes artistas modernistas como Anita Malfatti, Regina Gomide Graz, Djanira da Motta e Silva, No\u00eamia Mour\u00e3o e Wega Nery.<\/p>\n<p>Feito em 1924, entre idas e vindas do Brasil \u00e0 Europa, o autorretrato de Tarsila do Amaral corresponde \u00e0 fase art\u00edstica denominada \u201cPau-Brasil\u201d da autora. Nesse momento, Tarsila representou a sociedade brasileira, rural e urbana, em suas telas. Al\u00e9m das cores, outro destaque \u00e9 a est\u00e9tica cubista que Tarsila desenvolveu em suas viagens a Paris, na Fran\u00e7a.<\/p>\n<p><strong>\u201cRetrato de Fernanda de Castro\u201d, de Tarsila do Amaral, 1922<\/strong><\/p>\n<figure id=\"attachment_5881620\" style=\"width: 100%;max-width: 350px\" class=\"wp-caption aligncenter\"><img decoding=\"async\" loading=\"lazy\" class=\"size-full wp-image-5881620\" src=\"https:\/\/www.saopaulo.sp.gov.br\/wp-content\/uploads\/2024\/05\/15629-2-1.jpg\" alt=\"\" width=\"350\" height=\"475\" srcset=\"https:\/\/www.saopaulo.sp.gov.br\/wp-content\/uploads\/2024\/05\/15629-2-1.jpg 350w, https:\/\/www.saopaulo.sp.gov.br\/wp-content\/uploads\/2024\/05\/15629-2-1-221x300.jpg 221w\" sizes=\"auto, (max-width: 350px) 100vw, 350px\"\/><figcaption class=\"wp-caption-text\">\u00d3leo sobre tela\/Imagem: Acervo Art\u00edstico-Cultural dos Pal\u00e1cios do Governo do Estado de S\u00e3o Paulo<\/figcaption><\/figure>\n<p>Fernanda de Castro foi uma poetisa e romancista portuguesa. Al\u00e9m disso, tamb\u00e9m se dedicou ao teatro, \u00e0 fic\u00e7\u00e3o, \u00e0 tradu\u00e7\u00e3o e \u00e0 literatura infantil. Suas produ\u00e7\u00f5es incluem m\u00fasicas para fado, um g\u00eanero musical portugu\u00eas, marchas e can\u00e7\u00f5es infantis. Em 1922, foi retratada por sua amiga Tarsila do Amaral, obra que hoje faz parte do Acervo Art\u00edstico do Pal\u00e1cio.<\/p>\n<p>Fernanda de Castro foi uma das fundadoras da Sociedade Portuguesa de Autores. Suas obras abordam a condi\u00e7\u00e3o feminina na sociedade da \u00e9poca, com tra\u00e7os de alegria e otimismo.<\/p>\n<p><strong>\u201cRetrato de Anna Maria Fiocca\u201d, de Fl\u00e1vio de Carvalho, 1951<\/strong><\/p>\n<figure id=\"attachment_5881623\" style=\"width: 100%;max-width: 951px\" class=\"wp-caption aligncenter\"><img decoding=\"async\" loading=\"lazy\" class=\"size-full wp-image-5881623\" src=\"https:\/\/www.saopaulo.sp.gov.br\/wp-content\/uploads\/2024\/05\/14081-4.jpg\" alt=\"\" width=\"951\" height=\"1000\" srcset=\"https:\/\/www.saopaulo.sp.gov.br\/wp-content\/uploads\/2024\/05\/14081-4.jpg 951w, https:\/\/www.saopaulo.sp.gov.br\/wp-content\/uploads\/2024\/05\/14081-4-285x300.jpg 285w, https:\/\/www.saopaulo.sp.gov.br\/wp-content\/uploads\/2024\/05\/14081-4-768x808.jpg 768w\" sizes=\"auto, (max-width: 951px) 100vw, 951px\"\/><figcaption class=\"wp-caption-text\">\u00d3leo sobre tela\/Imagem: Acervo Art\u00edstico-Cultural dos Pal\u00e1cios do Governo do Estado de S\u00e3o Paulo<\/figcaption><\/figure>\n<p>As cores exuberantes e a postura altiva que Fl\u00e1vio de Carvalho usa para representar Anna Maria Fiocca fazem jus ao papel da galerista na arte brasileira. A relev\u00e2ncia de Anna Maria em muito se deu pelo seu papel na funda\u00e7\u00e3o da Galeria Domus, que tamb\u00e9m contou com a participa\u00e7\u00e3o de seu marido, Pasquale Fiocca. Mais tarde, ela ficou conhecida pela inaugura\u00e7\u00e3o da galeria S\u00e3o Luis.<\/p>\n<p>Durante seus cinco anos de exist\u00eancia e 91 exibi\u00e7\u00f5es, a Galeria Domus foi o principal espa\u00e7o de exposi\u00e7\u00e3o de arte moderna de S\u00e3o Paulo, sendo refer\u00eancia para o mercado de arte moderna no estado. A sede da Galeria Domus ficava no t\u00e9rreo do edif\u00edcio Ana Paula Leite de Barros, na esquina da Pra\u00e7a da Rep\u00fablica com a Avenida Vieira de Carvalho, na capital paulista.<\/p>\n<p><strong>\u201cRetrato de Adalgisa Nery, de Ismael Nery, 1930\u201d<\/strong><\/p>\n<figure id=\"attachment_5881629\" style=\"width: 100%;max-width: 882px\" class=\"wp-caption aligncenter\"><img decoding=\"async\" loading=\"lazy\" class=\"size-full wp-image-5881629\" src=\"https:\/\/www.saopaulo.sp.gov.br\/wp-content\/uploads\/2024\/05\/15987-4.jpg\" alt=\"\" width=\"882\" height=\"1000\" srcset=\"https:\/\/www.saopaulo.sp.gov.br\/wp-content\/uploads\/2024\/05\/15987-4.jpg 882w, https:\/\/www.saopaulo.sp.gov.br\/wp-content\/uploads\/2024\/05\/15987-4-265x300.jpg 265w, https:\/\/www.saopaulo.sp.gov.br\/wp-content\/uploads\/2024\/05\/15987-4-768x871.jpg 768w\" sizes=\"auto, (max-width: 882px) 100vw, 882px\"\/><figcaption class=\"wp-caption-text\">\u00d3leo sobre cart\u00e3o\/Imagem: Acervo Art\u00edstico-Cultural dos Pal\u00e1cios do Governo do Estado de S\u00e3o Paulo<\/figcaption><\/figure>\n<p>A poetisa brasileira Adalgisa Nery \u00e9 aqui representada em tra\u00e7os surrealistas por seu marido Ismael Nery. Adalgisa foi escritora, poetisa, jornalista e at\u00e9 chegou a ingressar na pol\u00edtica, como deputada. Uma de suas obras liter\u00e1rias de destaque \u00e9 a autofic\u00e7\u00e3o \u201cA Imagin\u00e1ria\u201d, em que aborda, entre outros temas, sua rela\u00e7\u00e3o com Ismael Nery.<\/p>\n<p><strong>\u201cDaisy, de Victor Brecheret, 1921\u201d<\/strong><\/p>\n<figure id=\"attachment_5881630\" style=\"width: 100%;max-width: 800px\" class=\"wp-caption aligncenter\"><img decoding=\"async\" loading=\"lazy\" class=\"size-full wp-image-5881630\" src=\"https:\/\/www.saopaulo.sp.gov.br\/wp-content\/uploads\/2024\/05\/21572-2-1.jpg\" alt=\"\" width=\"800\" height=\"798\" srcset=\"https:\/\/www.saopaulo.sp.gov.br\/wp-content\/uploads\/2024\/05\/21572-2-1.jpg 800w, https:\/\/www.saopaulo.sp.gov.br\/wp-content\/uploads\/2024\/05\/21572-2-1-300x300.jpg 300w, https:\/\/www.saopaulo.sp.gov.br\/wp-content\/uploads\/2024\/05\/21572-2-1-768x766.jpg 768w\" sizes=\"auto, (max-width: 800px) 100vw, 800px\"\/><figcaption class=\"wp-caption-text\">M\u00e1rmore\/Imagem: Acervo Art\u00edstico-Cultural dos Pal\u00e1cios do Governo do Estado de S\u00e3o Paulo<\/figcaption><\/figure>\n<p>Al\u00e9m de pinturas, o Acervo Art\u00edstico do Pal\u00e1cio dos Bandeirantes conta com esculturas. Em Daisy, o escultor \u00edtalo-brasileiro representa a primeira esposa do escritor Oswald de Andrade, Maria de Lourdes Castro Dolzani de Andrade. Conhecida tamb\u00e9m como Daisy, ela era estudante da Escola Normal e aspirante a escritora.<\/p>\n<p>Daisy, ou ainda Miss Cyclone, lutava para conquistar espa\u00e7o no c\u00edrculo masculino de escritores e jornalistas durante o in\u00edcio do s\u00e9culo 20. A representa\u00e7\u00e3o de Victor Brecheret, feita em 1920, imortaliza Daisy com a t\u00e9cnica que adquiriu de sua forma\u00e7\u00e3o acad\u00eamica na It\u00e1lia.<\/p>\n<p><strong>Sobre o Acervo dos Pal\u00e1cios e o Pal\u00e1cio dos Bandeirantes<\/strong><\/p>\n<p>O Acervo dos Pal\u00e1cios \u00e9 respons\u00e1vel pela conserva\u00e7\u00e3o, exposi\u00e7\u00e3o e divulga\u00e7\u00e3o das obras de arte e objetos hist\u00f3ricos do Pal\u00e1cio dos Bandeirantes, em S\u00e3o Paulo, e do Pal\u00e1cio Boa Vista, em Campos do Jord\u00e3o. Com cerca de 5 mil pe\u00e7as, as cole\u00e7\u00f5es possuem obras de arte e objetos hist\u00f3ricos de diversas regi\u00f5es do Brasil e do mundo.<\/p>\n<p><strong>Hor\u00e1rios de visita\u00e7\u00e3o ao Pal\u00e1cio dos Bandeirantes<\/strong><br \/>Segunda \u00e0 sexta-feira, das 10h \u00e0s 16h.<br \/>S\u00e1bado, somente para grupos acima de 10 pessoas, \u00e0s 10h ou \u00e0s 14h.<br \/>O agendamento pr\u00e9vio \u00e9 necess\u00e1rio para todas as visitas.<\/p>\n<p>Para visitar o Acervo, voc\u00ea pode enviar um e-mail para monitoria@sp.gov.br. A entrada \u00e9 gratuita.<\/p>\n<\/p><\/div>\n","protected":false},"excerpt":{"rendered":"<p>&#13; O Pal\u00e1cio dos Bandeirantes, sede do governo de S\u00e3o Paulo, recebe a exposi\u00e7\u00e3o \u201cPovo,&#8230;<\/p>\n","protected":false},"author":2,"featured_media":0,"comment_status":"open","ping_status":"open","sticky":false,"template":"","format":"standard","meta":{"footnotes":""},"categories":[],"tags":[],"class_list":["post-8799","post","type-post","status-publish","format-standard","hentry"],"amp_enabled":true,"_links":{"self":[{"href":"https:\/\/ipatingafc.com.br\/index.php\/wp-json\/wp\/v2\/posts\/8799","targetHints":{"allow":["GET"]}}],"collection":[{"href":"https:\/\/ipatingafc.com.br\/index.php\/wp-json\/wp\/v2\/posts"}],"about":[{"href":"https:\/\/ipatingafc.com.br\/index.php\/wp-json\/wp\/v2\/types\/post"}],"author":[{"embeddable":true,"href":"https:\/\/ipatingafc.com.br\/index.php\/wp-json\/wp\/v2\/users\/2"}],"replies":[{"embeddable":true,"href":"https:\/\/ipatingafc.com.br\/index.php\/wp-json\/wp\/v2\/comments?post=8799"}],"version-history":[{"count":0,"href":"https:\/\/ipatingafc.com.br\/index.php\/wp-json\/wp\/v2\/posts\/8799\/revisions"}],"wp:attachment":[{"href":"https:\/\/ipatingafc.com.br\/index.php\/wp-json\/wp\/v2\/media?parent=8799"}],"wp:term":[{"taxonomy":"category","embeddable":true,"href":"https:\/\/ipatingafc.com.br\/index.php\/wp-json\/wp\/v2\/categories?post=8799"},{"taxonomy":"post_tag","embeddable":true,"href":"https:\/\/ipatingafc.com.br\/index.php\/wp-json\/wp\/v2\/tags?post=8799"}],"curies":[{"name":"wp","href":"https:\/\/api.w.org\/{rel}","templated":true}]}}