{"id":8801,"date":"2024-05-10T06:10:51","date_gmt":"2024-05-10T09:10:51","guid":{"rendered":"https:\/\/ipatingafc.com.br\/index.php\/2024\/05\/10\/sorocaba-se-inscreve-em-programa-federal-e-e-contemplada-para-aquisicao-de-50-onibus-eletricos-agencia-de-noticias\/"},"modified":"2024-05-10T06:10:51","modified_gmt":"2024-05-10T09:10:51","slug":"sorocaba-se-inscreve-em-programa-federal-e-e-contemplada-para-aquisicao-de-50-onibus-eletricos-agencia-de-noticias","status":"publish","type":"post","link":"https:\/\/ipatingafc.com.br\/index.php\/2024\/05\/10\/sorocaba-se-inscreve-em-programa-federal-e-e-contemplada-para-aquisicao-de-50-onibus-eletricos-agencia-de-noticias\/","title":{"rendered":"Sorocaba se inscreve em programa federal e \u00e9 contemplada para aquisi\u00e7\u00e3o de 50 \u00f4nibus el\u00e9tricos \u2013 Ag\u00eancia de Not\u00edcias"},"content":{"rendered":"<p><\/p>\n<div wp_automatic_readability=\"97\">\n<p><img loading=\"lazy\" decoding=\"async\" class=\"aligncenter wp-image-137597 size-large\" src=\"http:\/\/noticias.sorocaba.sp.gov.br\/wp-content\/uploads\/2024\/05\/noticias.sorocaba.sp.gov.br-sorocaba-se-inscreve-em-programa-federal-e-e-contemplada-para-aquisicao-de-50-onibus-eletricos-eletrico-2-1024x683.jpg\" alt=\"\" width=\"1024\" height=\"683\" srcset=\"https:\/\/noticias.sorocaba.sp.gov.br\/wp-content\/uploads\/2024\/05\/noticias.sorocaba.sp.gov.br-sorocaba-se-inscreve-em-programa-federal-e-e-contemplada-para-aquisicao-de-50-onibus-eletricos-eletrico-2-1024x683.jpg 1024w, https:\/\/noticias.sorocaba.sp.gov.br\/wp-content\/uploads\/2024\/05\/noticias.sorocaba.sp.gov.br-sorocaba-se-inscreve-em-programa-federal-e-e-contemplada-para-aquisicao-de-50-onibus-eletricos-eletrico-2-300x200.jpg 300w, https:\/\/noticias.sorocaba.sp.gov.br\/wp-content\/uploads\/2024\/05\/noticias.sorocaba.sp.gov.br-sorocaba-se-inscreve-em-programa-federal-e-e-contemplada-para-aquisicao-de-50-onibus-eletricos-eletrico-2-768x512.jpg 768w\" sizes=\"auto, (max-width: 1024px) 100vw, 1024px\"\/><\/p>\n<p>\u00a0<\/p>\n<p><em><strong>Fotos:\u00a0 Arquivo\/Secom<\/strong><\/em><\/p>\n<p>\u00a0<\/p>\n<p>A Prefeitura de Sorocaba, por meio da Urbes \u2013 Tr\u00e2nsito e Transportes, ser\u00e1 beneficiada com a aquisi\u00e7\u00e3o de 50 \u00f4nibus novos zero quil\u00f4metros, 100% el\u00e9tricos, via financiamento do Novo Programa de Acelera\u00e7\u00e3o do Crescimento \u2013 PAC Sele\u00e7\u00f5es, do Governo Federal, na categoria Modalidade Urbana Sustent\u00e1vel. A proposta da cidade foi encaminhada em janeiro deste ano e o an\u00fancio dos munic\u00edpios contemplados ocorreu na quarta-feira (8), durante evento em Bras\u00edlia.<\/p>\n<p>A Prefeitura de Sorocaba, al\u00e9m dos 50 \u00f4nibus, tamb\u00e9m ir\u00e1 adquirir 10 carregadores, em um investimento total que soma R$ 150 milh\u00f5es, utilizando-se de recursos de fundo perdido da Uni\u00e3o, que ter\u00e3o pequena contrapartida do munic\u00edpio. O pr\u00f3ximo passo ser\u00e1 a convoca\u00e7\u00e3o do munic\u00edpio para an\u00e1lise das condi\u00e7\u00f5es, para a libera\u00e7\u00e3o do repasse financeiro e in\u00edcio da entrega da frota, sem data ainda definida.<\/p>\n<p>Todas as etapas do processo s\u00e3o encabe\u00e7adas pelo Minist\u00e9rio de Desenvolvimento Regional (MDR). Todas as negocia\u00e7\u00f5es e pedidos foram feitos direto entre o Munic\u00edpio, no caso de Sorocaba a Urbes, com o Minist\u00e9rio, mais o apoio de deputados.<\/p>\n<p>Segundo a Urbes, a medida rec\u00e9m-anunciada \u00e9 vantajosa para o Munic\u00edpio que, al\u00e9m de ser um dos pioneiros na operacionaliza\u00e7\u00e3o de \u00f4nibus el\u00e9trico, o que \u00e9 bom para o meio ambiente, implicar\u00e1 em redu\u00e7\u00e3o de custos na opera\u00e7\u00e3o do transporte coletivo.<\/p>\n<p>No momento, Sorocaba j\u00e1 conta com 47 \u00f4nibus com tecnologia Euro 6, com menor emiss\u00e3o de poluentes e tr\u00eas \u00f4nibus el\u00e9tricos. A frota total do transporte p\u00fablico coletivo no munic\u00edpio soma 418 ve\u00edculos, atuando em 132 linhas, operadas pelas empresas BRT Sorocaba, Consor e City. No ano 2000 eram 300 \u00f4nibus, em 109 linhas, ou seja, atualmente s\u00e3o 118 ve\u00edculos do tipo a mais, em circula\u00e7\u00e3o.<\/p>\n<p>Ao todo, 532 munic\u00edpios brasileiros ser\u00e3o atendidos, com um montante de R$ 18,3 bilh\u00f5es do\u00a0PAC Sele\u00e7\u00f5es Cidades, nas \u00e1reas Abastecimento de \u00c1gua, Urbaniza\u00e7\u00e3o de Favelas, Preven\u00e7\u00e3o a Desastres Naturais, Regulariza\u00e7\u00e3o Fundi\u00e1ria e Renova\u00e7\u00e3o de Frota. Somente nesse \u00faltimo segmento, ser\u00e3o viabilizados 2.529 \u00f4nibus el\u00e9tricos, 2.782 \u00f4nibus Modelo Euro 6 e 39 ve\u00edculos sob trilhos.<\/p>\n<p>\u00a0<\/p>\n<div class=\"pms-galeria\" itemscope=\"\" itemtype=\"http:\/\/schema.org\/ImageGallery\">\n<p>\t\t<img decoding=\"async\" src=\"https:\/\/noticias.sorocaba.sp.gov.br\/wp-content\/uploads\/2024\/05\/noticias.sorocaba.sp.gov.br-sorocaba-se-inscreve-em-programa-federal-e-e-contemplada-para-aquisicao-de-50-onibus-eletricos-eletrico-2-300x200.jpg\" width=\"300\" height=\"\"\/><br \/>\n\t\t<span itemprop=\"caption description\" style=\"display: none;\"\/><\/p>\n<p>\t\t<img decoding=\"async\" src=\"https:\/\/noticias.sorocaba.sp.gov.br\/wp-content\/uploads\/2024\/05\/noticias.sorocaba.sp.gov.br-sorocaba-se-inscreve-em-programa-federal-e-e-contemplada-para-aquisicao-de-50-onibus-eletricos-eletrico-300x200.jpg\" width=\"300\" height=\"\"\/><br \/>\n\t\t<span itemprop=\"caption description\" style=\"display: none;\"\/><\/p><\/div>\n<p><!-- Root element of PhotoSwipe. Must have class pswp. --><\/p><\/div>\n","protected":false},"excerpt":{"rendered":"<p>\u00a0 Fotos:\u00a0 Arquivo\/Secom \u00a0 A Prefeitura de Sorocaba, por meio da Urbes \u2013 Tr\u00e2nsito e&#8230;<\/p>\n","protected":false},"author":2,"featured_media":0,"comment_status":"open","ping_status":"open","sticky":false,"template":"","format":"standard","meta":{"footnotes":""},"categories":[],"tags":[],"class_list":["post-8801","post","type-post","status-publish","format-standard","hentry"],"amp_enabled":true,"_links":{"self":[{"href":"https:\/\/ipatingafc.com.br\/index.php\/wp-json\/wp\/v2\/posts\/8801","targetHints":{"allow":["GET"]}}],"collection":[{"href":"https:\/\/ipatingafc.com.br\/index.php\/wp-json\/wp\/v2\/posts"}],"about":[{"href":"https:\/\/ipatingafc.com.br\/index.php\/wp-json\/wp\/v2\/types\/post"}],"author":[{"embeddable":true,"href":"https:\/\/ipatingafc.com.br\/index.php\/wp-json\/wp\/v2\/users\/2"}],"replies":[{"embeddable":true,"href":"https:\/\/ipatingafc.com.br\/index.php\/wp-json\/wp\/v2\/comments?post=8801"}],"version-history":[{"count":0,"href":"https:\/\/ipatingafc.com.br\/index.php\/wp-json\/wp\/v2\/posts\/8801\/revisions"}],"wp:attachment":[{"href":"https:\/\/ipatingafc.com.br\/index.php\/wp-json\/wp\/v2\/media?parent=8801"}],"wp:term":[{"taxonomy":"category","embeddable":true,"href":"https:\/\/ipatingafc.com.br\/index.php\/wp-json\/wp\/v2\/categories?post=8801"},{"taxonomy":"post_tag","embeddable":true,"href":"https:\/\/ipatingafc.com.br\/index.php\/wp-json\/wp\/v2\/tags?post=8801"}],"curies":[{"name":"wp","href":"https:\/\/api.w.org\/{rel}","templated":true}]}}