{"id":8803,"date":"2024-05-10T06:59:06","date_gmt":"2024-05-10T09:59:06","guid":{"rendered":"https:\/\/ipatingafc.com.br\/index.php\/2024\/05\/10\/saude-e-educacao-promovem-a-semana-de-saude-bucal-em-escolas-municipais-prefeitura-da-cidade-do-rio-de-janeiro\/"},"modified":"2024-05-10T06:59:06","modified_gmt":"2024-05-10T09:59:06","slug":"saude-e-educacao-promovem-a-semana-de-saude-bucal-em-escolas-municipais-prefeitura-da-cidade-do-rio-de-janeiro","status":"publish","type":"post","link":"https:\/\/ipatingafc.com.br\/index.php\/2024\/05\/10\/saude-e-educacao-promovem-a-semana-de-saude-bucal-em-escolas-municipais-prefeitura-da-cidade-do-rio-de-janeiro\/","title":{"rendered":"Sa\u00fade e Educa\u00e7\u00e3o promovem a Semana de Sa\u00fade Bucal em escolas municipais &#8211; Prefeitura da Cidade do Rio de Janeiro"},"content":{"rendered":"<p><\/p>\n<div id=\"main\">\n<div class=\"wrapper-breadcrumbs\" wp_automatic_readability=\"44.36295971979\">\n<div class=\"image-post\" wp_automatic_readability=\"32\">\n                     <img loading=\"lazy\" decoding=\"async\" width=\"1156\" height=\"774\" srcset=\"https:\/\/prefeitura.rio\/wp-content\/uploads\/2024\/05\/IMG-20240508-WA0073-e1715254121711.jpg 1156w, https:\/\/prefeitura.rio\/wp-content\/uploads\/2024\/05\/IMG-20240508-WA0073-e1715254121711-360x241.jpg 360w, https:\/\/prefeitura.rio\/wp-content\/uploads\/2024\/05\/IMG-20240508-WA0073-e1715254121711-600x402.jpg 600w, https:\/\/prefeitura.rio\/wp-content\/uploads\/2024\/05\/IMG-20240508-WA0073-e1715254121711-768x514.jpg 768w\" src=\"https:\/\/prefeitura.rio\/wp-content\/uploads\/2024\/05\/IMG-20240508-WA0073-e1715254121711.jpg\" class=\"attachment-post-thumbnail size-post-thumbnail wp-post-image lazyload\" alt=\"\" sizes=\"auto, (max-width: 1156px) 100vw, 1156px\"\/>A Semana da Sa\u00fade Bucal acontece em 67 escolas municipais &#8211; Divulga\u00e7\u00e3o                  <\/div>\n<p>A Semana de Sa\u00fade Bucal vai at\u00e9 esta sexta-feira (10\/5)\u00a0 nas escolas da rede municipal de ensino. O Dia D aconteceu nesta quarta-feira (8\/5), em 67 escolas de todas as regi\u00f5es da cidade, que receberam a\u00e7\u00f5es de promo\u00e7\u00e3o \u00e0 sa\u00fade bucal desenvolvidas pelas unidades de Aten\u00e7\u00e3o Prim\u00e1ria \u00e0 Sa\u00fade (cl\u00ednicas da fam\u00edlia e centros municipais de sa\u00fade). A campanha \u00e9 promovida pelo Programa Sa\u00fade na Escola Carioca (PSE Carioca), uma parceria das secretarias municipais de Sa\u00fade (SMS) e de Educa\u00e7\u00e3o (SME).<\/p>\n<p>O plano de a\u00e7\u00e3o para a Semana de Sa\u00fade Bucal foi programado de acordo com as necessidades de cada territ\u00f3rio, em articula\u00e7\u00e3o feita entre as escolas e a equipe de sa\u00fade bucal da unidade de sa\u00fade de cada regi\u00e3o. Entre as atividades promovidas est\u00e3o escova\u00e7\u00e3o supervisionada, TRA (tratamento restaurador atraum\u00e1tico), conforme indica\u00e7\u00e3o cl\u00ednica), aplica\u00e7\u00e3o de fl\u00faor, instru\u00e7\u00f5es de higiene oral e palestras educativas sobre h\u00e1bitos saud\u00e1veis, onde pais e respons\u00e1veis tamb\u00e9m podem participar.<\/p>\n<blockquote wp_automatic_readability=\"10\">\n<p>\u2013 Cuidar da sa\u00fade bucal dos nossos alunos \u00e9 essencial para garantir o bem-estar e a qualidade de vida deles. A gente sabe que nem todos t\u00eam acesso f\u00e1cil e regular ao dentista, ent\u00e3o levar as equipes \u00e0s escolas \u00e9 fundamental para manter uma boa higiene bucal e ensinar h\u00e1bitos saud\u00e1veis para prevenir problemas dent\u00e1rios e contribuir para uma sa\u00fade geral melhor \u2013 disse o subsecret\u00e1rio de Articula\u00e7\u00e3o e Integra\u00e7\u00e3o da Rede (SUBAIR), Hugo Nepomuceno.<\/p>\n<\/blockquote>\n<p>O principal objetivo \u00e9 intensificar a promo\u00e7\u00e3o \u00e0 sa\u00fade a partir de h\u00e1bitos bucais saud\u00e1veis e, principalmente, o TRA, um dos indicadores da sa\u00fade bucal. Al\u00e9m disso, se for observado que um aluno necessite de maiores cuidados, ele pode ser encaminhado para a sua unidade de refer\u00eancia (cl\u00ednicas da fam\u00edlia e centros municipais de sa\u00fade), para aten\u00e7\u00e3o pela equipe de sa\u00fade bucal.<\/p>\n<blockquote wp_automatic_readability=\"11\">\n<p>\u2013 A escola \u00e9 um espa\u00e7o privilegiado para o desenvolvimento de a\u00e7\u00f5es de promo\u00e7\u00e3o da sa\u00fade e preven\u00e7\u00e3o de doen\u00e7as, uma vez que os estudantes adquirem conhecimentos e desenvolvem habilidades para a vida. \u00c9 o espa\u00e7o ideal para refletir sobre a forma\u00e7\u00e3o de h\u00e1bitos saud\u00e1veis e de resolu\u00e7\u00e3o pac\u00edfica de conflitos, considerando as rela\u00e7\u00f5es interpessoais \u2013 explicou a coordenadora de sa\u00fade bucal da SMS, Patr\u00edcia Heras Vi\u00f1as.<\/p>\n<\/blockquote>\n<p>O PSE Carioca \u00e9 uma iniciativa intersetorial realizada pelas secretarias municipais de Sa\u00fade, de Educa\u00e7\u00e3o e de Assist\u00eancia Social, com o objetivo de realizar atividades de promo\u00e7\u00e3o da sa\u00fade e preven\u00e7\u00e3o de doen\u00e7as para a comunidade escolar (alunos, respons\u00e1veis, professores e profissionais de sa\u00fade).<\/p>\n<p>             <!-- Compartilhe ---><\/p>\n<p>\t\t\t <!-- TAGS --><\/p>\n<section class=\"category-tags\">\n<div class=\"marcacao-category\">\n<article class=\"category-post\">\n<p>Categoria: <\/p>\n<\/article>\n<li>9 de maio de 2024<\/li><\/div>\n<article class=\"tags\">\n\t\t\t\t\tMarca\u00e7\u00f5es: A\u00e7\u00e3o Dia D escola sa\u00fade bucal<br \/><\/article>\n<\/section>\n<p>            <!-- Mais Not&iacute;cias --><\/p>\n<p>\t\t<!-- Conte&uacute;do SIDEBAR --><\/p><\/div>\n<\/p><\/div>\n","protected":false},"excerpt":{"rendered":"<p>A Semana da Sa\u00fade Bucal acontece em 67 escolas municipais &#8211; Divulga\u00e7\u00e3o A Semana de&#8230;<\/p>\n","protected":false},"author":2,"featured_media":0,"comment_status":"open","ping_status":"open","sticky":false,"template":"","format":"standard","meta":{"footnotes":""},"categories":[],"tags":[],"class_list":["post-8803","post","type-post","status-publish","format-standard","hentry"],"amp_enabled":true,"_links":{"self":[{"href":"https:\/\/ipatingafc.com.br\/index.php\/wp-json\/wp\/v2\/posts\/8803","targetHints":{"allow":["GET"]}}],"collection":[{"href":"https:\/\/ipatingafc.com.br\/index.php\/wp-json\/wp\/v2\/posts"}],"about":[{"href":"https:\/\/ipatingafc.com.br\/index.php\/wp-json\/wp\/v2\/types\/post"}],"author":[{"embeddable":true,"href":"https:\/\/ipatingafc.com.br\/index.php\/wp-json\/wp\/v2\/users\/2"}],"replies":[{"embeddable":true,"href":"https:\/\/ipatingafc.com.br\/index.php\/wp-json\/wp\/v2\/comments?post=8803"}],"version-history":[{"count":0,"href":"https:\/\/ipatingafc.com.br\/index.php\/wp-json\/wp\/v2\/posts\/8803\/revisions"}],"wp:attachment":[{"href":"https:\/\/ipatingafc.com.br\/index.php\/wp-json\/wp\/v2\/media?parent=8803"}],"wp:term":[{"taxonomy":"category","embeddable":true,"href":"https:\/\/ipatingafc.com.br\/index.php\/wp-json\/wp\/v2\/categories?post=8803"},{"taxonomy":"post_tag","embeddable":true,"href":"https:\/\/ipatingafc.com.br\/index.php\/wp-json\/wp\/v2\/tags?post=8803"}],"curies":[{"name":"wp","href":"https:\/\/api.w.org\/{rel}","templated":true}]}}