{"id":8825,"date":"2024-05-10T14:59:54","date_gmt":"2024-05-10T17:59:54","guid":{"rendered":"https:\/\/ipatingafc.com.br\/index.php\/2024\/05\/10\/meio-ambiente-sp-fortalece-conservacao-de-cavernas-e-visa-promover-o-turismo-no-estado\/"},"modified":"2024-05-10T14:59:54","modified_gmt":"2024-05-10T17:59:54","slug":"meio-ambiente-sp-fortalece-conservacao-de-cavernas-e-visa-promover-o-turismo-no-estado","status":"publish","type":"post","link":"https:\/\/ipatingafc.com.br\/index.php\/2024\/05\/10\/meio-ambiente-sp-fortalece-conservacao-de-cavernas-e-visa-promover-o-turismo-no-estado\/","title":{"rendered":"Meio ambiente: SP fortalece conserva\u00e7\u00e3o de cavernas e visa promover o turismo no estado"},"content":{"rendered":"<p><\/p>\n<div id=\"\">&#13;<br \/>\n                                <!-- Title -->&#13;<br \/>\n                                &#13;<br \/>\n&#13;<br \/>\n                                <!-- Excerpt -->&#13;<\/p>\n<p class=\"excerpt\">Governo tamb\u00e9m lan\u00e7ou um novo edital para impulsionar o programa Pr\u00f3 Ju\u00e7ara pagando um valor maior aos produtores de sementes da palmeira<\/p>\n<p>&#13;<br \/>\n&#13;<br \/>\n                                &#13;\n                            <\/p><\/div>\n<div id=\"\">&#13;<\/p>\n<p><iframe loading=\"lazy\" title=\"Meio ambiente: SP fortalece conserva\u00e7\u00e3o de cavernas e visa promover o turismo no estado by Governo do Estado de S\u00e3o Paulo\" width=\"587\" height=\"330\" scrolling=\"no\" frameborder=\"no\" src=\"https:\/\/w.soundcloud.com\/player\/?visual=true&amp;url=https%3A%2F%2Fapi.soundcloud.com%2Ftracks%2F1819064397&amp;show_artwork=true&amp;maxheight=330&amp;maxwidth=587\"><\/iframe><\/p>\n<p>O governo de S\u00e3o Paulo anunciou uma s\u00e9rie de medidas para fortalecer a conserva\u00e7\u00e3o de cavernas e ampliar o alcance do programa Pr\u00f3 Ju\u00e7ara. O objetivo \u00e9 aumentar o potencial tur\u00edstico em locais pouco visitados e promover a sustentabilidade ambiental.<\/p>\n<p>Para isso, o Conselho do Patrim\u00f4nio Espeleol\u00f3gico do Estado de S\u00e3o Paulo (CPESP) foi reorganizado para contribuir com pol\u00edticas de prote\u00e7\u00e3o, pesquisa e manejo respons\u00e1vel das cavernas. \u201cO objetivo \u00e9 fortalecer esse conselho, que \u00e9 t\u00e9cnico e busca se manifestar em rela\u00e7\u00e3o aos estudos ambientais, planos de manejo, dentre outros tipos de manifesta\u00e7\u00f5es t\u00e9cnicas, explica o subsecret\u00e1rio de meio ambiente, J\u00f4natas Trindade.<\/p>\n<p>Isso inclui apoio t\u00e9cnico para cavernas fora de Unidades de Conserva\u00e7\u00e3o, visando o turismo sustent\u00e1vel. Atualmente, S\u00e3o Paulo tem 891 cavernas registradas, especialmente no Vale do Ribeira, com destaque para a Caverna do Diabo, uma importante atra\u00e7\u00e3o tur\u00edstica.<\/p>\n<figure id=\"attachment_5122604\" style=\"width: 100%;max-width: 573px\" class=\"wp-caption alignnone\"><img decoding=\"async\" loading=\"lazy\" class=\" wp-image-5122604\" src=\"https:\/\/www.saopaulo.sp.gov.br\/wp-content\/uploads\/2019\/11\/caverna-do-diabo-02-300x225.jpg\" alt=\"\" width=\"573\" height=\"430\" srcset=\"https:\/\/www.saopaulo.sp.gov.br\/wp-content\/uploads\/2019\/11\/caverna-do-diabo-02-300x225.jpg 300w, https:\/\/www.saopaulo.sp.gov.br\/wp-content\/uploads\/2019\/11\/caverna-do-diabo-02-768x576.jpg 768w, https:\/\/www.saopaulo.sp.gov.br\/wp-content\/uploads\/2019\/11\/caverna-do-diabo-02.jpg 1024w\" sizes=\"auto, (max-width: 573px) 100vw, 573px\"\/><figcaption class=\"wp-caption-text\">Caverna do Diabo, \u00e9 uma das maiores cavernas do Estado<\/figcaption><\/figure>\n<p>Al\u00e9m disso, o governo lan\u00e7ou um novo edital para aquisi\u00e7\u00e3o de sementes de palmeira ju\u00e7ara, pagando um valor maior aos produtores, visando repovoar a esp\u00e9cie e promover alternativas econ\u00f4micas sustent\u00e1veis para comunidades tradicionais.<\/p>\n<p>O programa Pr\u00f3 Ju\u00e7ara tamb\u00e9m oferece pagamento por servi\u00e7os ambientais a produtores que plantam a palmeira, buscando desestimular a extra\u00e7\u00e3o do palmito e promover atividades sustent\u00e1veis.<\/p>\n<\/p><\/div>\n","protected":false},"excerpt":{"rendered":"<p>&#13; &#13; &#13; &#13; &#13; Governo tamb\u00e9m lan\u00e7ou um novo edital para impulsionar o programa&#8230;<\/p>\n","protected":false},"author":2,"featured_media":0,"comment_status":"open","ping_status":"open","sticky":false,"template":"","format":"standard","meta":{"footnotes":""},"categories":[],"tags":[],"class_list":["post-8825","post","type-post","status-publish","format-standard","hentry"],"amp_enabled":true,"_links":{"self":[{"href":"https:\/\/ipatingafc.com.br\/index.php\/wp-json\/wp\/v2\/posts\/8825","targetHints":{"allow":["GET"]}}],"collection":[{"href":"https:\/\/ipatingafc.com.br\/index.php\/wp-json\/wp\/v2\/posts"}],"about":[{"href":"https:\/\/ipatingafc.com.br\/index.php\/wp-json\/wp\/v2\/types\/post"}],"author":[{"embeddable":true,"href":"https:\/\/ipatingafc.com.br\/index.php\/wp-json\/wp\/v2\/users\/2"}],"replies":[{"embeddable":true,"href":"https:\/\/ipatingafc.com.br\/index.php\/wp-json\/wp\/v2\/comments?post=8825"}],"version-history":[{"count":0,"href":"https:\/\/ipatingafc.com.br\/index.php\/wp-json\/wp\/v2\/posts\/8825\/revisions"}],"wp:attachment":[{"href":"https:\/\/ipatingafc.com.br\/index.php\/wp-json\/wp\/v2\/media?parent=8825"}],"wp:term":[{"taxonomy":"category","embeddable":true,"href":"https:\/\/ipatingafc.com.br\/index.php\/wp-json\/wp\/v2\/categories?post=8825"},{"taxonomy":"post_tag","embeddable":true,"href":"https:\/\/ipatingafc.com.br\/index.php\/wp-json\/wp\/v2\/tags?post=8825"}],"curies":[{"name":"wp","href":"https:\/\/api.w.org\/{rel}","templated":true}]}}