{"id":8860,"date":"2024-05-11T08:34:07","date_gmt":"2024-05-11T11:34:07","guid":{"rendered":"https:\/\/ipatingafc.com.br\/index.php\/2024\/05\/11\/cet-rio-monta-esquema-especial-de-transito-para-a-feira-das-yabas-prefeitura-da-cidade-do-rio-de-janeiro\/"},"modified":"2024-05-11T08:34:07","modified_gmt":"2024-05-11T11:34:07","slug":"cet-rio-monta-esquema-especial-de-transito-para-a-feira-das-yabas-prefeitura-da-cidade-do-rio-de-janeiro","status":"publish","type":"post","link":"https:\/\/ipatingafc.com.br\/index.php\/2024\/05\/11\/cet-rio-monta-esquema-especial-de-transito-para-a-feira-das-yabas-prefeitura-da-cidade-do-rio-de-janeiro\/","title":{"rendered":"CET-Rio monta esquema especial de tr\u00e2nsito para a Feira das Yab\u00e1s &#8211; Prefeitura da Cidade do Rio de Janeiro"},"content":{"rendered":"<p><\/p>\n<div id=\"main\">\n<div class=\"wrapper-breadcrumbs\" wp_automatic_readability=\"67.216821785591\">\n<p>A CET-Rio informa que, a partir de 0h do pr\u00f3ximo domingo (12\/5), ocorrer\u00e1 a Feira das Yab\u00e1s, em Oswaldo Cruz, na Pra\u00e7a Paulo da Portela, trecho entre a Rua Guarapari e a Rua Maria Teixeira. Para viabilizar o evento, as seguintes vias ser\u00e3o interditadas de 0h \u00e0s 22h:<\/p>\n<p>\u2013 Estrada do Portela, trecho compreendido entre a Rua Firmino Fragoso e a Rua Maria Teixeira;<\/p>\n<p>\u2013 Rua Clara Nunes, trecho compreendido entre a Estrada do Portela e a Rua J\u00falio Fragoso;<\/p>\n<p>\u2013 Rua Manac\u00e9a;<\/p>\n<p>\u2013 Rua Ernesto Lob\u00e3o, trecho compreendido entre a Estrada do Portela e a Rua Ant\u00f4nio Badaj\u00f3s;<\/p>\n<p>\u2013 Rua S\u00e9rgio de Oliveira, trecho compreendido entre a Estrada do Portela e a Rua Ant\u00f4nio Badaj\u00f3s;<\/p>\n<p>\u2013 Rua Joaquim Teixeira, trecho compreendido entre a Estrada do Portela e a Rua Maria Teixeira;<\/p>\n<p>\u2013 Rua Pirapora, trecho compreendido entre a Estrada do Portela e a Rua General Rocha Maia;<\/p>\n<p>\u2013 Rua Perdig\u00e3o Malheiros;<\/p>\n<p>\u2013 Rua Manuel Marques, trecho compreendido entre a Estrada do Portela e a Rua Ant\u00f4nio de Abreu.<\/p>\n<p>Para minimizar eventuais impactos no tr\u00e1fego da regi\u00e3o, a opera\u00e7\u00e3o de tr\u00e2nsito contar\u00e1 com 21 agentes de tr\u00e1fego, que trabalhar\u00e3o para manter a fluidez e ordenar os cruzamentos, al\u00e9m de orientar pedestres e motoristas.<\/p>\n<p>Ainda com o objetivo de garantir a fluidez do tr\u00e2nsito, t\u00e9cnicos da CET-Rio, situados no Centro de Opera\u00e7\u00f5es Rio (COR), ir\u00e3o monitorar o evento, por meio de c\u00e2meras. Caso seja necess\u00e1rio, ajustes semaf\u00f3ricos ser\u00e3o implantados.<\/p>\n<p>\u00a0<\/p>\n<p><strong>Desvios<\/strong><\/p>\n<p>Ve\u00edculos procedentes da Rua Guarapari, com destino \u00e0 Estrada do Portela (sentido Av. dos Italianos), seguir\u00e3o pela Estrada do Portela, Rua Firmino Fragoso, Rua Carolina Machado, Rua \u00c1tila Silveira, Rua Frei Bento, Rua Rio das Pedras, Pra\u00e7a Armando Fajardo e Estrada do Portela;<\/p>\n<p>Ve\u00edculos procedentes da Estrada do Portela, com destino \u00e0 Rua Carolina Machado (sentido Cascadura), seguir\u00e3o pela Rua Maria Teixeira, Rua Taubat\u00e9, Rua Frei Bento e Rua Carolina Machado.<\/p>\n<p>\u00a0<\/p>\n<p><strong>Recomenda\u00e7\u00f5es importantes<\/strong><\/p>\n<p>N\u00e3o haver\u00e1 implanta\u00e7\u00e3o de estacionamento para atender ao evento. Portanto, recomenda-se a utiliza\u00e7\u00e3o de transporte p\u00fablico;<\/p>\n<p>Respeitar as orienta\u00e7\u00f5es dos agentes de tr\u00e2nsito e de toda a sinaliza\u00e7\u00e3o implantada na \u00e1rea.<\/p>\n<p>             <!-- Compartilhe ---><\/p>\n<p>\t\t\t <!-- TAGS --><\/p>\n<section class=\"category-tags\">\n<div class=\"marcacao-category\">\n<article class=\"category-post\">\n<p>Categoria: <\/p>\n<\/article>\n<li>11 de maio de 2024<\/li><\/div>\n<article class=\"tags\">\n\t\t\t\t\tMarca\u00e7\u00f5es: CET-Rio esquema Feira das Yab\u00e1s Oswaldo Cruz tr\u00e2nsito<br \/><\/article>\n<\/section>\n<p>            <!-- Mais Not&iacute;cias --><\/p>\n<p>\t\t<!-- Conte&uacute;do SIDEBAR --><\/p><\/div>\n<\/p><\/div>\n","protected":false},"excerpt":{"rendered":"<p>A CET-Rio informa que, a partir de 0h do pr\u00f3ximo domingo (12\/5), ocorrer\u00e1 a Feira&#8230;<\/p>\n","protected":false},"author":2,"featured_media":0,"comment_status":"open","ping_status":"open","sticky":false,"template":"","format":"standard","meta":{"footnotes":""},"categories":[],"tags":[],"class_list":["post-8860","post","type-post","status-publish","format-standard","hentry"],"amp_enabled":true,"_links":{"self":[{"href":"https:\/\/ipatingafc.com.br\/index.php\/wp-json\/wp\/v2\/posts\/8860","targetHints":{"allow":["GET"]}}],"collection":[{"href":"https:\/\/ipatingafc.com.br\/index.php\/wp-json\/wp\/v2\/posts"}],"about":[{"href":"https:\/\/ipatingafc.com.br\/index.php\/wp-json\/wp\/v2\/types\/post"}],"author":[{"embeddable":true,"href":"https:\/\/ipatingafc.com.br\/index.php\/wp-json\/wp\/v2\/users\/2"}],"replies":[{"embeddable":true,"href":"https:\/\/ipatingafc.com.br\/index.php\/wp-json\/wp\/v2\/comments?post=8860"}],"version-history":[{"count":0,"href":"https:\/\/ipatingafc.com.br\/index.php\/wp-json\/wp\/v2\/posts\/8860\/revisions"}],"wp:attachment":[{"href":"https:\/\/ipatingafc.com.br\/index.php\/wp-json\/wp\/v2\/media?parent=8860"}],"wp:term":[{"taxonomy":"category","embeddable":true,"href":"https:\/\/ipatingafc.com.br\/index.php\/wp-json\/wp\/v2\/categories?post=8860"},{"taxonomy":"post_tag","embeddable":true,"href":"https:\/\/ipatingafc.com.br\/index.php\/wp-json\/wp\/v2\/tags?post=8860"}],"curies":[{"name":"wp","href":"https:\/\/api.w.org\/{rel}","templated":true}]}}