{"id":9312,"date":"2024-05-23T00:50:53","date_gmt":"2024-05-23T03:50:53","guid":{"rendered":"https:\/\/ipatingafc.com.br\/index.php\/2024\/05\/23\/chacara-do-idoso-prepara-festa-dos-aniversariantes-de-maio-para-a-proxima-sexta-feira-24-agencia-de-noticias\/"},"modified":"2024-05-23T00:50:53","modified_gmt":"2024-05-23T03:50:53","slug":"chacara-do-idoso-prepara-festa-dos-aniversariantes-de-maio-para-a-proxima-sexta-feira-24-agencia-de-noticias","status":"publish","type":"post","link":"https:\/\/ipatingafc.com.br\/index.php\/2024\/05\/23\/chacara-do-idoso-prepara-festa-dos-aniversariantes-de-maio-para-a-proxima-sexta-feira-24-agencia-de-noticias\/","title":{"rendered":"Ch\u00e1cara do Idoso prepara festa dos aniversariantes de maio para a pr\u00f3xima sexta-feira (24) \u2013 Ag\u00eancia de Not\u00edcias"},"content":{"rendered":"<p><\/p>\n<div>\n<p><img loading=\"lazy\" decoding=\"async\" class=\"aligncenter wp-image-136724 size-large\" src=\"http:\/\/noticias.sorocaba.sp.gov.br\/wp-content\/uploads\/2024\/04\/noticias.sorocaba.sp.gov.br-festa-dos-aniversariantes-do-mes-da-chacara-do-idoso-do-mes-de-abril-teve-varias-atracoes-artisticas-com-os-frequentadores-foto-4-867x1024.jpg\" alt=\"\" width=\"867\" height=\"1024\" srcset=\"https:\/\/noticias.sorocaba.sp.gov.br\/wp-content\/uploads\/2024\/04\/noticias.sorocaba.sp.gov.br-festa-dos-aniversariantes-do-mes-da-chacara-do-idoso-do-mes-de-abril-teve-varias-atracoes-artisticas-com-os-frequentadores-foto-4-867x1024.jpg 867w, https:\/\/noticias.sorocaba.sp.gov.br\/wp-content\/uploads\/2024\/04\/noticias.sorocaba.sp.gov.br-festa-dos-aniversariantes-do-mes-da-chacara-do-idoso-do-mes-de-abril-teve-varias-atracoes-artisticas-com-os-frequentadores-foto-4-254x300.jpg 254w, https:\/\/noticias.sorocaba.sp.gov.br\/wp-content\/uploads\/2024\/04\/noticias.sorocaba.sp.gov.br-festa-dos-aniversariantes-do-mes-da-chacara-do-idoso-do-mes-de-abril-teve-varias-atracoes-artisticas-com-os-frequentadores-foto-4-768x907.jpg 768w, https:\/\/noticias.sorocaba.sp.gov.br\/wp-content\/uploads\/2024\/04\/noticias.sorocaba.sp.gov.br-festa-dos-aniversariantes-do-mes-da-chacara-do-idoso-do-mes-de-abril-teve-varias-atracoes-artisticas-com-os-frequentadores-foto-4.jpg 1200w\" sizes=\"auto, (max-width: 867px) 100vw, 867px\"\/><\/p>\n<p><em>Foto: Secid\/Divulga\u00e7\u00e3o<\/em><\/p>\n<p>A Ch\u00e1cara do Idoso, ligada \u00e0 Secretaria da Cidadania (Secid), celebra mensalmente o anivers\u00e1rio dos frequentadores. Neste m\u00eas de maio, a Ch\u00e1cara do Idoso realiza a festa na pr\u00f3xima sexta-feira (24), com in\u00edcio \u00e0s 10h e todos os frequentadores est\u00e3o convidados. A entrada \u00e9 gratuita.<\/p>\n<p>Quem ainda n\u00e3o conhece o local, mas tem interesse em conhecer e participar das atividades, basta ir at\u00e9 a unidade. Os \u00fanicos requisitos s\u00e3o ter idade a partir dos 55 anos e morar no munic\u00edpio. A pessoa deve levar um documento de identifica\u00e7\u00e3o e realizar o cadastro que dar\u00e1 direito \u00e0 carteirinha. Tamb\u00e9m \u00e9 solicitado um atestado m\u00e9dico, para a libera\u00e7\u00e3o das atividades f\u00edsicas.<\/p>\n<p>Para a festa dos aniversariantes, quem quiser e puder tamb\u00e9m pode levar um prato de salgado e refrigerante para compartilhar com os demais e tornar a celebra\u00e7\u00e3o ainda mais especial.<br \/>A Ch\u00e1cara do Idoso est\u00e1 localizada na Rua Manuel Afonso, 64, na Vila Progresso. O telefone para mais informa\u00e7\u00f5es \u00e9: (15) 3302-3737.<\/p>\n<p>\u00a0<\/p>\n<p>\u00a0<\/p>\n<\/p><\/div>\n","protected":false},"excerpt":{"rendered":"<p>Foto: Secid\/Divulga\u00e7\u00e3o A Ch\u00e1cara do Idoso, ligada \u00e0 Secretaria da Cidadania (Secid), celebra mensalmente o&#8230;<\/p>\n","protected":false},"author":2,"featured_media":0,"comment_status":"open","ping_status":"open","sticky":false,"template":"","format":"standard","meta":{"footnotes":""},"categories":[],"tags":[],"class_list":["post-9312","post","type-post","status-publish","format-standard","hentry"],"amp_enabled":true,"_links":{"self":[{"href":"https:\/\/ipatingafc.com.br\/index.php\/wp-json\/wp\/v2\/posts\/9312","targetHints":{"allow":["GET"]}}],"collection":[{"href":"https:\/\/ipatingafc.com.br\/index.php\/wp-json\/wp\/v2\/posts"}],"about":[{"href":"https:\/\/ipatingafc.com.br\/index.php\/wp-json\/wp\/v2\/types\/post"}],"author":[{"embeddable":true,"href":"https:\/\/ipatingafc.com.br\/index.php\/wp-json\/wp\/v2\/users\/2"}],"replies":[{"embeddable":true,"href":"https:\/\/ipatingafc.com.br\/index.php\/wp-json\/wp\/v2\/comments?post=9312"}],"version-history":[{"count":0,"href":"https:\/\/ipatingafc.com.br\/index.php\/wp-json\/wp\/v2\/posts\/9312\/revisions"}],"wp:attachment":[{"href":"https:\/\/ipatingafc.com.br\/index.php\/wp-json\/wp\/v2\/media?parent=9312"}],"wp:term":[{"taxonomy":"category","embeddable":true,"href":"https:\/\/ipatingafc.com.br\/index.php\/wp-json\/wp\/v2\/categories?post=9312"},{"taxonomy":"post_tag","embeddable":true,"href":"https:\/\/ipatingafc.com.br\/index.php\/wp-json\/wp\/v2\/tags?post=9312"}],"curies":[{"name":"wp","href":"https:\/\/api.w.org\/{rel}","templated":true}]}}