{"id":9332,"date":"2024-05-23T12:42:44","date_gmt":"2024-05-23T15:42:44","guid":{"rendered":"https:\/\/ipatingafc.com.br\/index.php\/2024\/05\/23\/policia-resgata-padre-e-prende-trio-por-sequestro-na-grande-sp\/"},"modified":"2024-05-23T12:42:44","modified_gmt":"2024-05-23T15:42:44","slug":"policia-resgata-padre-e-prende-trio-por-sequestro-na-grande-sp","status":"publish","type":"post","link":"https:\/\/ipatingafc.com.br\/index.php\/2024\/05\/23\/policia-resgata-padre-e-prende-trio-por-sequestro-na-grande-sp\/","title":{"rendered":"Pol\u00edcia resgata padre e prende trio por sequestro na Grande SP"},"content":{"rendered":"<p><\/p>\n<div id=\"\">&#13;<br \/>\n                                <!-- Title -->&#13;<br \/>\n                                &#13;<br \/>\n&#13;<br \/>\n                                <!-- Excerpt -->&#13;<\/p>\n<p class=\"excerpt\">Suspeitos estavam usando o celular da v\u00edtima para realizar transfer\u00eancias banc\u00e1rias<\/p>\n<p>&#13;<br \/>\n&#13;<br \/>\n                                &#13;\n                            <\/p><\/div>\n<div id=\"\">&#13;<\/p>\n<figure id=\"attachment_5889920\" style=\"width: 100%;max-width: 1600px\" class=\"wp-caption alignnone\"><img decoding=\"async\" loading=\"lazy\" class=\"size-full wp-image-5889920\" src=\"https:\/\/www.saopaulo.sp.gov.br\/wp-content\/uploads\/2024\/05\/00054758.jpeg\" alt=\"\" width=\"1600\" height=\"1200\" srcset=\"https:\/\/www.saopaulo.sp.gov.br\/wp-content\/uploads\/2024\/05\/00054758.jpeg 1600w, https:\/\/www.saopaulo.sp.gov.br\/wp-content\/uploads\/2024\/05\/00054758-300x225.jpeg 300w, https:\/\/www.saopaulo.sp.gov.br\/wp-content\/uploads\/2024\/05\/00054758-1024x768.jpeg 1024w, https:\/\/www.saopaulo.sp.gov.br\/wp-content\/uploads\/2024\/05\/00054758-768x576.jpeg 768w, https:\/\/www.saopaulo.sp.gov.br\/wp-content\/uploads\/2024\/05\/00054758-1536x1152.jpeg 1536w\" sizes=\"auto, (max-width: 1600px) 100vw, 1600px\"\/><figcaption class=\"wp-caption-text\">A vitima foi resgatada e retirada do local em seguran\u00e7a<\/figcaption><\/figure>\n<p>A Pol\u00edcia Militar libertou nesta quinta-feira (23) um padre que havia sido sequestrado por tr\u00eas criminosos no \u00faltimo dia 21 e que era mantido ref\u00e9m em uma casa na regi\u00e3o de Osasco, na Grande S\u00e3o Paulo.<\/p>\n<p>Ap\u00f3s den\u00fancias e trabalhos de intelig\u00eancia policial, a equipe do 14\u00ba Batalh\u00e3o de Pol\u00edcia Militar Metropolitano identificou um endere\u00e7o onde os suspeitos possivelmente estariam escondendo a v\u00edtima, que havia sido sequestrada pelo trio ao sair de um carro. Posteriormente, o ve\u00edculo foi localizado pelos policiais.<\/p>\n<p>De acordo com as informa\u00e7\u00f5es da PM, os criminosos estavam usando o celular da v\u00edtima para realizar transfer\u00eancias banc\u00e1rias.<\/p>\n<p>Nas buscas, os policiais encontraram a casa usada pelos suspeitos. \u201cConseguimos estourar o cativeiro e flagrar o trio. A v\u00edtima estava deitada. Imediatamente acionamos o resgate\u201d, disse o tenente Matheus Henrique. Eles foram presos no local e encaminhados \u00e0 delegacia.<\/p>\n<p>O padre foi resgatado e retirado do local em seguran\u00e7a. A ocorr\u00eancia est\u00e1 sendo apresentada no 5\u00ba Distrito Policial de Osasco.<\/p>\n<p>Siga o canal \u201cGoverno de S\u00e3o Paulo\u201d no WhatsApp:<br \/>https:\/\/bit.ly\/govspnozap<\/p>\n<\/p><\/div>\n","protected":false},"excerpt":{"rendered":"<p>&#13; &#13; &#13; &#13; &#13; Suspeitos estavam usando o celular da v\u00edtima para realizar transfer\u00eancias&#8230;<\/p>\n","protected":false},"author":2,"featured_media":0,"comment_status":"open","ping_status":"open","sticky":false,"template":"","format":"standard","meta":{"footnotes":""},"categories":[],"tags":[],"class_list":["post-9332","post","type-post","status-publish","format-standard","hentry"],"amp_enabled":true,"_links":{"self":[{"href":"https:\/\/ipatingafc.com.br\/index.php\/wp-json\/wp\/v2\/posts\/9332","targetHints":{"allow":["GET"]}}],"collection":[{"href":"https:\/\/ipatingafc.com.br\/index.php\/wp-json\/wp\/v2\/posts"}],"about":[{"href":"https:\/\/ipatingafc.com.br\/index.php\/wp-json\/wp\/v2\/types\/post"}],"author":[{"embeddable":true,"href":"https:\/\/ipatingafc.com.br\/index.php\/wp-json\/wp\/v2\/users\/2"}],"replies":[{"embeddable":true,"href":"https:\/\/ipatingafc.com.br\/index.php\/wp-json\/wp\/v2\/comments?post=9332"}],"version-history":[{"count":0,"href":"https:\/\/ipatingafc.com.br\/index.php\/wp-json\/wp\/v2\/posts\/9332\/revisions"}],"wp:attachment":[{"href":"https:\/\/ipatingafc.com.br\/index.php\/wp-json\/wp\/v2\/media?parent=9332"}],"wp:term":[{"taxonomy":"category","embeddable":true,"href":"https:\/\/ipatingafc.com.br\/index.php\/wp-json\/wp\/v2\/categories?post=9332"},{"taxonomy":"post_tag","embeddable":true,"href":"https:\/\/ipatingafc.com.br\/index.php\/wp-json\/wp\/v2\/tags?post=9332"}],"curies":[{"name":"wp","href":"https:\/\/api.w.org\/{rel}","templated":true}]}}