{"id":9538,"date":"2024-05-27T17:08:03","date_gmt":"2024-05-27T20:08:03","guid":{"rendered":"https:\/\/ipatingafc.com.br\/index.php\/2024\/05\/27\/agencia-minas-gerais-confira-dicas-de-economia-de-energia-em-periodo-de-quedas-de-temperatura\/"},"modified":"2024-05-27T17:08:03","modified_gmt":"2024-05-27T20:08:03","slug":"agencia-minas-gerais-confira-dicas-de-economia-de-energia-em-periodo-de-quedas-de-temperatura","status":"publish","type":"post","link":"https:\/\/ipatingafc.com.br\/index.php\/2024\/05\/27\/agencia-minas-gerais-confira-dicas-de-economia-de-energia-em-periodo-de-quedas-de-temperatura\/","title":{"rendered":"Ag\u00eancia Minas Gerais | Confira dicas de economia de energia em per\u00edodo de quedas de temperatura"},"content":{"rendered":"<p><\/p>\n<div>\n<p>Com a redu\u00e7\u00e3o das temperaturas em Minas Gerais nos \u00faltimos dias, o consumo de energia tende a aumentar com a utiliza\u00e7\u00e3o de equipamentos em sua m\u00e1xima pot\u00eancia, como chuveiro el\u00e9trico, aquecedores de ambiente e maior utiliza\u00e7\u00e3o da ilumina\u00e7\u00e3o interna \u2013 j\u00e1 que os dias s\u00e3o mais curtos. Dessa forma, para que o cliente n\u00e3o sinta um aumento na conta de luz, a Cemig orienta sobre o uso consciente da energia el\u00e9trica.<\/p>\n<p>O engenheiro de Efici\u00eancia Energ\u00e9tica da Cemig, Welhiton Adriano de Castro Silva, destaca que o chuveiro, nesta \u00e9poca do ano, pode influenciar no aumento da conta. Com a queda das temperaturas, o equipamento \u00e9 utilizado na pot\u00eancia m\u00e1xima e, em muitos casos, por mais tempo.<\/p>\n<p>&#8220;Reduzir o tempo embaixo do chuveiro \u00e9 o mais recomendado, pois nos dias mais frios \u00e9 comum a utiliza\u00e7\u00e3o do equipamento na pot\u00eancia m\u00e1xima, que permite um banho mais quente &#8211; mas aumenta o consumo de energia consideravelmente. Por exemplo, numa casa onde o chuveiro tenha pot\u00eancia de 7.200 Watts e possua quatro pessoas utilizando-o por 15 minutos cada todos os dias, haver\u00e1 um consumo\u00a0pr\u00f3ximo de 220 kWh\u00a0apenas com esse equipamento no m\u00eas\u201d, exemplifica Welhiton. O especialista ainda informa que \u201cmanter a chave do chuveiro na posi\u00e7\u00e3o \u2018Ver\u00e3o\u2019 ou &#8216;Morno&#8217; pode representar uma economia de at\u00e9 30% no consumo&#8221;.<\/p>\n<p><b>Refrigeradores<\/b><\/p>\n<p>Outra orienta\u00e7\u00e3o simples indicada pelo especialista \u00e9 que os clientes verifiquem o estado da borracha de veda\u00e7\u00e3o de refrigeradores. Se as portas n\u00e3o estiverem fechando corretamente, a geladeira ou o freezer ir\u00e3o gastar mais energia para resfriar os alimentos. O correto ajuste do termostato tamb\u00e9m contribui para a economia, considerando que a temperatura do ambiente est\u00e1 mais baixa.<\/p>\n<p>\u201cA geladeira \u00e9 outro eletrodom\u00e9stico que consome bastante energia em uma resid\u00eancia, principalmente devido ao \u2018abre e fecha\u2019. Al\u00e9m disso, \u00e9 importante lembrar que alimentos ainda quentes n\u00e3o devem ser armazenados no seu interior, pois isso faz com que o motor do refrigerador trabalhe por mais tempo e, consequentemente, aumenta o consumo de energia\u201d, afirma o engenheiro. Quanto \u00e0 regulagem do termostato, devido \u00e0s baixas\u00a0temperaturas nesta \u00e9poca, seu ajuste pode ficar nas posi\u00e7\u00f5es mais baixas (a depender do &#8220;abre e fecha&#8221; da porta).<\/p>\n<p>\u201cPara saber se a borracha de veda\u00e7\u00e3o est\u00e1 em bom estado, fa\u00e7a o seguinte teste: coloque uma folha de papel entre a porta e o gabinete da geladeira, feche a porta e tente retirar a folha; se ela sair com facilidade, est\u00e1 na hora de trocar a borracha. Repita o teste em v\u00e1rios pontos da porta da geladeira\u201d, acrescenta.<\/p>\n<p><b>Economia em outros equipamentos<\/b><\/p>\n<p>Outra dica recomend\u00e1vel \u00e9, ao se utilizar a m\u00e1quina de lavar roupas, colocar de uma s\u00f3 vez a quantidade m\u00e1xima de pe\u00e7as indicada pelo fabricante, diminuindo assim a quantidade de vezes de utiliza\u00e7\u00e3o do eletrodom\u00e9stico. O ferro el\u00e9trico tamb\u00e9m s\u00f3 deve ser ligado quando houver uma grande quantidade de roupas para passar.<\/p>\n<p>Al\u00e9m disso, deve-se evitar utilizar esse equipamento em hor\u00e1rios em que muitos outros estiverem ligados. A utiliza\u00e7\u00e3o de v\u00e1rios equipamentos ao mesmo tempo pode sobrecarregar a rede de energia el\u00e9trica da resid\u00eancia, devido \u00e0 soma das pot\u00eancias, podendo causar o desligamento autom\u00e1tico do disjuntor.<\/p>\n<p>Outra aten\u00e7\u00e3o que os clientes precisam ter \u00e9 com os equipamentos no modo de espera. Nesta condi\u00e7\u00e3o, os aparelhos consomem menos do que em uso normal, mas seria como uma torneira pingando 24 horas, todos os dias, e essa \u00e1gua n\u00e3o \u00e9 utilizada. Para economizar, \u00e9 necess\u00e1rio que o consumidor retire o equipamento da tomada.<\/p>\n<p>Para finalizar, o especialista da Cemig destaca que ao comprar aparelhos eletrodom\u00e9sticos, o cliente deve buscar aqueles mais eficientes &#8211; com a etiqueta do Procel de categoria A, al\u00e9m de substituir as l\u00e2mpadas de casa por l\u00e2mpadas LED &#8211; o que pode representar, mensalmente, uma economia de at\u00e9 75% no consumo com ilumina\u00e7\u00e3o.<\/p>\n<\/p><\/div>\n","protected":false},"excerpt":{"rendered":"<p>Com a redu\u00e7\u00e3o das temperaturas em Minas Gerais nos \u00faltimos dias, o consumo de energia&#8230;<\/p>\n","protected":false},"author":2,"featured_media":0,"comment_status":"open","ping_status":"open","sticky":false,"template":"","format":"standard","meta":{"footnotes":""},"categories":[],"tags":[],"class_list":["post-9538","post","type-post","status-publish","format-standard","hentry"],"amp_enabled":true,"_links":{"self":[{"href":"https:\/\/ipatingafc.com.br\/index.php\/wp-json\/wp\/v2\/posts\/9538","targetHints":{"allow":["GET"]}}],"collection":[{"href":"https:\/\/ipatingafc.com.br\/index.php\/wp-json\/wp\/v2\/posts"}],"about":[{"href":"https:\/\/ipatingafc.com.br\/index.php\/wp-json\/wp\/v2\/types\/post"}],"author":[{"embeddable":true,"href":"https:\/\/ipatingafc.com.br\/index.php\/wp-json\/wp\/v2\/users\/2"}],"replies":[{"embeddable":true,"href":"https:\/\/ipatingafc.com.br\/index.php\/wp-json\/wp\/v2\/comments?post=9538"}],"version-history":[{"count":0,"href":"https:\/\/ipatingafc.com.br\/index.php\/wp-json\/wp\/v2\/posts\/9538\/revisions"}],"wp:attachment":[{"href":"https:\/\/ipatingafc.com.br\/index.php\/wp-json\/wp\/v2\/media?parent=9538"}],"wp:term":[{"taxonomy":"category","embeddable":true,"href":"https:\/\/ipatingafc.com.br\/index.php\/wp-json\/wp\/v2\/categories?post=9538"},{"taxonomy":"post_tag","embeddable":true,"href":"https:\/\/ipatingafc.com.br\/index.php\/wp-json\/wp\/v2\/tags?post=9538"}],"curies":[{"name":"wp","href":"https:\/\/api.w.org\/{rel}","templated":true}]}}