{"id":9556,"date":"2024-05-28T04:10:45","date_gmt":"2024-05-28T07:10:45","guid":{"rendered":"https:\/\/ipatingafc.com.br\/index.php\/2024\/05\/28\/agencia-minas-gerais-minas-gerais-comeca-a-vacinar-contra-a-poliomielite\/"},"modified":"2024-05-28T04:10:45","modified_gmt":"2024-05-28T07:10:45","slug":"agencia-minas-gerais-minas-gerais-comeca-a-vacinar-contra-a-poliomielite","status":"publish","type":"post","link":"https:\/\/ipatingafc.com.br\/index.php\/2024\/05\/28\/agencia-minas-gerais-minas-gerais-comeca-a-vacinar-contra-a-poliomielite\/","title":{"rendered":"Ag\u00eancia Minas Gerais | Minas Gerais come\u00e7a a vacinar contra a poliomielite"},"content":{"rendered":"<p><\/p>\n<div>\n<p>A Campanha Nacional contra a poliomielite come\u00e7ou nesta segunda-feira (27\/5), e vai at\u00e9 14\/6, per\u00edodo em que crian\u00e7as de 1 a 4 anos de idade dever\u00e3o ser vacinadas, mesmo se j\u00e1 tiverem recebido o imunizante anteriormente. J\u00e1 para as crian\u00e7as de at\u00e9 1 ano, a recomenda\u00e7\u00e3o \u00e9 avaliar a necessidade de acordo com a situa\u00e7\u00e3o da caderneta de vacina\u00e7\u00e3o.<\/p>\n<p>A poliomielite \u00e9 uma doen\u00e7a altamente infecciosa, causada pelo poliov\u00edrus, que invade o sistema nervoso e pode causar paralisia total em quest\u00e3o de horas. Por isso, a estrat\u00e9gia do Governo de Minas, por meio da\u00a0Secretaria de Estado de Sa\u00fade de Minas Gerais (SES-MG) \u00e9 ampliar a cobertura vacinal entre as crian\u00e7as n\u00e3o vacinadas, reduzindo, assim, o risco de reintrodu\u00e7\u00e3o da doen\u00e7a no Brasil.<\/p>\n<p>\u201cComo a imuniza\u00e7\u00e3o \u00e9 a \u00fanica forma de prevenir a poliomielite, doen\u00e7a que pode causar a paralisia infantil, pais e respons\u00e1veis devem levar os pequenos aos postos de sa\u00fade para ficarem protegidos\u201d, refor\u00e7a o subsecret\u00e1rio de Vigil\u00e2ncia em Sa\u00fade de Minas Gerais, Eduardo Prosdocimi.<\/p>\n<p>A vacina contra a poliomielite faz parte do calend\u00e1rio de rotina do Programa Nacional de Imuniza\u00e7\u00f5es (PNI), \u00e9 gratuita e est\u00e1 dispon\u00edvel em todas as Unidades B\u00e1sicas de Sa\u00fade (UBS). Os adultos devem levar as crian\u00e7as at\u00e9 a unidade mais pr\u00f3xima, com o cart\u00e3o de vacina\u00e7\u00e3o.<\/p>\n<p><strong>Cobertura vacinal<\/strong><\/p>\n<p>Em Minas Gerais, a cobertura vacinal contra a poliomielite est\u00e1 abaixo da meta preconizada pelo Minist\u00e9rio da Sa\u00fade, que \u00e9 de, no m\u00ednimo, 95% do p\u00fablico. Segundo dados do \u00f3rg\u00e3o federal, a cobertura vacinal desse imunizante no estado, em 2023, foi de 87,88% em menores de 1 ano, e de 81,58% em crian\u00e7as a partir de 1 ano de idade.\u00a0<\/p>\n<p>J\u00e1 em 2024, no per\u00edodo de janeiro a mar\u00e7o, foi de 88,39%, em crian\u00e7as menores de 1 ano de idade, e de 81,97%, em crian\u00e7as a partir de 1 ano de idade.<\/p>\n<p>\u201cA poliomielite \u00e9 uma doen\u00e7a grave que, em geral, acomete os membros inferiores, de forma irrevers\u00edvel, e pode levar \u00e0 morte. Assim, \u00e9 importante que todas as crian\u00e7as menores de 5 anos de idade estejam com o cart\u00e3o de vacina em dia, conforme o Calend\u00e1rio Nacional de Vacina\u00e7\u00e3o de rotina e as campanhas\u201d, alerta Josianne Gusm\u00e3o, coordenadora do Programa de Imuniza\u00e7\u00f5es da SES-MG.<\/p>\n<p><strong>Poliomielite<\/strong><\/p>\n<p>O v\u00edrus da poliomielite \u00e9 transmitido de pessoa para pessoa, principalmente por meio da via fecal-oral ou, menos frequentemente, por um ve\u00edculo comum (por exemplo, \u00e1gua ou alimentos contaminados) e multiplica-se no intestino.<\/p>\n<p>O \u00faltimo caso de poliomielite no Brasil foi em 1989, e o pa\u00eds foi certificado livre do poliov\u00edrus selvagem em 1994. No entanto, em 2023, foi classificado como de alto risco para reintrodu\u00e7\u00e3o do v\u00edrus e por isso, a vacina\u00e7\u00e3o \u00e9 crucial.<\/p>\n<p>Para saber mais informa\u00e7\u00f5es, basta acessar\u00a0o hotsite da SES-MG.<\/p>\n<\/p><\/div>\n","protected":false},"excerpt":{"rendered":"<p>A Campanha Nacional contra a poliomielite come\u00e7ou nesta segunda-feira (27\/5), e vai at\u00e9 14\/6, per\u00edodo&#8230;<\/p>\n","protected":false},"author":2,"featured_media":0,"comment_status":"open","ping_status":"open","sticky":false,"template":"","format":"standard","meta":{"footnotes":""},"categories":[],"tags":[],"class_list":["post-9556","post","type-post","status-publish","format-standard","hentry"],"amp_enabled":true,"_links":{"self":[{"href":"https:\/\/ipatingafc.com.br\/index.php\/wp-json\/wp\/v2\/posts\/9556","targetHints":{"allow":["GET"]}}],"collection":[{"href":"https:\/\/ipatingafc.com.br\/index.php\/wp-json\/wp\/v2\/posts"}],"about":[{"href":"https:\/\/ipatingafc.com.br\/index.php\/wp-json\/wp\/v2\/types\/post"}],"author":[{"embeddable":true,"href":"https:\/\/ipatingafc.com.br\/index.php\/wp-json\/wp\/v2\/users\/2"}],"replies":[{"embeddable":true,"href":"https:\/\/ipatingafc.com.br\/index.php\/wp-json\/wp\/v2\/comments?post=9556"}],"version-history":[{"count":0,"href":"https:\/\/ipatingafc.com.br\/index.php\/wp-json\/wp\/v2\/posts\/9556\/revisions"}],"wp:attachment":[{"href":"https:\/\/ipatingafc.com.br\/index.php\/wp-json\/wp\/v2\/media?parent=9556"}],"wp:term":[{"taxonomy":"category","embeddable":true,"href":"https:\/\/ipatingafc.com.br\/index.php\/wp-json\/wp\/v2\/categories?post=9556"},{"taxonomy":"post_tag","embeddable":true,"href":"https:\/\/ipatingafc.com.br\/index.php\/wp-json\/wp\/v2\/tags?post=9556"}],"curies":[{"name":"wp","href":"https:\/\/api.w.org\/{rel}","templated":true}]}}