{"id":9566,"date":"2024-05-28T09:48:18","date_gmt":"2024-05-28T12:48:18","guid":{"rendered":"https:\/\/ipatingafc.com.br\/index.php\/2024\/05\/28\/cet-rio-monta-esquema-especial-de-transito-para-evento-religioso-no-centro-prefeitura-da-cidade-do-rio-de-janeiro\/"},"modified":"2024-05-28T09:48:18","modified_gmt":"2024-05-28T12:48:18","slug":"cet-rio-monta-esquema-especial-de-transito-para-evento-religioso-no-centro-prefeitura-da-cidade-do-rio-de-janeiro","status":"publish","type":"post","link":"https:\/\/ipatingafc.com.br\/index.php\/2024\/05\/28\/cet-rio-monta-esquema-especial-de-transito-para-evento-religioso-no-centro-prefeitura-da-cidade-do-rio-de-janeiro\/","title":{"rendered":"CET-Rio monta esquema especial de tr\u00e2nsito para evento religioso no Centro &#8211; Prefeitura da Cidade do Rio de Janeiro"},"content":{"rendered":"<p><\/p>\n<div id=\"main\">\n<div class=\"wrapper-breadcrumbs\" wp_automatic_readability=\"78.655400776433\">\n<p>A CET-Rio informa que nesta quinta-feira (30\/5) ocorrer\u00e1 evento religioso de Corpus Christi no Centro. Para atender essa demanda ser\u00e3o realizadas algumas interdi\u00e7\u00f5es de via.<\/p>\n<p><strong>Para a confec\u00e7\u00e3o de tapetes artesanais ser\u00e3o interditadas as seguintes vias, da 0h \u00e0s 23h<\/strong><\/p>\n<p>\u2013 Avenida Rep\u00fablica do Chile, ambos as pistas, no trecho compreendido entre a Rua do Lavradio e a Rua Senador Dantas<br \/>\u2013 Avenida Almirante Barroso, ambos as pistas, no trecho compreendido entre a Avenida Gra\u00e7a Aranha e a Rua Senador Dantas.<br \/>Itiner\u00e1rio da Prociss\u00e3o:<\/p>\n<p>A prociss\u00e3o seguir\u00e1 o seguinte itiner\u00e1rio: Sa\u00edda da Candel\u00e1ria, segue pela Pra\u00e7a Pio X (Candel\u00e1ria \u2013 concentra\u00e7\u00e3o), Avenida Presidente Vargas, Rio Branco, Avenida Nilo Pe\u00e7anha, Avenida Gra\u00e7a Aranha, Avenida Almirante Barroso, Avenida Rep\u00fablica do Chile, 245 (Catedral Metropolitana de S\u00e3o Sebasti\u00e3o do Rio de Janeiro \u2013 dispers\u00e3o), das 16h \u00e0s 17h.<\/p>\n<p><strong>Interdi\u00e7\u00f5es para concentra\u00e7\u00e3o e deslocamento da prociss\u00e3o, das 14h30 \u00e0s 17h<\/strong><\/p>\n<p>\u2013 Avenida Presidente Vargas, pistas central e lateral sentido Candel\u00e1ria, no trecho compreendido entre a Avenida Passos e a Rua Primeiro de Mar\u00e7o<br \/>\u2013 Avenida Rio Branco, no trecho compreendido entre a Avenida Presidente Vargas e a Avenida Almirante Barroso<br \/>\u2013 Pra\u00e7a Pio X, pista no sentido Candel\u00e1ria, no trecho compreendido entre a Avenida Rio Branco e a Rua Primeiro de Mar\u00e7o<br \/>\u2013 Avenida Almirante Barroso, pista sentido Largo da Carioca, no trecho compreendido entre a Avenida Gra\u00e7a Aranha e a Avenida Presidente Ant\u00f4nio Carlos<br \/>\u2013 Rua da Alf\u00e2ndega, no trecho compreendido entre a Rua Primeiro de Mar\u00e7o e a Avenida Rio Branco<br \/>\u2013 Rua Buenos Aires, no trecho compreendido entre a Rua Primeiro de Mar\u00e7o e a Avenida Rio Branco<br \/>\u2013 Rua do Ros\u00e1rio, no trecho compreendido entre a Rua Primeiro de Mar\u00e7o e a Avenida Rio Branco<br \/>\u2013 Rua do Ouvidor, no trecho compreendido entre a Rua Primeiro de Mar\u00e7o e a Avenida Rio Branco<br \/>\u2013 Rua da Assembleia, no trecho compreendido entre a Rua da Carioca e a Avenida Rio Branco<br \/>\u2013 Rua S\u00e3o Jos\u00e9, no trecho compreendido entre a Rua Primeiro de Mar\u00e7o e a Avenida Rio Branco<\/p>\n<p><strong>Ser\u00e1 proibido o estacionamento nas seguintes vias, da 0h \u00e0s 23h<\/strong><\/p>\n<p>\u2013 Avenida Presidente Vargas, pistas central e lateral sentido Candel\u00e1ria, no trecho compreendido entre a Avenida Passos e a Rua Primeiro de Mar\u00e7o<br \/>\u2013 Avenida Rio Branco, no trecho compreendido entre a Avenida Presidente Vargas e a Avenida Almirante Barroso<br \/>\u2013 Pra\u00e7a Pio X, pista no sentido Candel\u00e1ria, no trecho compreendido entre a Avenida Rio Branco e a Rua Primeiro de Mar\u00e7o<br \/>\u2013 Avenida Almirante Barroso, ambas as pistas, no trecho compreendido entre a Avenida Gra\u00e7a Aranha e a Rua Senador Dantas<br \/>\u2013 Rua da Alf\u00e2ndega, no trecho compreendido entre a Rua Primeiro de Mar\u00e7o e a Avenida Rio Branco<br \/>\u2013 Rua Buenos Aires, no trecho compreendido entre a Rua Primeiro de Mar\u00e7o e a Avenida Rio Branco<br \/>\u2013 Rua do Ros\u00e1rio, no trecho compreendido entre a Rua Primeiro de Mar\u00e7o e a Avenida Rio Branco<br \/>\u2013 Rua do Ouvidor, no trecho compreendido entre a Rua Primeiro de Mar\u00e7o e a Avenida Rio Branco<br \/>\u2013 Rua da Assembl\u00e9ia, no trecho compreendido entre a Rua da Carioca e a Avenida Rio Branco<br \/>\u2013 Rua S\u00e3o Jos\u00e9, no trecho compreendido entre a Rua Primeiro de Mar\u00e7o e a Avenida Rio Branco<br \/>\u2013 Pra\u00e7a Pio X, em toda a sua extens\u00e3o<br \/>\u2013 Avenida Rep\u00fablica do Chile, ambos as pistas, no trecho compreendido entre a Rua do Lavradio e a Rua Senador Dantas<\/p>\n<p>Ser\u00e1 suspenso o funcionamento dos pontos terminais de \u00f4nibus existentes na Avenida Rep\u00fablica do Chile, em ambos os sentidos, na quinta-feira, da 0h \u00e0s 23h.<\/p>\n<p>Para minimizar os impactos ao tr\u00e1fego e orientar os motoristas no dia do evento, agentes da Guarda Municipal e da CET-Rio estar\u00e3o no local.<\/p>\n<p>             <!-- Compartilhe ---><\/p>\n<p>\t\t\t <!-- TAGS --><\/p>\n<section class=\"category-tags\">\n<div class=\"marcacao-category\">\n<article class=\"category-post\">\n<p>Categoria: <\/p>\n<\/article>\n<li>28 de maio de 2024<\/li><\/div>\n<article class=\"tags\">\n\t\t\t\t\tMarca\u00e7\u00f5es: centro CET-Rio Corpus Christi evento religioso interdi\u00e7\u00f5es tr\u00e2nsito<br \/><\/article>\n<\/section>\n<p>            <!-- Mais Not&iacute;cias --><\/p>\n<p>\t\t<!-- Conte&uacute;do SIDEBAR --><\/p><\/div>\n<\/p><\/div>\n","protected":false},"excerpt":{"rendered":"<p>A CET-Rio informa que nesta quinta-feira (30\/5) ocorrer\u00e1 evento religioso de Corpus Christi no Centro&#8230;.<\/p>\n","protected":false},"author":2,"featured_media":0,"comment_status":"open","ping_status":"open","sticky":false,"template":"","format":"standard","meta":{"footnotes":""},"categories":[],"tags":[],"class_list":["post-9566","post","type-post","status-publish","format-standard","hentry"],"amp_enabled":true,"_links":{"self":[{"href":"https:\/\/ipatingafc.com.br\/index.php\/wp-json\/wp\/v2\/posts\/9566","targetHints":{"allow":["GET"]}}],"collection":[{"href":"https:\/\/ipatingafc.com.br\/index.php\/wp-json\/wp\/v2\/posts"}],"about":[{"href":"https:\/\/ipatingafc.com.br\/index.php\/wp-json\/wp\/v2\/types\/post"}],"author":[{"embeddable":true,"href":"https:\/\/ipatingafc.com.br\/index.php\/wp-json\/wp\/v2\/users\/2"}],"replies":[{"embeddable":true,"href":"https:\/\/ipatingafc.com.br\/index.php\/wp-json\/wp\/v2\/comments?post=9566"}],"version-history":[{"count":0,"href":"https:\/\/ipatingafc.com.br\/index.php\/wp-json\/wp\/v2\/posts\/9566\/revisions"}],"wp:attachment":[{"href":"https:\/\/ipatingafc.com.br\/index.php\/wp-json\/wp\/v2\/media?parent=9566"}],"wp:term":[{"taxonomy":"category","embeddable":true,"href":"https:\/\/ipatingafc.com.br\/index.php\/wp-json\/wp\/v2\/categories?post=9566"},{"taxonomy":"post_tag","embeddable":true,"href":"https:\/\/ipatingafc.com.br\/index.php\/wp-json\/wp\/v2\/tags?post=9566"}],"curies":[{"name":"wp","href":"https:\/\/api.w.org\/{rel}","templated":true}]}}