{"id":9575,"date":"2024-05-28T12:57:29","date_gmt":"2024-05-28T15:57:29","guid":{"rendered":"https:\/\/ipatingafc.com.br\/index.php\/2024\/05\/28\/fechamento-do-tunel-santa-barbara-tera-horario-alterado-prefeitura-da-cidade-do-rio-de-janeiro\/"},"modified":"2024-05-28T12:57:29","modified_gmt":"2024-05-28T15:57:29","slug":"fechamento-do-tunel-santa-barbara-tera-horario-alterado-prefeitura-da-cidade-do-rio-de-janeiro","status":"publish","type":"post","link":"https:\/\/ipatingafc.com.br\/index.php\/2024\/05\/28\/fechamento-do-tunel-santa-barbara-tera-horario-alterado-prefeitura-da-cidade-do-rio-de-janeiro\/","title":{"rendered":"Fechamento do T\u00fanel Santa B\u00e1rbara ter\u00e1 hor\u00e1rio alterado &#8211; Prefeitura da Cidade do Rio de Janeiro"},"content":{"rendered":"<p><\/p>\n<div id=\"main\">\n<div class=\"wrapper-breadcrumbs\" wp_automatic_readability=\"29.77052238806\">\n<div class=\"image-post\" wp_automatic_readability=\"33\">\n                     <img loading=\"lazy\" decoding=\"async\" width=\"799\" height=\"533\" srcset=\"https:\/\/prefeitura.rio\/wp-content\/uploads\/2023\/06\/52576084278_f510035849_c-1.jpg 799w, https:\/\/prefeitura.rio\/wp-content\/uploads\/2023\/06\/52576084278_f510035849_c-1-360x240.jpg 360w, https:\/\/prefeitura.rio\/wp-content\/uploads\/2023\/06\/52576084278_f510035849_c-1-600x400.jpg 600w, https:\/\/prefeitura.rio\/wp-content\/uploads\/2023\/06\/52576084278_f510035849_c-1-768x512.jpg 768w\" src=\"https:\/\/prefeitura.rio\/wp-content\/uploads\/2023\/06\/52576084278_f510035849_c-1.jpg\" class=\"attachment-post-thumbnail size-post-thumbnail wp-post-image lazyload\" alt=\"\" sizes=\"auto, (max-width: 799px) 100vw, 799px\"\/>T\u00fanel Santa B\u00e1rbara ser\u00e1 interditado para obras de revitaliza\u00e7\u00e3o- Marcos de Paula\/Prefeitura do Rio                  <\/div>\n<p>A CET-Rio informa que, em fun\u00e7\u00e3o do jogo do Flamengo programado para a noite desta ter\u00e7a-feira (28\/5), no Est\u00e1dio do Maracan\u00e3, o fechamento do T\u00fanel Santa B\u00e1rbara, no sentido Laranjeiras, anteriormente programado para iniciar \u00e0s 22h, ter\u00e1 seu in\u00edcio \u00e0 0h30. O t\u00e9rmino das obras de revitaliza\u00e7\u00e3o est\u00e1 previsto para as 5h30.<\/p>\n<p>A galeria no sentido Santo Cristo funcionar\u00e1 normalmente.<\/p>\n<p><strong>Fechamento do T\u00fanel Rebou\u00e7as<\/strong><\/p>\n<p>O T\u00fanel Rebou\u00e7as ser\u00e1 fechado, no sentido Centro, da 0h30 \u00e0s 5h, para servi\u00e7os de manuten\u00e7\u00e3o. As galerias de sentido oposto funcionar\u00e3o com uma faixa revers\u00edvel (da esquerda), no sentido Centro, e duas faixas de tr\u00e2nsito no sentido Lagoa.<\/p>\n<p>Nos dois servi\u00e7os, sinaliza\u00e7\u00e3o espec\u00edfica ser\u00e1 instalada para orientar e alertar os motoristas. Operadores da CET-Rio v\u00e3o monitorar as condi\u00e7\u00f5es do tr\u00e2nsito e atuar, se necess\u00e1rio. Os tempos dos sinais ser\u00e3o ajustados para melhorar a fluidez da rota de desvio e nos principais corredores da regi\u00e3o.<\/p>\n<p>Esta programa\u00e7\u00e3o poder\u00e1 ser suspensa devido a condi\u00e7\u00f5es clim\u00e1ticas ou a quest\u00f5es operacionais da cidade.<\/p>\n<p>             <!-- Compartilhe ---><\/p>\n<p>\t\t\t <!-- TAGS --><\/p>\n<section class=\"category-tags\">\n<div class=\"marcacao-category\">\n<article class=\"category-post\">\n<p>Categoria: <\/p>\n<\/article>\n<li>28 de maio de 2024<\/li><\/div>\n<article class=\"tags\">\n\t\t\t\t\tMarca\u00e7\u00f5es: CET-Rio interdi\u00e7\u00f5es manuten\u00e7\u00e3o obras de revitaliza\u00e7\u00e3o tr\u00e2nsito t\u00fanel rebou\u00e7as T\u00fanel Santa B\u00e1rbara<br \/><\/article>\n<\/section>\n<p>            <!-- Mais Not&iacute;cias --><\/p>\n<p>\t\t<!-- Conte&uacute;do SIDEBAR --><\/p><\/div>\n<\/p><\/div>\n","protected":false},"excerpt":{"rendered":"<p>T\u00fanel Santa B\u00e1rbara ser\u00e1 interditado para obras de revitaliza\u00e7\u00e3o- Marcos de Paula\/Prefeitura do Rio A&#8230;<\/p>\n","protected":false},"author":2,"featured_media":0,"comment_status":"open","ping_status":"open","sticky":false,"template":"","format":"standard","meta":{"footnotes":""},"categories":[],"tags":[],"class_list":["post-9575","post","type-post","status-publish","format-standard","hentry"],"amp_enabled":true,"_links":{"self":[{"href":"https:\/\/ipatingafc.com.br\/index.php\/wp-json\/wp\/v2\/posts\/9575","targetHints":{"allow":["GET"]}}],"collection":[{"href":"https:\/\/ipatingafc.com.br\/index.php\/wp-json\/wp\/v2\/posts"}],"about":[{"href":"https:\/\/ipatingafc.com.br\/index.php\/wp-json\/wp\/v2\/types\/post"}],"author":[{"embeddable":true,"href":"https:\/\/ipatingafc.com.br\/index.php\/wp-json\/wp\/v2\/users\/2"}],"replies":[{"embeddable":true,"href":"https:\/\/ipatingafc.com.br\/index.php\/wp-json\/wp\/v2\/comments?post=9575"}],"version-history":[{"count":0,"href":"https:\/\/ipatingafc.com.br\/index.php\/wp-json\/wp\/v2\/posts\/9575\/revisions"}],"wp:attachment":[{"href":"https:\/\/ipatingafc.com.br\/index.php\/wp-json\/wp\/v2\/media?parent=9575"}],"wp:term":[{"taxonomy":"category","embeddable":true,"href":"https:\/\/ipatingafc.com.br\/index.php\/wp-json\/wp\/v2\/categories?post=9575"},{"taxonomy":"post_tag","embeddable":true,"href":"https:\/\/ipatingafc.com.br\/index.php\/wp-json\/wp\/v2\/tags?post=9575"}],"curies":[{"name":"wp","href":"https:\/\/api.w.org\/{rel}","templated":true}]}}