{"id":9601,"date":"2024-05-28T22:30:47","date_gmt":"2024-05-29T01:30:47","guid":{"rendered":"https:\/\/ipatingafc.com.br\/index.php\/2024\/05\/28\/agencia-minas-gerais-pocos-de-caldas-tera-novo-presidio-com-capacidade-para-628-presos\/"},"modified":"2024-05-28T22:30:47","modified_gmt":"2024-05-29T01:30:47","slug":"agencia-minas-gerais-pocos-de-caldas-tera-novo-presidio-com-capacidade-para-628-presos","status":"publish","type":"post","link":"https:\/\/ipatingafc.com.br\/index.php\/2024\/05\/28\/agencia-minas-gerais-pocos-de-caldas-tera-novo-presidio-com-capacidade-para-628-presos\/","title":{"rendered":"Ag\u00eancia Minas Gerais | Po\u00e7os de Caldas ter\u00e1 novo pres\u00eddio\u00a0com capacidade para 628 presos"},"content":{"rendered":"<p><\/p>\n<div>\n<p>A pedra fundamental que marca o in\u00edcio simb\u00f3lico da constru\u00e7\u00e3o de uma nova unidade prisional foi lan\u00e7ada nesta ter\u00e7a-feira (28\/5), em Po\u00e7os de Caldas, no Sul do estado, em um terreno localizado na BR-146, entre a cidade e o munic\u00edpio de Andradas. As obras come\u00e7am no pr\u00f3ximo m\u00eas.<\/p>\n<p>O novo pres\u00eddio, com capacidade para 628 vagas, ser\u00e1 refer\u00eancia em tecnologia, automa\u00e7\u00e3o e ressocializa\u00e7\u00e3o e \u00e9 fruto de um termo de compromisso firmado entre o Governo de Minas, o Minist\u00e9rio P\u00fablico e a empresa Vale. Ap\u00f3s a inaugura\u00e7\u00e3o, a antiga unidade prisional de Po\u00e7os de Caldas ser\u00e1 desativada.\u00a0\u00a0<\/p>\n<p>\u201cEste \u00e9 um dia muito importante, pois esta obra significa um novo e importante equipamento, que auxilia na realiza\u00e7\u00e3o do ciclo completo da seguran\u00e7a p\u00fablica\u201d, destacou o diretor-geral do Departamento Penitenci\u00e1rio de Minas Gerais (Depen-MG), Leonardo Badar\u00f3. \u201cNessa futura unidade prisional, ser\u00e1 ofertada mais seguran\u00e7a para os servidores e a popula\u00e7\u00e3o. Para os presos, haver\u00e1 mais possibilidades de ressocializa\u00e7\u00e3o\u201d, concluiu.<\/p>\n<p><b>\u00a0<\/b>O projeto do novo pres\u00eddio foi desenvolvido pela Vale em parceria com o Depen-MG e a Subsecretaria de Gest\u00e3o Administrativa, Log\u00edstica e Tecnologia (Sulot), da Secretaria de Estado de Justi\u00e7a e Seguran\u00e7a P\u00fablica (Sejusp). Ap\u00f3s a conclus\u00e3o das obras, a administra\u00e7\u00e3o da unidade ser\u00e1 de responsabilidade do Governo de Minas e seguir\u00e1 todas as normas e procedimentos do Departamento Penitenci\u00e1rio do Estado.<\/p>\n<p>Para o diretor de Projetos de Valor Social Sul e Sudeste da Vale, Rog\u00e9rio Galv\u00e3o, o projeto foi muito bem recebido pela comunidade, pois houve uma prospec\u00e7\u00e3o t\u00e9cnica que tornou extremamente vi\u00e1vel a implanta\u00e7\u00e3o do pres\u00eddio. \u201cO munic\u00edpio nos recebeu de portas totalmente abertas, portanto, \u00e9 com muita honra e satisfa\u00e7\u00e3o que estamos lan\u00e7ando esta pedra fundamental. Obras sempre trazem alguns impactos, mas estamos com uma equipe que faz uma escuta ativa, tentando trazer o menor impacto para a cidade e absorver m\u00e3o de obra local\u201d, explica o diretor.<\/p>\n<p><b>Mais seguran\u00e7a<\/b><\/p>\n<p>A constru\u00e7\u00e3o do pres\u00eddio de Po\u00e7os de Caldas \u00e9 parte do termo de compromisso firmado entre Governo de Minas, Minist\u00e9rio P\u00fablico a Vale que busca garantir a seguran\u00e7a de servidores, presos e visitantes de sete unidades prisionais pr\u00f3ximas a barragens. Algumas precisaram ser desativadas e, com isso, a Vale se comprometeu a realizar a constru\u00e7\u00e3o de dois pres\u00eddios.<\/p>\n<p>O primeiro deles teve a pedra fundamental lan\u00e7ada em maio de 2023, na cidade de Lavras, tamb\u00e9m no Sul do Estado. J\u00e1 foram executados 31% da obra da unidade: a terraplenagem, a drenagem, os po\u00e7os artesianos, o repotenciamento de rede el\u00e9trica e, ainda, a rede de abastecimento de \u00e1gua.\u00a0 Est\u00e3o em execu\u00e7\u00e3o as obras do acesso vi\u00e1rio ao pres\u00eddio, e em mobiliza\u00e7\u00e3o para o in\u00edcio das obras das edifica\u00e7\u00f5es.<\/p>\n<p>\u00a0<\/p>\n<\/p><\/div>\n","protected":false},"excerpt":{"rendered":"<p>A pedra fundamental que marca o in\u00edcio simb\u00f3lico da constru\u00e7\u00e3o de uma nova unidade prisional&#8230;<\/p>\n","protected":false},"author":2,"featured_media":0,"comment_status":"open","ping_status":"open","sticky":false,"template":"","format":"standard","meta":{"footnotes":""},"categories":[],"tags":[],"class_list":["post-9601","post","type-post","status-publish","format-standard","hentry"],"amp_enabled":true,"_links":{"self":[{"href":"https:\/\/ipatingafc.com.br\/index.php\/wp-json\/wp\/v2\/posts\/9601","targetHints":{"allow":["GET"]}}],"collection":[{"href":"https:\/\/ipatingafc.com.br\/index.php\/wp-json\/wp\/v2\/posts"}],"about":[{"href":"https:\/\/ipatingafc.com.br\/index.php\/wp-json\/wp\/v2\/types\/post"}],"author":[{"embeddable":true,"href":"https:\/\/ipatingafc.com.br\/index.php\/wp-json\/wp\/v2\/users\/2"}],"replies":[{"embeddable":true,"href":"https:\/\/ipatingafc.com.br\/index.php\/wp-json\/wp\/v2\/comments?post=9601"}],"version-history":[{"count":0,"href":"https:\/\/ipatingafc.com.br\/index.php\/wp-json\/wp\/v2\/posts\/9601\/revisions"}],"wp:attachment":[{"href":"https:\/\/ipatingafc.com.br\/index.php\/wp-json\/wp\/v2\/media?parent=9601"}],"wp:term":[{"taxonomy":"category","embeddable":true,"href":"https:\/\/ipatingafc.com.br\/index.php\/wp-json\/wp\/v2\/categories?post=9601"},{"taxonomy":"post_tag","embeddable":true,"href":"https:\/\/ipatingafc.com.br\/index.php\/wp-json\/wp\/v2\/tags?post=9601"}],"curies":[{"name":"wp","href":"https:\/\/api.w.org\/{rel}","templated":true}]}}