{"id":9617,"date":"2024-05-29T08:03:15","date_gmt":"2024-05-29T11:03:15","guid":{"rendered":"https:\/\/ipatingafc.com.br\/index.php\/2024\/05\/29\/mutirao-de-empregos-edicao-especial-mes-do-trabalhador-proporciona-25-mil-vagas-de-trabalho-aos-participantes-agencia-de-noticias\/"},"modified":"2024-05-29T08:03:15","modified_gmt":"2024-05-29T11:03:15","slug":"mutirao-de-empregos-edicao-especial-mes-do-trabalhador-proporciona-25-mil-vagas-de-trabalho-aos-participantes-agencia-de-noticias","status":"publish","type":"post","link":"https:\/\/ipatingafc.com.br\/index.php\/2024\/05\/29\/mutirao-de-empregos-edicao-especial-mes-do-trabalhador-proporciona-25-mil-vagas-de-trabalho-aos-participantes-agencia-de-noticias\/","title":{"rendered":"Mutir\u00e3o de Empregos edi\u00e7\u00e3o especial \u201cM\u00eas do Trabalhador\u201d proporciona 2,5 mil vagas de trabalho aos participantes \u2013 Ag\u00eancia de Not\u00edcias"},"content":{"rendered":"<p><\/p>\n<div wp_automatic_readability=\"31\">\n<div class=\"col\" wp_automatic_readability=\"7\">\n<p class=\"mt-0\">\n                        <strong><br \/>\n                            <span class=\"far fa-calendar mr-1 mt-2\"\/><br \/>\n                            28 de maio de 2024<br \/>\n                            <span class=\"far fa-clock ml-3 mt-2\"\/><br \/>\n                            17:39<br \/>\n                        <\/strong>\n                    <\/p>\n<p class=\"mb-0\">Por: <strong>Lu\u00eds Gustavo Adabro<\/strong><\/p>\n<\/p><\/div>\n<\/p><\/div>\n<div wp_automatic_readability=\"93\">\n<p><img loading=\"lazy\" decoding=\"async\" class=\"aligncenter size-large wp-image-139137\" src=\"http:\/\/noticias.sorocaba.sp.gov.br\/wp-content\/uploads\/2024\/05\/noticias.sorocaba.sp.gov.br-mutirao-de-empregos-edicao-especial-mes-do-trabalhador-proporciona-25-mil-vagas-de-trabalho-aos-participantes-img_8865-1024x683.jpg\" alt=\"\" width=\"1024\" height=\"683\" srcset=\"https:\/\/noticias.sorocaba.sp.gov.br\/wp-content\/uploads\/2024\/05\/noticias.sorocaba.sp.gov.br-mutirao-de-empregos-edicao-especial-mes-do-trabalhador-proporciona-25-mil-vagas-de-trabalho-aos-participantes-img_8865-1024x683.jpg 1024w, https:\/\/noticias.sorocaba.sp.gov.br\/wp-content\/uploads\/2024\/05\/noticias.sorocaba.sp.gov.br-mutirao-de-empregos-edicao-especial-mes-do-trabalhador-proporciona-25-mil-vagas-de-trabalho-aos-participantes-img_8865-300x200.jpg 300w, https:\/\/noticias.sorocaba.sp.gov.br\/wp-content\/uploads\/2024\/05\/noticias.sorocaba.sp.gov.br-mutirao-de-empregos-edicao-especial-mes-do-trabalhador-proporciona-25-mil-vagas-de-trabalho-aos-participantes-img_8865-768x512.jpg 768w\" sizes=\"auto, (max-width: 1024px) 100vw, 1024px\"\/><\/p>\n<p>O 27\u00ba Mutir\u00e3o de Empregos Sorocaba \u201cEdi\u00e7\u00e3o especial M\u00eas do Trabalhador\u201d, realizado nesta ter\u00e7a-feira (28), no Parque Tecnol\u00f3gico de Sorocaba (PTS), disponibilizou com 2,5 mil vagas de trabalho aos participantes no local. O evento \u00e9 realizado pela Prefeitura de Sorocaba, por meio da Secretaria de Rela\u00e7\u00f5es do Trabalho e Qualifica\u00e7\u00e3o Profissional (Sert), com o apoio da Secretaria de Governo (Segov), da Secretaria de Comunica\u00e7\u00e3o (Secom) e do PTS.<\/p>\n<p>Ao todo, foram atendidas 750 pessoas, sendo que n\u00famero muito pr\u00f3ximo foi encaminhado para as vagas de emprego e, ainda, alguns candidatos para mais de uma oportunidade de trabalho. Al\u00e9m das vagas oferecidas pelo PAT (Posto de Atendimento ao Trabalhador), pelas ag\u00eancias e empresas, que somaram mais de 52 presentes no evento, os participantes puderam se inscrever em cursos gratuitos de capacita\u00e7\u00e3o profissional e participar de palestras motivacionais.<\/p>\n<p>Pela primeira vez, Gislaine Lopes Andrade, de 38 anos, participou do programa municipal. Ap\u00f3s 12 anos fora do mercado de trabalho, ela foi encaminhada pelo PAT, para uma vaga na \u00e1rea de seguran\u00e7a de trabalho. \u201cFui muito bem atendida pela equipe da Prefeitura de Sorocaba que fez o Mutir\u00e3o de Emprego acontecer. J\u00e1 irei fazer a entrevista no dia 3 de julho\u201d, disse.<\/p>\n<p>Ainda, durante a 27\u00aa edi\u00e7\u00e3o do Mutir\u00e3o de Empregos Sorocaba, as pessoas presentes poder\u00e3o participar de uma palestra com o tema \u201cTr\u00eas pilares para ter sucesso em qualquer profiss\u00e3o\u201d, ministrada pela palestrante, empres\u00e1ria h\u00e1 mais de 30 anos e autora do livro \u201cA Hora Extraordin\u00e1ria\u201d, Lilian Bertin.<\/p>\n<p>\u201cEstou muito feliz! Fui encaminhado para uma vaga de ajudante de carga e descarga. Essa vaga vai me ajudar bastante, pois estava trabalhando como motoboy aut\u00f4nomo. Hoje mesmo farei a entrevista\u201d comemorou Anderson Duarte, de 46 anos.<\/p>\n<p>O \u201cMutir\u00e3o de Empregos\u201d, programa criado na atual Gest\u00e3o, chegou \u00e0 sua 27\u00aa edi\u00e7\u00e3o em maio. Trata-se de um evento que ocorre mensalmente e j\u00e1 encaminhou mais de 31, 3 mil pessoas para vagas de empregos, sendo um facilitador \u00e0queles que buscam uma oportunidade de trabalho ou est\u00e1gio, por meio de parceria com ag\u00eancias de recrutamento e sele\u00e7\u00e3o, empresas e o pr\u00f3prio Posto de Atendimento ao Trabalhador, ligado \u00e0 Sert.<\/p>\n<p><!-- Root element of PhotoSwipe. Must have class pswp. --><\/p><\/div>\n","protected":false},"excerpt":{"rendered":"<p>28 de maio de 2024 17:39 Por: Lu\u00eds Gustavo Adabro O 27\u00ba Mutir\u00e3o de Empregos&#8230;<\/p>\n","protected":false},"author":2,"featured_media":0,"comment_status":"open","ping_status":"open","sticky":false,"template":"","format":"standard","meta":{"footnotes":""},"categories":[],"tags":[],"class_list":["post-9617","post","type-post","status-publish","format-standard","hentry"],"amp_enabled":true,"_links":{"self":[{"href":"https:\/\/ipatingafc.com.br\/index.php\/wp-json\/wp\/v2\/posts\/9617","targetHints":{"allow":["GET"]}}],"collection":[{"href":"https:\/\/ipatingafc.com.br\/index.php\/wp-json\/wp\/v2\/posts"}],"about":[{"href":"https:\/\/ipatingafc.com.br\/index.php\/wp-json\/wp\/v2\/types\/post"}],"author":[{"embeddable":true,"href":"https:\/\/ipatingafc.com.br\/index.php\/wp-json\/wp\/v2\/users\/2"}],"replies":[{"embeddable":true,"href":"https:\/\/ipatingafc.com.br\/index.php\/wp-json\/wp\/v2\/comments?post=9617"}],"version-history":[{"count":0,"href":"https:\/\/ipatingafc.com.br\/index.php\/wp-json\/wp\/v2\/posts\/9617\/revisions"}],"wp:attachment":[{"href":"https:\/\/ipatingafc.com.br\/index.php\/wp-json\/wp\/v2\/media?parent=9617"}],"wp:term":[{"taxonomy":"category","embeddable":true,"href":"https:\/\/ipatingafc.com.br\/index.php\/wp-json\/wp\/v2\/categories?post=9617"},{"taxonomy":"post_tag","embeddable":true,"href":"https:\/\/ipatingafc.com.br\/index.php\/wp-json\/wp\/v2\/tags?post=9617"}],"curies":[{"name":"wp","href":"https:\/\/api.w.org\/{rel}","templated":true}]}}